{"id":70042,"date":"2017-11-25T09:42:12","date_gmt":"2017-11-25T12:42:12","guid":{"rendered":"http:\/\/www.hoymercedes.com.ar\/principal\/?p=70042"},"modified":"2017-11-24T22:46:49","modified_gmt":"2017-11-25T01:46:49","slug":"continua-obra-de-ampliacion-del-jardin-primera-infancia-barrio-san-martin","status":"publish","type":"post","link":"https:\/\/www.hoymercedes.com.ar\/principal\/2017\/11\/25\/continua-obra-de-ampliacion-del-jardin-primera-infancia-barrio-san-martin\/","title":{"rendered":"Contin\u00faa obra de ampliaci\u00f3n del Jard\u00edn &#8211; Primera Infancia Barrio San Mart\u00edn"},"content":{"rendered":"<figure id=\"attachment_70044\" aria-describedby=\"caption-attachment-70044\" style=\"width: 710px\" class=\"wp-caption aligncenter\"><img loading=\"lazy\" decoding=\"async\" data-attachment-id=\"70044\" data-permalink=\"https:\/\/www.hoymercedes.com.ar\/principal\/2017\/11\/25\/continua-obra-de-ampliacion-del-jardin-primera-infancia-barrio-san-martin\/dsc_0015-2\/#main\" data-orig-file=\"https:\/\/www.hoymercedes.com.ar\/principal\/wp-content\/uploads\/2017\/11\/DSC_0015.jpg\" data-orig-size=\"720,481\" data-comments-opened=\"0\" data-image-meta=\"{&quot;aperture&quot;:&quot;0&quot;,&quot;credit&quot;:&quot;&quot;,&quot;camera&quot;:&quot;&quot;,&quot;caption&quot;:&quot;&quot;,&quot;created_timestamp&quot;:&quot;0&quot;,&quot;copyright&quot;:&quot;&quot;,&quot;focal_length&quot;:&quot;0&quot;,&quot;iso&quot;:&quot;0&quot;,&quot;shutter_speed&quot;:&quot;0&quot;,&quot;title&quot;:&quot;&quot;,&quot;orientation&quot;:&quot;0&quot;}\" data-image-title=\"EPI San Martin\" data-image-description=\"\" data-image-caption=\"&lt;p&gt;EPI San Mart\u00edn&lt;\/p&gt;\n\" data-large-file=\"https:\/\/www.hoymercedes.com.ar\/principal\/wp-content\/uploads\/2017\/11\/DSC_0015.jpg\" class=\"size-full wp-image-70044\" src=\"https:\/\/www.hoymercedes.com.ar\/principal\/wp-content\/uploads\/2017\/11\/DSC_0015.jpg\" alt=\"\" width=\"720\" height=\"481\" srcset=\"https:\/\/www.hoymercedes.com.ar\/principal\/wp-content\/uploads\/2017\/11\/DSC_0015.jpg 720w, https:\/\/www.hoymercedes.com.ar\/principal\/wp-content\/uploads\/2017\/11\/DSC_0015-150x100.jpg 150w, https:\/\/www.hoymercedes.com.ar\/principal\/wp-content\/uploads\/2017\/11\/DSC_0015-630x421.jpg 630w\" sizes=\"auto, (max-width: 720px) 100vw, 720px\" \/><figcaption id=\"caption-attachment-70044\" class=\"wp-caption-text\">EPI San Mart\u00edn<\/figcaption><\/figure>\n<p style=\"font-weight: 400;\">El municipio de Mercedes contin\u00faa llevando adelante obras de infraestructura para mejorar y aumentar el confort de nuestros ni\u00f1os. El intendente de nuestra ciudad, Dr. Juan Ignacio Ustarroz, recorri\u00f3 las obras de ampliaci\u00f3n que se vienen realizando en el Jard\u00edn Espacio Primera Infancia del barrio San Mart\u00edn. Adem\u00e1s anunci\u00f3 se licitaran 4 m\u00e1s para muy pronto arrancar las obras.<\/p>\n<p style=\"font-weight: 400;\"><strong>PRIORIZAR LA NI\u00d1EZ<\/strong><\/p>\n<p style=\"font-weight: 400;\">Este fue el primer Jard\u00edn inaugurado durante la gesti\u00f3n, de los cuatro que ya fueron abiertos.\u00a0 En el mismo se est\u00e1n realizando ampliaciones, la cual, una de ellas, es la construcci\u00f3n de una sala que albergar\u00e1 treinta ni\u00f1os m\u00e1s y as\u00ed poder ampliar su matr\u00edcula y seguir dando prestaciones pedagog\u00edas y sanitarias. Adem\u00e1s se est\u00e1 tambi\u00e9n ampliando la cocina donde tambi\u00e9n habr\u00e1 cambio de mobiliarios.<\/p>\n<p style=\"font-weight: 400;\">\u201cEste es uno de los trabajos m\u00e1s importante de la gesti\u00f3n, \u00a0es priorizar la ni\u00f1ez y poder generar m\u00e1s dispositivos y recursos para que la familia, y fundamentalmente la mujer, las mam\u00e1s, para que tenga un lugar donde llevar al ni\u00f1o para poder trabajar o realizar las actividades que requiera o necesite\u201d analiz\u00f3 el intendente Ustarroz mostrando el dispositivo tiene un alto impacto social en el cotidiano de las familias.<\/p>\n<p style=\"font-weight: 400;\"><strong>SIETE JARDINES M\u00c1S<\/strong><\/p>\n<p style=\"font-weight: 400;\">Por otro lado, se\u00f1al\u00f3 \u201ceste a\u00f1o terminamos con cuatro jardines primera infancia y en diciembre ya vamos a hacer una licitaci\u00f3n para ampliar y construir, a nuevos, siete m\u00e1s. La idea es llegar a fines del 2018, principios del 2019, con 11 jardines primera infancia distribuidos en toda la ciudad y zona rural, para poder generar m\u00e1s recursos para los ni\u00f1os\u201d.<\/p>\n<p style=\"font-weight: 400;\">Actualmente asisten chicos de 1 a 3 a\u00f1os los cuales realizan actividades acordes a las edades y se ampl\u00eda a la cuesti\u00f3n asistencial, a lo educativo y a la salud. Los chicos desayunan y se llevan su vianda para almorzar. Tambi\u00e9n se trabaja con m\u00fasica, pl\u00e1stica, actividades psicomotrices y de inteligencia.<\/p>\n<p style=\"font-weight: 400;\">Asimismo, el intendente destac\u00f3 el trabajo que se realiza dentro de los jardines \u201cse los contiene, se los estimula y se trabaja mucho desde lo pedag\u00f3gico y por eso estamos muy felices y contentos\u201d y a\u00f1adi\u00f3 \u201cadem\u00e1s, es lo que nos invita a proyectar y planificar llegar a once jardines de espacio primera infancia\u201d.<\/p>\n<p style=\"font-weight: 400;\"><strong>TRABAJOS A LA VISTA<\/strong><\/p>\n<p style=\"font-weight: 400;\">Todos estos trabajos son parte de un plan integral que tiene el municipio de cuidado de la infancia, donde tambi\u00e9n el Jard\u00edn Maternal \u201cEl Honguito\u201d recibe un fuerte apoyo, con obras, pago de servicios y salarios y acompa\u00f1amiento constante. Otra obra destacada es el Centro de Rehabilitaci\u00f3n Infantil para ni\u00f1os con discapacidad, el CETIM, que funciona en barrio Jos\u00e9 Hern\u00e1ndez y est\u00e1 coordinado por Andrea V\u00e1zquez.<\/p>\n<p><span class=\"embed-youtube\" style=\"text-align:center; display: block;\"><iframe loading=\"lazy\" class=\"youtube-player\" width=\"1200\" height=\"675\" src=\"https:\/\/www.youtube.com\/embed\/Oe3NHojsS8E?version=3&#038;rel=1&#038;showsearch=0&#038;showinfo=1&#038;iv_load_policy=1&#038;fs=1&#038;hl=es-ES&#038;autohide=2&#038;wmode=transparent\" allowfullscreen=\"true\" style=\"border:0;\" sandbox=\"allow-scripts allow-same-origin allow-popups allow-presentation allow-popups-to-escape-sandbox\"><\/iframe><\/span><\/p>\n<p style=\"font-weight: 400;\"><strong>AVANCES<\/strong><\/p>\n<p style=\"font-weight: 400;\">Asimismo, el intendente subray\u00f3 que estas mejoras son para \u201cpoder generar recursos en los sectores que m\u00e1s lo necesitan, y aunque sabemos que falta, estamos contentos con este tipo de avances\u201d.<\/p>\n<p style=\"font-weight: 400;\">\u201cEs mucho el esfuerzo y el trabajo que venimos realizando entre todos y los resultados est\u00e1n a la vista\u201d concluy\u00f3.<\/p>\n<p>&nbsp;<\/p>\n<figure id=\"attachment_70043\" aria-describedby=\"caption-attachment-70043\" style=\"width: 720px\" class=\"wp-caption aligncenter\"><img loading=\"lazy\" decoding=\"async\" data-attachment-id=\"70043\" data-permalink=\"https:\/\/www.hoymercedes.com.ar\/principal\/2017\/11\/25\/continua-obra-de-ampliacion-del-jardin-primera-infancia-barrio-san-martin\/epi\/#main\" data-orig-file=\"https:\/\/www.hoymercedes.com.ar\/principal\/wp-content\/uploads\/2017\/11\/epi.jpg\" data-orig-size=\"730,488\" data-comments-opened=\"0\" data-image-meta=\"{&quot;aperture&quot;:&quot;0&quot;,&quot;credit&quot;:&quot;&quot;,&quot;camera&quot;:&quot;&quot;,&quot;caption&quot;:&quot;&quot;,&quot;created_timestamp&quot;:&quot;0&quot;,&quot;copyright&quot;:&quot;&quot;,&quot;focal_length&quot;:&quot;0&quot;,&quot;iso&quot;:&quot;0&quot;,&quot;shutter_speed&quot;:&quot;0&quot;,&quot;title&quot;:&quot;&quot;,&quot;orientation&quot;:&quot;0&quot;}\" data-image-title=\"epi\" data-image-description=\"\" data-image-caption=\"&lt;p&gt;Obras Espacio Primera Infancia&lt;\/p&gt;\n\" data-large-file=\"https:\/\/www.hoymercedes.com.ar\/principal\/wp-content\/uploads\/2017\/11\/epi.jpg\" class=\"size-full wp-image-70043\" src=\"https:\/\/www.hoymercedes.com.ar\/principal\/wp-content\/uploads\/2017\/11\/epi.jpg\" alt=\"\" width=\"730\" height=\"488\" srcset=\"https:\/\/www.hoymercedes.com.ar\/principal\/wp-content\/uploads\/2017\/11\/epi.jpg 730w, https:\/\/www.hoymercedes.com.ar\/principal\/wp-content\/uploads\/2017\/11\/epi-150x100.jpg 150w, https:\/\/www.hoymercedes.com.ar\/principal\/wp-content\/uploads\/2017\/11\/epi-630x421.jpg 630w\" sizes=\"auto, (max-width: 730px) 100vw, 730px\" \/><figcaption id=\"caption-attachment-70043\" class=\"wp-caption-text\">Obras Espacio Primera Infancia<\/figcaption><\/figure>\n<p>&nbsp;<\/p>\n<p>Fuente: Municipio<\/p>\n","protected":false},"excerpt":{"rendered":"<p>El municipio de Mercedes contin\u00faa llevando adelante obras de infraestructura para mejorar y aumentar el confort de nuestros ni\u00f1os. El &#8230; <a title=\"Contin\u00faa obra de ampliaci\u00f3n del Jard\u00edn &#8211; Primera Infancia Barrio San Mart\u00edn\" class=\"read-more\" href=\"https:\/\/www.hoymercedes.com.ar\/principal\/2017\/11\/25\/continua-obra-de-ampliacion-del-jardin-primera-infancia-barrio-san-martin\/\" aria-label=\"Leer m\u00e1s sobre Contin\u00faa obra de ampliaci\u00f3n del Jard\u00edn &#8211; Primera Infancia Barrio San Mart\u00edn\">Leer m\u00e1s<\/a><\/p>\n","protected":false},"author":1,"featured_media":70045,"comment_status":"closed","ping_status":"open","sticky":false,"template":"","format":"standard","meta":{"_monsterinsights_skip_tracking":false,"_monsterinsights_sitenote_active":false,"_monsterinsights_sitenote_note":"","_monsterinsights_sitenote_category":0,"jetpack_post_was_ever_published":false,"_jetpack_newsletter_access":"","_jetpack_dont_email_post_to_subs":false,"_jetpack_newsletter_tier_id":0,"_jetpack_memberships_contains_paywalled_content":false,"_jetpack_memberships_contains_paid_content":false,"footnotes":"","jetpack_publicize_message":"","jetpack_publicize_feature_enabled":true,"jetpack_social_post_already_shared":true,"jetpack_social_options":{"image_generator_settings":{"template":"highway","default_image_id":0,"font":"","enabled":false},"version":2},"_wpas_customize_per_network":false},"categories":[30],"tags":[12292,585],"class_list":["post-70042","post","type-post","status-publish","format-standard","has-post-thumbnail","hentry","category-municipio","tag-espacio-primera-infancia-san-martin","tag-juan-ustarroz","generate-columns","tablet-grid-50","mobile-grid-100","grid-parent","grid-50"],"jetpack_publicize_connections":[],"jetpack_featured_media_url":"https:\/\/www.hoymercedes.com.ar\/principal\/wp-content\/uploads\/2017\/11\/DSC_0024.jpg","wps_subtitle":"Gran beneficio a las familias","jetpack_sharing_enabled":true,"_links":{"self":[{"href":"https:\/\/www.hoymercedes.com.ar\/principal\/wp-json\/wp\/v2\/posts\/70042","targetHints":{"allow":["GET"]}}],"collection":[{"href":"https:\/\/www.hoymercedes.com.ar\/principal\/wp-json\/wp\/v2\/posts"}],"about":[{"href":"https:\/\/www.hoymercedes.com.ar\/principal\/wp-json\/wp\/v2\/types\/post"}],"author":[{"embeddable":true,"href":"https:\/\/www.hoymercedes.com.ar\/principal\/wp-json\/wp\/v2\/users\/1"}],"replies":[{"embeddable":true,"href":"https:\/\/www.hoymercedes.com.ar\/principal\/wp-json\/wp\/v2\/comments?post=70042"}],"version-history":[{"count":0,"href":"https:\/\/www.hoymercedes.com.ar\/principal\/wp-json\/wp\/v2\/posts\/70042\/revisions"}],"wp:featuredmedia":[{"embeddable":true,"href":"https:\/\/www.hoymercedes.com.ar\/principal\/wp-json\/wp\/v2\/media\/70045"}],"wp:attachment":[{"href":"https:\/\/www.hoymercedes.com.ar\/principal\/wp-json\/wp\/v2\/media?parent=70042"}],"wp:term":[{"taxonomy":"category","embeddable":true,"href":"https:\/\/www.hoymercedes.com.ar\/principal\/wp-json\/wp\/v2\/categories?post=70042"},{"taxonomy":"post_tag","embeddable":true,"href":"https:\/\/www.hoymercedes.com.ar\/principal\/wp-json\/wp\/v2\/tags?post=70042"}],"curies":[{"name":"wp","href":"https:\/\/api.w.org\/{rel}","templated":true}]}}