{"id":70055,"date":"2017-11-25T07:14:26","date_gmt":"2017-11-25T10:14:26","guid":{"rendered":"http:\/\/www.hoymercedes.com.ar\/principal\/?p=70055"},"modified":"2017-11-25T07:36:30","modified_gmt":"2017-11-25T10:36:30","slug":"entregan-subsidios-a-emprendedores-mercedinos","status":"publish","type":"post","link":"https:\/\/www.hoymercedes.com.ar\/principal\/2017\/11\/25\/entregan-subsidios-a-emprendedores-mercedinos\/","title":{"rendered":"Entregan subsidios a emprendedores mercedinos"},"content":{"rendered":"<p><em><strong>M\u00e1s de doscientos mil pesos fueron entregados a seis vecinas de nuestra ciudad que llevan adelante procesos de micro emprendimientos y artesanado. El encuentro lo encabez\u00f3 el intendente Juan Ignacio Ustarroz junto al Director de Producci\u00f3n, Marcelo Denapole.<\/strong><\/em><\/p>\n<figure id=\"attachment_70056\" aria-describedby=\"caption-attachment-70056\" style=\"width: 620px\" class=\"wp-caption aligncenter\"><img loading=\"lazy\" decoding=\"async\" data-attachment-id=\"70056\" data-permalink=\"https:\/\/www.hoymercedes.com.ar\/principal\/2017\/11\/25\/entregan-subsidios-a-emprendedores-mercedinos\/25-muni-entrega-subsidio-1\/#main\" data-orig-file=\"https:\/\/www.hoymercedes.com.ar\/principal\/wp-content\/uploads\/2017\/11\/25-muni-entrega-subsidio-1.jpg\" data-orig-size=\"750,501\" data-comments-opened=\"0\" data-image-meta=\"{&quot;aperture&quot;:&quot;0&quot;,&quot;credit&quot;:&quot;&quot;,&quot;camera&quot;:&quot;&quot;,&quot;caption&quot;:&quot;&quot;,&quot;created_timestamp&quot;:&quot;0&quot;,&quot;copyright&quot;:&quot;&quot;,&quot;focal_length&quot;:&quot;0&quot;,&quot;iso&quot;:&quot;0&quot;,&quot;shutter_speed&quot;:&quot;0&quot;,&quot;title&quot;:&quot;&quot;,&quot;orientation&quot;:&quot;0&quot;}\" data-image-title=\"25 muni entrega-subsidio-1\" data-image-description=\"\" data-image-caption=\"&lt;p&gt;Emprendedores locales recibieron subsidios&lt;\/p&gt;\n\" data-large-file=\"https:\/\/www.hoymercedes.com.ar\/principal\/wp-content\/uploads\/2017\/11\/25-muni-entrega-subsidio-1.jpg\" class=\"size-medium wp-image-70056\" src=\"https:\/\/www.hoymercedes.com.ar\/principal\/wp-content\/uploads\/2017\/11\/25-muni-entrega-subsidio-1-630x421.jpg\" alt=\"\" width=\"630\" height=\"421\" srcset=\"https:\/\/www.hoymercedes.com.ar\/principal\/wp-content\/uploads\/2017\/11\/25-muni-entrega-subsidio-1-630x421.jpg 630w, https:\/\/www.hoymercedes.com.ar\/principal\/wp-content\/uploads\/2017\/11\/25-muni-entrega-subsidio-1-150x100.jpg 150w, https:\/\/www.hoymercedes.com.ar\/principal\/wp-content\/uploads\/2017\/11\/25-muni-entrega-subsidio-1.jpg 750w\" sizes=\"auto, (max-width: 630px) 100vw, 630px\" \/><figcaption id=\"caption-attachment-70056\" class=\"wp-caption-text\">Emprendedores locales recibieron subsidios,\u00a0<\/figcaption><\/figure>\n<p>\u00abLa Direcci\u00f3n de Producci\u00f3n a trav\u00e9s de la Oficina de Empleo ha realizado trabajos en varios ejes y uno de ellos tiene que ver con la entrega que vamos a realizar ahora\u00bb\u00a0 cont\u00f3 Marcelo Den\u00e1pole ante los medios destacando que un subsidio es una foto de todo un proceso que se realiza tanto antes como despu\u00e9s en el acompa\u00f1amiento de los vecinos.<\/p>\n<p>Por su parte, quien cumple funciones en la Oficina de Empleos Local, Carolina Galeano, cont\u00f3 que \u201chace mucho que venimos trabajando con los emprendedores a trav\u00e9s del programa Empleo Independiente junto a Javier Lennard desde La Trocha, porque de 6 emprendedores que hoy est\u00e1n recibiendo el beneficio 4 son feriantes de La Trocha y para nosotros es muy importante poder ayudarlos, una de ellas est\u00e1 recibiendo un refinanciamiento, hace un tiempo ya recibi\u00f3 algo y el emprendimiento continua\u201d narr\u00f3.<\/p>\n<p>Por su parte, el intendente Juan Ignacio Ustarroz destac\u00f3 que \u201ccreemos que es muy importante en este contexto poder generar las condiciones y colaborar con nuestros vecinos emprendedores para que puedan realizar su trabajo. En su momento cuando pensamos en la recuperaci\u00f3n de la Trocha tuvimos como eje el poder generar m\u00e1s espacios y m\u00e1s lugares para que los emprendedores tengan las condiciones para poder vender lo que hacen y a trav\u00e9s de este programa apuntalar y acompa\u00f1ar desde lo econ\u00f3mico para aquellos proyectos y emprendimientos encuentren un buen camino. Sabemos que lo que hacen es trabajar y la ciudad lo necesita\u201d sostuvo y coment\u00f3 que por eso es importante seguir realizando actividades culturales, de recreaci\u00f3n, promoviendo el turismo y que cada vez m\u00e1s personas visiten nuestra ciudad<\/p>\n<p>Barconte Liliana, Demattei Graciela, Deambrisio Claudia, Disabato Florencia, P\u00e9rez Patricia, y Vanin M\u00f3nica fueron las beneficiadas por el apoyo que en la sumatoria super\u00f3 los dos cientos mil pesos.<\/p>\n<p>Acompa\u00f1aron a las vecinas el personal de la Oficina de Empleo, el coordinador de La Trocha, Javier Lennard, el director Marcelo Den\u00e1pole y el intendente Juan Ignacio Ustarroz. Las mercedinas destacaron la importancia de seguir contando con la presencia y el apoyo del Estado Municipal gestionando distintos beneficio para la generaci\u00f3n de auto empleo.<\/p>\n<p>Fuente: Prensa Municipal<\/p>\n","protected":false},"excerpt":{"rendered":"<p>M\u00e1s de doscientos mil pesos fueron entregados a seis vecinas de nuestra ciudad que llevan adelante procesos de micro emprendimientos &#8230; <a title=\"Entregan subsidios a emprendedores mercedinos\" class=\"read-more\" href=\"https:\/\/www.hoymercedes.com.ar\/principal\/2017\/11\/25\/entregan-subsidios-a-emprendedores-mercedinos\/\" aria-label=\"Leer m\u00e1s sobre Entregan subsidios a emprendedores mercedinos\">Leer m\u00e1s<\/a><\/p>\n","protected":false},"author":1,"featured_media":70056,"comment_status":"closed","ping_status":"open","sticky":false,"template":"","format":"standard","meta":{"_monsterinsights_skip_tracking":false,"_monsterinsights_sitenote_active":false,"_monsterinsights_sitenote_note":"","_monsterinsights_sitenote_category":0,"jetpack_post_was_ever_published":false,"_jetpack_newsletter_access":"","_jetpack_dont_email_post_to_subs":false,"_jetpack_newsletter_tier_id":0,"_jetpack_memberships_contains_paywalled_content":false,"_jetpack_memberships_contains_paid_content":false,"footnotes":"","jetpack_publicize_message":"","jetpack_publicize_feature_enabled":true,"jetpack_social_post_already_shared":false,"jetpack_social_options":{"image_generator_settings":{"template":"highway","default_image_id":0,"font":"","enabled":false},"version":2},"_wpas_customize_per_network":false},"categories":[30],"tags":[4939,12228,10,244,285],"class_list":["post-70055","post","type-post","status-publish","format-standard","has-post-thumbnail","hentry","category-municipio","tag-direccion-de-produccion","tag-emprendimientos","tag-mercedes","tag-municipio-2","tag-subsidios","generate-columns","tablet-grid-50","mobile-grid-100","grid-parent","grid-50"],"jetpack_publicize_connections":[],"jetpack_featured_media_url":"https:\/\/www.hoymercedes.com.ar\/principal\/wp-content\/uploads\/2017\/11\/25-muni-entrega-subsidio-1.jpg","wps_subtitle":"Aporte de Producci\u00f3n","jetpack_sharing_enabled":true,"_links":{"self":[{"href":"https:\/\/www.hoymercedes.com.ar\/principal\/wp-json\/wp\/v2\/posts\/70055","targetHints":{"allow":["GET"]}}],"collection":[{"href":"https:\/\/www.hoymercedes.com.ar\/principal\/wp-json\/wp\/v2\/posts"}],"about":[{"href":"https:\/\/www.hoymercedes.com.ar\/principal\/wp-json\/wp\/v2\/types\/post"}],"author":[{"embeddable":true,"href":"https:\/\/www.hoymercedes.com.ar\/principal\/wp-json\/wp\/v2\/users\/1"}],"replies":[{"embeddable":true,"href":"https:\/\/www.hoymercedes.com.ar\/principal\/wp-json\/wp\/v2\/comments?post=70055"}],"version-history":[{"count":0,"href":"https:\/\/www.hoymercedes.com.ar\/principal\/wp-json\/wp\/v2\/posts\/70055\/revisions"}],"wp:featuredmedia":[{"embeddable":true,"href":"https:\/\/www.hoymercedes.com.ar\/principal\/wp-json\/wp\/v2\/media\/70056"}],"wp:attachment":[{"href":"https:\/\/www.hoymercedes.com.ar\/principal\/wp-json\/wp\/v2\/media?parent=70055"}],"wp:term":[{"taxonomy":"category","embeddable":true,"href":"https:\/\/www.hoymercedes.com.ar\/principal\/wp-json\/wp\/v2\/categories?post=70055"},{"taxonomy":"post_tag","embeddable":true,"href":"https:\/\/www.hoymercedes.com.ar\/principal\/wp-json\/wp\/v2\/tags?post=70055"}],"curies":[{"name":"wp","href":"https:\/\/api.w.org\/{rel}","templated":true}]}}