{"id":70073,"date":"2017-11-26T12:08:15","date_gmt":"2017-11-26T15:08:15","guid":{"rendered":"http:\/\/www.hoymercedes.com.ar\/principal\/?p=70073"},"modified":"2017-11-26T18:50:13","modified_gmt":"2017-11-26T21:50:13","slug":"se-incendio-un-quincho-y-afecto-techos-de-otra-vivienda","status":"publish","type":"post","link":"https:\/\/www.hoymercedes.com.ar\/principal\/2017\/11\/26\/se-incendio-un-quincho-y-afecto-techos-de-otra-vivienda\/","title":{"rendered":"Se incendi\u00f3 un quincho y afect\u00f3 techos de otra vivienda"},"content":{"rendered":"<p><img loading=\"lazy\" decoding=\"async\" data-attachment-id=\"70074\" data-permalink=\"https:\/\/www.hoymercedes.com.ar\/principal\/2017\/11\/26\/se-incendio-un-quincho-y-afecto-techos-de-otra-vivienda\/incendiohm\/#main\" data-orig-file=\"https:\/\/www.hoymercedes.com.ar\/principal\/wp-content\/uploads\/2017\/11\/incendiohm.jpg\" data-orig-size=\"800,600\" data-comments-opened=\"0\" data-image-meta=\"{&quot;aperture&quot;:&quot;3.5&quot;,&quot;credit&quot;:&quot;&quot;,&quot;camera&quot;:&quot;COOLPIX S2700&quot;,&quot;caption&quot;:&quot;&quot;,&quot;created_timestamp&quot;:&quot;1511610286&quot;,&quot;copyright&quot;:&quot;&quot;,&quot;focal_length&quot;:&quot;4.6&quot;,&quot;iso&quot;:&quot;80&quot;,&quot;shutter_speed&quot;:&quot;0.002&quot;,&quot;title&quot;:&quot;&quot;,&quot;orientation&quot;:&quot;1&quot;}\" data-image-title=\"incendiohm\" data-image-description=\"\" data-image-caption=\"\" data-large-file=\"https:\/\/www.hoymercedes.com.ar\/principal\/wp-content\/uploads\/2017\/11\/incendiohm.jpg\" class=\"aligncenter size-full wp-image-70074\" src=\"https:\/\/www.hoymercedes.com.ar\/principal\/wp-content\/uploads\/2017\/11\/incendiohm.jpg\" alt=\"\" width=\"800\" height=\"600\" srcset=\"https:\/\/www.hoymercedes.com.ar\/principal\/wp-content\/uploads\/2017\/11\/incendiohm.jpg 800w, https:\/\/www.hoymercedes.com.ar\/principal\/wp-content\/uploads\/2017\/11\/incendiohm-150x113.jpg 150w, https:\/\/www.hoymercedes.com.ar\/principal\/wp-content\/uploads\/2017\/11\/incendiohm-630x473.jpg 630w\" sizes=\"auto, (max-width: 800px) 100vw, 800px\" \/>Pasadas las 11 de la ma\u00f1ana del s\u00e1bado, ocurri\u00f3 un siniestro en la localidad de Gowland, en calle 521 entre colectora y 504 que requiri\u00f3 de la presencia de Bomberos Voluntarios de la ciudad. All\u00ed, por causas que son materia de investigaci\u00f3n, tom\u00f3 fuego un quincho y r\u00e1pidamente se extendi\u00f3 por toda la edificaci\u00f3n donde hab\u00eda un importante n\u00famero de herramientas del propietario del lugar y materiales de construcci\u00f3n. Las intensas llamas y calor provocaron adem\u00e1s que el techo de una habitaci\u00f3n de una vivienda de una casa vecina tambi\u00e9n se viera afectado, y ante el calor y humo que emanaba debieron salir del lugar.<\/p>\n<p>En el lugar trabajaron dos dotaciones de Bomberos que como primera medida ubicaron las garrafas ante el peligro de una posible explosi\u00f3n, y mantuvieron alejados a los vecinos con el apoyo de la polic\u00eda del Destacamento Policial.<\/p>\n<p>Durante algo m\u00e1s de una hora trabajaron en el lugar para primeramente evitar que se propagara el fuego y que siguiera afectando a la vivienda lindera, y a la vez sofocar el foco \u00edgneo que termin\u00f3 por da\u00f1ar completamente la construcci\u00f3n y todo lo que en ella hab\u00eda.<\/p>\n<p>Afortunadamente, no hubo heridos de gravedad. Solo el due\u00f1o del lugar sufri\u00f3 quemaduras leves en los momentos de iniciado el fuego, intentando sacar del lugar algunas herramientas de trabajo y uno de los bomberos que trabaj\u00f3 en el lugar debi\u00f3 reponerse de los gases que emanaban en el lugar sin complicaciones de salud.<\/p>\n<p>Muchos vecinos acudieron al lugar para tratar de apagar con baldes de agua el incendio y auxiliar a la familia que habita en el lugar. Incluso, un enfermero que vive en la zona acudi\u00f3 para tomar la presi\u00f3n de los vecinos afectados y otro de ellos llev\u00f3 hasta el nosocomio local para que el due\u00f1o del lugar fuera asistido por las quemaduras que recibi\u00f3 en un brazo.<\/p>\n<p>Por suerte, el fuego no alcanz\u00f3 la vivienda donde moran pero se hizo presente en el lugar el concejal Mat\u00edas Dematei \u2013 quien se encontraba de recorrida por la zona por otras circunstancias \u2013 para poner a disposici\u00f3n dispositivos de Desarrollo Social ante la situaci\u00f3n.<\/p>\n","protected":false},"excerpt":{"rendered":"<p>Pasadas las 11 de la ma\u00f1ana del s\u00e1bado, ocurri\u00f3 un siniestro en la localidad de Gowland, en calle 521 entre &#8230; <a title=\"Se incendi\u00f3 un quincho y afect\u00f3 techos de otra vivienda\" class=\"read-more\" href=\"https:\/\/www.hoymercedes.com.ar\/principal\/2017\/11\/26\/se-incendio-un-quincho-y-afecto-techos-de-otra-vivienda\/\" aria-label=\"Leer m\u00e1s sobre Se incendi\u00f3 un quincho y afect\u00f3 techos de otra vivienda\">Leer m\u00e1s<\/a><\/p>\n","protected":false},"author":1,"featured_media":70074,"comment_status":"closed","ping_status":"open","sticky":false,"template":"","format":"standard","meta":{"_monsterinsights_skip_tracking":false,"_monsterinsights_sitenote_active":false,"_monsterinsights_sitenote_note":"","_monsterinsights_sitenote_category":0,"jetpack_post_was_ever_published":false,"_jetpack_newsletter_access":"","_jetpack_dont_email_post_to_subs":false,"_jetpack_newsletter_tier_id":0,"_jetpack_memberships_contains_paywalled_content":false,"_jetpack_memberships_contains_paid_content":false,"footnotes":"","jetpack_publicize_message":"","jetpack_publicize_feature_enabled":true,"jetpack_social_post_already_shared":true,"jetpack_social_options":{"image_generator_settings":{"template":"highway","default_image_id":0,"font":"","enabled":false},"version":2},"_wpas_customize_per_network":false},"categories":[85],"tags":[875,286,96],"class_list":["post-70073","post","type-post","status-publish","format-standard","has-post-thumbnail","hentry","category-policial","tag-gowland","tag-incendio","tag-policial-2","generate-columns","tablet-grid-50","mobile-grid-100","grid-parent","grid-50"],"jetpack_publicize_connections":[],"jetpack_featured_media_url":"https:\/\/www.hoymercedes.com.ar\/principal\/wp-content\/uploads\/2017\/11\/incendiohm.jpg","wps_subtitle":"En Gowland","jetpack_sharing_enabled":true,"_links":{"self":[{"href":"https:\/\/www.hoymercedes.com.ar\/principal\/wp-json\/wp\/v2\/posts\/70073","targetHints":{"allow":["GET"]}}],"collection":[{"href":"https:\/\/www.hoymercedes.com.ar\/principal\/wp-json\/wp\/v2\/posts"}],"about":[{"href":"https:\/\/www.hoymercedes.com.ar\/principal\/wp-json\/wp\/v2\/types\/post"}],"author":[{"embeddable":true,"href":"https:\/\/www.hoymercedes.com.ar\/principal\/wp-json\/wp\/v2\/users\/1"}],"replies":[{"embeddable":true,"href":"https:\/\/www.hoymercedes.com.ar\/principal\/wp-json\/wp\/v2\/comments?post=70073"}],"version-history":[{"count":0,"href":"https:\/\/www.hoymercedes.com.ar\/principal\/wp-json\/wp\/v2\/posts\/70073\/revisions"}],"wp:featuredmedia":[{"embeddable":true,"href":"https:\/\/www.hoymercedes.com.ar\/principal\/wp-json\/wp\/v2\/media\/70074"}],"wp:attachment":[{"href":"https:\/\/www.hoymercedes.com.ar\/principal\/wp-json\/wp\/v2\/media?parent=70073"}],"wp:term":[{"taxonomy":"category","embeddable":true,"href":"https:\/\/www.hoymercedes.com.ar\/principal\/wp-json\/wp\/v2\/categories?post=70073"},{"taxonomy":"post_tag","embeddable":true,"href":"https:\/\/www.hoymercedes.com.ar\/principal\/wp-json\/wp\/v2\/tags?post=70073"}],"curies":[{"name":"wp","href":"https:\/\/api.w.org\/{rel}","templated":true}]}}