{"id":70154,"date":"2017-11-28T16:54:29","date_gmt":"2017-11-28T19:54:29","guid":{"rendered":"http:\/\/www.hoymercedes.com.ar\/principal\/?p=70154"},"modified":"2017-11-27T21:56:16","modified_gmt":"2017-11-28T00:56:16","slug":"el-fronton-y-alfa-definen-en-primera-estudiantes-esta-cerca-en-sub-13","status":"publish","type":"post","link":"https:\/\/www.hoymercedes.com.ar\/principal\/2017\/11\/28\/el-fronton-y-alfa-definen-en-primera-estudiantes-esta-cerca-en-sub-13\/","title":{"rendered":"El Front\u00f3n y ALFA definen en Primera, Estudiantes est\u00e1 cerca en Sub 13"},"content":{"rendered":"<p>Nuevamente se jugaron los partidos de todas las categor\u00edas del F\u00fatbol Femenino de la Liga Mercedina. En cuanto a la Primera Divisi\u00f3n, se definieron las semifinales, en donde ALFA venci\u00f3 a Club Mercedes y El Front\u00f3n hizo lo propio ante Estudiantes. En cuanto a las inferiores, en Sub 13 el Pincha se sigue escapando rumbo al t\u00edtulo, mientras que la pelea en Sub 15 est\u00e1 entre tres equipos.<\/p>\n<p>&nbsp;<\/p>\n<p><strong>PRIMERA DIVISION -SEMIFINALES- REVANCHA<\/strong><\/p>\n<p><strong>ALFA: -3-;<\/strong>\u00a0Natalia Gallo, Daiana Herman, Victoria Mu\u00f1oz<br \/>\n<strong>MERCEDES: -1-;<\/strong>\u00a0Gisella Hillcoat<\/p>\n<p><strong>EL FRONTON: -1-;<\/strong>\u00a0Marina Prado<br \/>\n<strong>ESTUDIANTES: -0-<\/strong><\/p>\n<p>* Alfa y El Front\u00f3n jugar\u00e1n la final<\/p>\n<p>&nbsp;<\/p>\n<p><strong>SUB 13<\/strong><\/p>\n<p><strong>ESTUDIANTES: -2-;<\/strong>\u00a0Valentina Alfano, Juana C\u00e1ngaro<br \/>\n<strong>DEFENSORES: -0-<\/strong><\/p>\n<p><strong>UNI\u00d3N: -1-;<\/strong>\u00a0Priscila Espinosa<br \/>\n<strong>V\u00c9LEZ: -4-;<\/strong>\u00a0Jennifer Duberti, Camila Nariche, Lidia Romero (2)<\/p>\n<p><strong>COMUNICACIONES: -1-;<\/strong>\u00a0Martina Paj\u00f3n<br \/>\n<strong>ALFA: -0-<\/strong><\/p>\n<p>&nbsp;<\/p>\n<p><strong>SUB 15<\/strong><\/p>\n<p><strong>UNI\u00d3N: -0-<br \/>\nV\u00c9LEZ: -6-;<\/strong>\u00a0Cecilia Ascona, Yasm\u00edn Crema (2), Milagros Leyes, Luc\u00eda Potes (2)<\/p>\n<p><strong>COMUNICACIONES: -0-<br \/>\nALFA: -0-<\/strong><\/p>\n<p>&nbsp;<\/p>\n<p><img loading=\"lazy\" decoding=\"async\" data-attachment-id=\"70155\" data-permalink=\"https:\/\/www.hoymercedes.com.ar\/principal\/2017\/11\/28\/el-fronton-y-alfa-definen-en-primera-estudiantes-esta-cerca-en-sub-13\/13-15-9\/#main\" data-orig-file=\"https:\/\/www.hoymercedes.com.ar\/principal\/wp-content\/uploads\/2017\/11\/13-15-3.png\" data-orig-size=\"490,343\" data-comments-opened=\"0\" data-image-meta=\"{&quot;aperture&quot;:&quot;0&quot;,&quot;credit&quot;:&quot;&quot;,&quot;camera&quot;:&quot;&quot;,&quot;caption&quot;:&quot;&quot;,&quot;created_timestamp&quot;:&quot;0&quot;,&quot;copyright&quot;:&quot;&quot;,&quot;focal_length&quot;:&quot;0&quot;,&quot;iso&quot;:&quot;0&quot;,&quot;shutter_speed&quot;:&quot;0&quot;,&quot;title&quot;:&quot;&quot;,&quot;orientation&quot;:&quot;0&quot;}\" data-image-title=\"13 15\" data-image-description=\"\" data-image-caption=\"\" data-large-file=\"https:\/\/www.hoymercedes.com.ar\/principal\/wp-content\/uploads\/2017\/11\/13-15-3.png\" class=\"aligncenter size-full wp-image-70155\" src=\"https:\/\/www.hoymercedes.com.ar\/principal\/wp-content\/uploads\/2017\/11\/13-15-3.png\" alt=\"\" width=\"490\" height=\"343\" srcset=\"https:\/\/www.hoymercedes.com.ar\/principal\/wp-content\/uploads\/2017\/11\/13-15-3.png 490w, https:\/\/www.hoymercedes.com.ar\/principal\/wp-content\/uploads\/2017\/11\/13-15-3-150x105.png 150w\" sizes=\"auto, (max-width: 490px) 100vw, 490px\" \/> <img loading=\"lazy\" decoding=\"async\" data-attachment-id=\"70156\" data-permalink=\"https:\/\/www.hoymercedes.com.ar\/principal\/2017\/11\/28\/el-fronton-y-alfa-definen-en-primera-estudiantes-esta-cerca-en-sub-13\/goles-sub-13-9\/#main\" data-orig-file=\"https:\/\/www.hoymercedes.com.ar\/principal\/wp-content\/uploads\/2017\/11\/Goles-Sub-13-2.png\" data-orig-size=\"317,327\" data-comments-opened=\"0\" data-image-meta=\"{&quot;aperture&quot;:&quot;0&quot;,&quot;credit&quot;:&quot;&quot;,&quot;camera&quot;:&quot;&quot;,&quot;caption&quot;:&quot;&quot;,&quot;created_timestamp&quot;:&quot;0&quot;,&quot;copyright&quot;:&quot;&quot;,&quot;focal_length&quot;:&quot;0&quot;,&quot;iso&quot;:&quot;0&quot;,&quot;shutter_speed&quot;:&quot;0&quot;,&quot;title&quot;:&quot;&quot;,&quot;orientation&quot;:&quot;0&quot;}\" data-image-title=\"Goles Sub 13\" data-image-description=\"\" data-image-caption=\"\" data-large-file=\"https:\/\/www.hoymercedes.com.ar\/principal\/wp-content\/uploads\/2017\/11\/Goles-Sub-13-2.png\" class=\"aligncenter size-full wp-image-70156\" src=\"https:\/\/www.hoymercedes.com.ar\/principal\/wp-content\/uploads\/2017\/11\/Goles-Sub-13-2.png\" alt=\"\" width=\"317\" height=\"327\" srcset=\"https:\/\/www.hoymercedes.com.ar\/principal\/wp-content\/uploads\/2017\/11\/Goles-Sub-13-2.png 317w, https:\/\/www.hoymercedes.com.ar\/principal\/wp-content\/uploads\/2017\/11\/Goles-Sub-13-2-145x150.png 145w\" sizes=\"auto, (max-width: 317px) 100vw, 317px\" \/> <img loading=\"lazy\" decoding=\"async\" data-attachment-id=\"70157\" data-permalink=\"https:\/\/www.hoymercedes.com.ar\/principal\/2017\/11\/28\/el-fronton-y-alfa-definen-en-primera-estudiantes-esta-cerca-en-sub-13\/goles-sub-15-9\/#main\" data-orig-file=\"https:\/\/www.hoymercedes.com.ar\/principal\/wp-content\/uploads\/2017\/11\/Goles-Sub-15-2.png\" data-orig-size=\"309,410\" data-comments-opened=\"0\" data-image-meta=\"{&quot;aperture&quot;:&quot;0&quot;,&quot;credit&quot;:&quot;&quot;,&quot;camera&quot;:&quot;&quot;,&quot;caption&quot;:&quot;&quot;,&quot;created_timestamp&quot;:&quot;0&quot;,&quot;copyright&quot;:&quot;&quot;,&quot;focal_length&quot;:&quot;0&quot;,&quot;iso&quot;:&quot;0&quot;,&quot;shutter_speed&quot;:&quot;0&quot;,&quot;title&quot;:&quot;&quot;,&quot;orientation&quot;:&quot;0&quot;}\" data-image-title=\"Goles Sub 15\" data-image-description=\"\" data-image-caption=\"\" data-large-file=\"https:\/\/www.hoymercedes.com.ar\/principal\/wp-content\/uploads\/2017\/11\/Goles-Sub-15-2.png\" class=\"aligncenter size-full wp-image-70157\" src=\"https:\/\/www.hoymercedes.com.ar\/principal\/wp-content\/uploads\/2017\/11\/Goles-Sub-15-2.png\" alt=\"\" width=\"309\" height=\"410\" srcset=\"https:\/\/www.hoymercedes.com.ar\/principal\/wp-content\/uploads\/2017\/11\/Goles-Sub-15-2.png 309w, https:\/\/www.hoymercedes.com.ar\/principal\/wp-content\/uploads\/2017\/11\/Goles-Sub-15-2-113x150.png 113w\" sizes=\"auto, (max-width: 309px) 100vw, 309px\" \/><\/p>\n","protected":false},"excerpt":{"rendered":"<p>Nuevamente se jugaron los partidos de todas las categor\u00edas del F\u00fatbol Femenino de la Liga Mercedina. En cuanto a la &#8230; <a title=\"El Front\u00f3n y ALFA definen en Primera, Estudiantes est\u00e1 cerca en Sub 13\" class=\"read-more\" href=\"https:\/\/www.hoymercedes.com.ar\/principal\/2017\/11\/28\/el-fronton-y-alfa-definen-en-primera-estudiantes-esta-cerca-en-sub-13\/\" aria-label=\"Leer m\u00e1s sobre El Front\u00f3n y ALFA definen en Primera, Estudiantes est\u00e1 cerca en Sub 13\">Leer m\u00e1s<\/a><\/p>\n","protected":false},"author":1,"featured_media":70155,"comment_status":"closed","ping_status":"open","sticky":false,"template":"","format":"standard","meta":{"_monsterinsights_skip_tracking":false,"_monsterinsights_sitenote_active":false,"_monsterinsights_sitenote_note":"","_monsterinsights_sitenote_category":0,"jetpack_post_was_ever_published":false,"_jetpack_newsletter_access":"","_jetpack_dont_email_post_to_subs":false,"_jetpack_newsletter_tier_id":0,"_jetpack_memberships_contains_paywalled_content":false,"_jetpack_memberships_contains_paid_content":false,"footnotes":"","jetpack_publicize_message":"","jetpack_publicize_feature_enabled":true,"jetpack_social_post_already_shared":true,"jetpack_social_options":{"image_generator_settings":{"template":"highway","default_image_id":0,"font":"","enabled":false},"version":2},"_wpas_customize_per_network":false},"categories":[21],"tags":[11322,204,1812,829,895],"class_list":["post-70154","post","type-post","status-publish","format-standard","has-post-thumbnail","hentry","category-deportes","tag-alfa","tag-deportes-2","tag-el-fronton","tag-estudiantes","tag-futbol-femenino","generate-columns","tablet-grid-50","mobile-grid-100","grid-parent","grid-50"],"jetpack_publicize_connections":[],"jetpack_featured_media_url":"https:\/\/www.hoymercedes.com.ar\/principal\/wp-content\/uploads\/2017\/11\/13-15-3.png","wps_subtitle":"Futbol Femenino","jetpack_sharing_enabled":true,"_links":{"self":[{"href":"https:\/\/www.hoymercedes.com.ar\/principal\/wp-json\/wp\/v2\/posts\/70154","targetHints":{"allow":["GET"]}}],"collection":[{"href":"https:\/\/www.hoymercedes.com.ar\/principal\/wp-json\/wp\/v2\/posts"}],"about":[{"href":"https:\/\/www.hoymercedes.com.ar\/principal\/wp-json\/wp\/v2\/types\/post"}],"author":[{"embeddable":true,"href":"https:\/\/www.hoymercedes.com.ar\/principal\/wp-json\/wp\/v2\/users\/1"}],"replies":[{"embeddable":true,"href":"https:\/\/www.hoymercedes.com.ar\/principal\/wp-json\/wp\/v2\/comments?post=70154"}],"version-history":[{"count":0,"href":"https:\/\/www.hoymercedes.com.ar\/principal\/wp-json\/wp\/v2\/posts\/70154\/revisions"}],"wp:featuredmedia":[{"embeddable":true,"href":"https:\/\/www.hoymercedes.com.ar\/principal\/wp-json\/wp\/v2\/media\/70155"}],"wp:attachment":[{"href":"https:\/\/www.hoymercedes.com.ar\/principal\/wp-json\/wp\/v2\/media?parent=70154"}],"wp:term":[{"taxonomy":"category","embeddable":true,"href":"https:\/\/www.hoymercedes.com.ar\/principal\/wp-json\/wp\/v2\/categories?post=70154"},{"taxonomy":"post_tag","embeddable":true,"href":"https:\/\/www.hoymercedes.com.ar\/principal\/wp-json\/wp\/v2\/tags?post=70154"}],"curies":[{"name":"wp","href":"https:\/\/api.w.org\/{rel}","templated":true}]}}