{"id":70254,"date":"2017-11-30T18:55:37","date_gmt":"2017-11-30T21:55:37","guid":{"rendered":"http:\/\/www.hoymercedes.com.ar\/principal\/?p=70254"},"modified":"2017-11-30T16:21:46","modified_gmt":"2017-11-30T19:21:46","slug":"exponen-los-alumnos-del-taller-de-creatividad-de-sergio-mehaudy","status":"publish","type":"post","link":"https:\/\/www.hoymercedes.com.ar\/principal\/2017\/11\/30\/exponen-los-alumnos-del-taller-de-creatividad-de-sergio-mehaudy\/","title":{"rendered":"Exponen los alumnos del Taller de Creatividad de Sergio Mehaudy"},"content":{"rendered":"<p>Este s\u00e1bado 2 de diciembre los alumnos del Taller de Creatividad de Sergio Mehaudy estar\u00e1n exponiendo sus trabajos en el Museo de Arte Municipalidad de Mercedes. La inauguraci\u00f3n ser\u00e1 a la hora 21 en las salas B, C y D.<\/p>\n<p>Se exponen las tablas e instalaciones realizadas en el taller. Se muestra el\u00a0 proceso de trabajo grupal e individual, como un reflejo de la actividad que se desarrolla durante el a\u00f1o.<\/p>\n<p>Participan: Carola Celano, Matilde Bagnardi, Julian Palermo, Julia Llamada, Faustina Bocalate, Milagros Iglesias, Berrondo, Matilde Celano, Angela Cotognini, Valentina Figueroa, Marcela Brown, y Santino Perez Swarovski.<\/p>\n","protected":false},"excerpt":{"rendered":"<p>Este s\u00e1bado 2 de diciembre los alumnos del Taller de Creatividad de Sergio Mehaudy estar\u00e1n exponiendo sus trabajos en el &#8230; <a title=\"Exponen los alumnos del Taller de Creatividad de Sergio Mehaudy\" class=\"read-more\" href=\"https:\/\/www.hoymercedes.com.ar\/principal\/2017\/11\/30\/exponen-los-alumnos-del-taller-de-creatividad-de-sergio-mehaudy\/\" aria-label=\"Leer m\u00e1s sobre Exponen los alumnos del Taller de Creatividad de Sergio Mehaudy\">Leer m\u00e1s<\/a><\/p>\n","protected":false},"author":1,"featured_media":70255,"comment_status":"closed","ping_status":"open","sticky":false,"template":"","format":"standard","meta":{"_monsterinsights_skip_tracking":false,"_monsterinsights_sitenote_active":false,"_monsterinsights_sitenote_note":"","_monsterinsights_sitenote_category":0,"jetpack_post_was_ever_published":false,"_jetpack_newsletter_access":"","_jetpack_dont_email_post_to_subs":false,"_jetpack_newsletter_tier_id":0,"_jetpack_memberships_contains_paywalled_content":false,"_jetpack_memberships_contains_paid_content":false,"footnotes":"","jetpack_publicize_message":"","jetpack_publicize_feature_enabled":true,"jetpack_social_post_already_shared":true,"jetpack_social_options":{"image_generator_settings":{"template":"highway","default_image_id":0,"font":"","enabled":false},"version":2},"_wpas_customize_per_network":false},"categories":[104],"tags":[7805,8674,10,10825,12325],"class_list":["post-70254","post","type-post","status-publish","format-standard","has-post-thumbnail","hentry","category-cultura","tag-cultura","tag-mamm","tag-mercedes","tag-sergio-mehaudy","tag-taller-de-creatividad","generate-columns","tablet-grid-50","mobile-grid-100","grid-parent","grid-50"],"jetpack_publicize_connections":[],"jetpack_featured_media_url":"https:\/\/www.hoymercedes.com.ar\/principal\/wp-content\/uploads\/2017\/11\/30-Mehaudy-4.jpg","wps_subtitle":"S\u00e1bado 2 en MAMM","jetpack_sharing_enabled":true,"_links":{"self":[{"href":"https:\/\/www.hoymercedes.com.ar\/principal\/wp-json\/wp\/v2\/posts\/70254","targetHints":{"allow":["GET"]}}],"collection":[{"href":"https:\/\/www.hoymercedes.com.ar\/principal\/wp-json\/wp\/v2\/posts"}],"about":[{"href":"https:\/\/www.hoymercedes.com.ar\/principal\/wp-json\/wp\/v2\/types\/post"}],"author":[{"embeddable":true,"href":"https:\/\/www.hoymercedes.com.ar\/principal\/wp-json\/wp\/v2\/users\/1"}],"replies":[{"embeddable":true,"href":"https:\/\/www.hoymercedes.com.ar\/principal\/wp-json\/wp\/v2\/comments?post=70254"}],"version-history":[{"count":0,"href":"https:\/\/www.hoymercedes.com.ar\/principal\/wp-json\/wp\/v2\/posts\/70254\/revisions"}],"wp:featuredmedia":[{"embeddable":true,"href":"https:\/\/www.hoymercedes.com.ar\/principal\/wp-json\/wp\/v2\/media\/70255"}],"wp:attachment":[{"href":"https:\/\/www.hoymercedes.com.ar\/principal\/wp-json\/wp\/v2\/media?parent=70254"}],"wp:term":[{"taxonomy":"category","embeddable":true,"href":"https:\/\/www.hoymercedes.com.ar\/principal\/wp-json\/wp\/v2\/categories?post=70254"},{"taxonomy":"post_tag","embeddable":true,"href":"https:\/\/www.hoymercedes.com.ar\/principal\/wp-json\/wp\/v2\/tags?post=70254"}],"curies":[{"name":"wp","href":"https:\/\/api.w.org\/{rel}","templated":true}]}}