{"id":70313,"date":"2017-11-30T23:25:35","date_gmt":"2017-12-01T02:25:35","guid":{"rendered":"http:\/\/www.hoymercedes.com.ar\/principal\/?p=70313"},"modified":"2017-11-30T23:27:25","modified_gmt":"2017-12-01T02:27:25","slug":"detienen-en-jauregui-a-abusar-tras-orden-de-justicia-mercedina","status":"publish","type":"post","link":"https:\/\/www.hoymercedes.com.ar\/principal\/2017\/11\/30\/detienen-en-jauregui-a-abusar-tras-orden-de-justicia-mercedina\/","title":{"rendered":"Detienen en J\u00e1uregui a abusador tras orden de justicia mercedina"},"content":{"rendered":"<figure id=\"attachment_70314\" aria-describedby=\"caption-attachment-70314\" style=\"width: 720px\" class=\"wp-caption aligncenter\"><img loading=\"lazy\" decoding=\"async\" data-attachment-id=\"70314\" data-permalink=\"https:\/\/www.hoymercedes.com.ar\/principal\/2017\/11\/30\/detienen-en-jauregui-a-abusar-tras-orden-de-justicia-mercedina\/detenido-acusadodeabuso\/#main\" data-orig-file=\"https:\/\/www.hoymercedes.com.ar\/principal\/wp-content\/uploads\/2017\/11\/detenido-acusadodeabuso.jpg\" data-orig-size=\"730,930\" data-comments-opened=\"0\" data-image-meta=\"{&quot;aperture&quot;:&quot;0&quot;,&quot;credit&quot;:&quot;&quot;,&quot;camera&quot;:&quot;&quot;,&quot;caption&quot;:&quot;&quot;,&quot;created_timestamp&quot;:&quot;0&quot;,&quot;copyright&quot;:&quot;&quot;,&quot;focal_length&quot;:&quot;0&quot;,&quot;iso&quot;:&quot;0&quot;,&quot;shutter_speed&quot;:&quot;0&quot;,&quot;title&quot;:&quot;&quot;,&quot;orientation&quot;:&quot;0&quot;}\" data-image-title=\"detenido-acusadodeabuso\" data-image-description=\"\" data-image-caption=\"&lt;p&gt;Detenido por abuso tras orden de justicia mercedina&lt;\/p&gt;\n\" data-large-file=\"https:\/\/www.hoymercedes.com.ar\/principal\/wp-content\/uploads\/2017\/11\/detenido-acusadodeabuso.jpg\" class=\"size-full wp-image-70314\" src=\"https:\/\/www.hoymercedes.com.ar\/principal\/wp-content\/uploads\/2017\/11\/detenido-acusadodeabuso.jpg\" alt=\"\" width=\"730\" height=\"930\" srcset=\"https:\/\/www.hoymercedes.com.ar\/principal\/wp-content\/uploads\/2017\/11\/detenido-acusadodeabuso.jpg 730w, https:\/\/www.hoymercedes.com.ar\/principal\/wp-content\/uploads\/2017\/11\/detenido-acusadodeabuso-118x150.jpg 118w, https:\/\/www.hoymercedes.com.ar\/principal\/wp-content\/uploads\/2017\/11\/detenido-acusadodeabuso-487x620.jpg 487w\" sizes=\"auto, (max-width: 730px) 100vw, 730px\" \/><figcaption id=\"caption-attachment-70314\" class=\"wp-caption-text\">Detenido por abuso tras orden de justicia mercedina<\/figcaption><\/figure>\n<p>El Juzgado de Garant\u00edas N\u00b01 del Departamento Judicial Mercedes emiti\u00f3 el pedido de aprehensi\u00f3n de un masculino de 40 a\u00f1os de edad acusado de \u201cabuso sexual agravado con acceso carnal y por haber sido cometido por ascendente\u201d.<\/p>\n<p>El sujeto fue detenido durante la ma\u00f1ana de este jueves a instancias del personal de la Comisaria Segunda de la vecina localidad de Luj\u00e1n procediendo el acto en J\u00e1uregui.<\/p>\n<p>Sobre el masculino recay\u00f3 la medida judicial siendo de apellido Bedrio actuando la Fiscal\u00eda N\u00b09 y el Juzgado mencionado. Fue en la calle Jos\u00e9 Mar\u00eda J\u00e1uregui al 330 donde se domiciliaba.<\/p>\n<p>Se prev\u00e9 r\u00e1pidamente ser\u00e1 entrevistado por la justicia y luego trasladado a la seccional policial de San Andr\u00e9s de Giles donde suelen alojarse sujetos acusados de delitos sexuales.<\/p>\n","protected":false},"excerpt":{"rendered":"<p>El Juzgado de Garant\u00edas N\u00b01 del Departamento Judicial Mercedes emiti\u00f3 el pedido de aprehensi\u00f3n de un masculino de 40 a\u00f1os &#8230; <a title=\"Detienen en J\u00e1uregui a abusador tras orden de justicia mercedina\" class=\"read-more\" href=\"https:\/\/www.hoymercedes.com.ar\/principal\/2017\/11\/30\/detienen-en-jauregui-a-abusar-tras-orden-de-justicia-mercedina\/\" aria-label=\"Leer m\u00e1s sobre Detienen en J\u00e1uregui a abusador tras orden de justicia mercedina\">Leer m\u00e1s<\/a><\/p>\n","protected":false},"author":1,"featured_media":70314,"comment_status":"closed","ping_status":"open","sticky":false,"template":"","format":"standard","meta":{"_monsterinsights_skip_tracking":false,"_monsterinsights_sitenote_active":false,"_monsterinsights_sitenote_note":"","_monsterinsights_sitenote_category":0,"jetpack_post_was_ever_published":false,"_jetpack_newsletter_access":"","_jetpack_dont_email_post_to_subs":false,"_jetpack_newsletter_tier_id":0,"_jetpack_memberships_contains_paywalled_content":false,"_jetpack_memberships_contains_paid_content":false,"footnotes":"","jetpack_publicize_message":"","jetpack_publicize_feature_enabled":true,"jetpack_social_post_already_shared":true,"jetpack_social_options":{"image_generator_settings":{"template":"highway","default_image_id":0,"font":"","enabled":false},"version":2},"_wpas_customize_per_network":false},"categories":[85],"tags":[12331],"class_list":["post-70313","post","type-post","status-publish","format-standard","has-post-thumbnail","hentry","category-policial","tag-juzgado-de-garantias-n1-mercedes","generate-columns","tablet-grid-50","mobile-grid-100","grid-parent","grid-50"],"jetpack_publicize_connections":[],"jetpack_featured_media_url":"https:\/\/www.hoymercedes.com.ar\/principal\/wp-content\/uploads\/2017\/11\/detenido-acusadodeabuso.jpg","wps_subtitle":"Ser\u00e1 alojado en Giles","jetpack_sharing_enabled":true,"_links":{"self":[{"href":"https:\/\/www.hoymercedes.com.ar\/principal\/wp-json\/wp\/v2\/posts\/70313","targetHints":{"allow":["GET"]}}],"collection":[{"href":"https:\/\/www.hoymercedes.com.ar\/principal\/wp-json\/wp\/v2\/posts"}],"about":[{"href":"https:\/\/www.hoymercedes.com.ar\/principal\/wp-json\/wp\/v2\/types\/post"}],"author":[{"embeddable":true,"href":"https:\/\/www.hoymercedes.com.ar\/principal\/wp-json\/wp\/v2\/users\/1"}],"replies":[{"embeddable":true,"href":"https:\/\/www.hoymercedes.com.ar\/principal\/wp-json\/wp\/v2\/comments?post=70313"}],"version-history":[{"count":0,"href":"https:\/\/www.hoymercedes.com.ar\/principal\/wp-json\/wp\/v2\/posts\/70313\/revisions"}],"wp:featuredmedia":[{"embeddable":true,"href":"https:\/\/www.hoymercedes.com.ar\/principal\/wp-json\/wp\/v2\/media\/70314"}],"wp:attachment":[{"href":"https:\/\/www.hoymercedes.com.ar\/principal\/wp-json\/wp\/v2\/media?parent=70313"}],"wp:term":[{"taxonomy":"category","embeddable":true,"href":"https:\/\/www.hoymercedes.com.ar\/principal\/wp-json\/wp\/v2\/categories?post=70313"},{"taxonomy":"post_tag","embeddable":true,"href":"https:\/\/www.hoymercedes.com.ar\/principal\/wp-json\/wp\/v2\/tags?post=70313"}],"curies":[{"name":"wp","href":"https:\/\/api.w.org\/{rel}","templated":true}]}}