{"id":70324,"date":"2017-12-02T13:00:15","date_gmt":"2017-12-02T16:00:15","guid":{"rendered":"http:\/\/www.hoymercedes.com.ar\/principal\/?p=70324"},"modified":"2017-12-01T14:34:42","modified_gmt":"2017-12-01T17:34:42","slug":"diciembre-de-observaciones-en-el-observatorio-angel-di-palma","status":"publish","type":"post","link":"https:\/\/www.hoymercedes.com.ar\/principal\/2017\/12\/02\/diciembre-de-observaciones-en-el-observatorio-angel-di-palma\/","title":{"rendered":"Diciembre de observaciones en el Observatorio \u00ab\u00c1ngel Di Palma\u00bb"},"content":{"rendered":"<p style=\"font-weight: 400;\">Durante Diciembre continuar\u00e1n las visitas y actividades en el\u00a0Observatorio Astron\u00f3mico \u201c\u00c1ngel Di Palma\u201d, dependiente de la Direcci\u00f3n de Cultura de la Municipalidad de Mercedes. Como siempre, todos los viernes de\u00a021\u00a0a\u00a000hs, es indispensable que el cielo est\u00e9 despejado y es bueno recordar que no se aconseja la observaci\u00f3n en noches de Luna llena debido a la gran cantidad de luz que se refleja en ella, impidiendo, en muchos casos, la adecuada observaci\u00f3n de muchos de los cuerpos celestes.<\/p>\n<p style=\"font-weight: 400;\">El Director del Observatorio, Miguel De Laurenti, inform\u00f3 que el pr\u00f3ximo jueves 21 a las 13.29, se producir\u00e1 el solsticio de diciembre, dando el inicio al verano en el hemisferio sur. \u00c9l junto a su equipo, recibir\u00e1 a todos los interesados en el Cuartel XVIII, La Florida. Se llega al lugar por ruta provincial N\u00ba 41, desde Mercedes a S. A. de Giles, 15 kms.; luego 900 mts. hacia el Este, por camino de tierra afirmado, a la altura del km. 241,1 de la Ruta Provincial 41.<\/p>\n<p style=\"font-weight: 400;\">OBSERVACIONES en diciembre de 2017:<\/p>\n<p style=\"font-weight: 400;\">Viernes 01: Estrellas Dobles.<\/p>\n<p style=\"font-weight: 400;\">Viernes 08: Cerrado por d\u00eda feriado<\/p>\n<p style=\"font-weight: 400;\">Viernes 15: Nebulosas<\/p>\n<p style=\"font-weight: 400;\">Viernes 22: C\u00famulos globulares.<\/p>\n<p style=\"font-weight: 400;\">Viernes 29: Luna<\/p>\n<p style=\"font-weight: 400;\">Las actividades son totalmente libres y gratuitas, destinadas a todo el p\u00fablico.<\/p>\n<p>&nbsp;<\/p>\n<p><span style=\"color: #808080;\">Fuente: Municipio<\/span><\/p>\n","protected":false},"excerpt":{"rendered":"<p>Durante Diciembre continuar\u00e1n las visitas y actividades en el\u00a0Observatorio Astron\u00f3mico \u201c\u00c1ngel Di Palma\u201d, dependiente de la Direcci\u00f3n de Cultura de &#8230; <a title=\"Diciembre de observaciones en el Observatorio \u00ab\u00c1ngel Di Palma\u00bb\" class=\"read-more\" href=\"https:\/\/www.hoymercedes.com.ar\/principal\/2017\/12\/02\/diciembre-de-observaciones-en-el-observatorio-angel-di-palma\/\" aria-label=\"Leer m\u00e1s sobre Diciembre de observaciones en el Observatorio \u00ab\u00c1ngel Di Palma\u00bb\">Leer m\u00e1s<\/a><\/p>\n","protected":false},"author":1,"featured_media":31055,"comment_status":"closed","ping_status":"open","sticky":false,"template":"","format":"standard","meta":{"_monsterinsights_skip_tracking":false,"_monsterinsights_sitenote_active":false,"_monsterinsights_sitenote_note":"","_monsterinsights_sitenote_category":0,"jetpack_post_was_ever_published":false,"_jetpack_newsletter_access":"","_jetpack_dont_email_post_to_subs":false,"_jetpack_newsletter_tier_id":0,"_jetpack_memberships_contains_paywalled_content":false,"_jetpack_memberships_contains_paid_content":false,"footnotes":"","jetpack_publicize_message":"","jetpack_publicize_feature_enabled":true,"jetpack_social_post_already_shared":true,"jetpack_social_options":{"image_generator_settings":{"template":"highway","default_image_id":0,"font":"","enabled":false},"version":2},"_wpas_customize_per_network":false},"categories":[104],"tags":[7805,244,12333,12332],"class_list":["post-70324","post","type-post","status-publish","format-standard","has-post-thumbnail","hentry","category-cultura","tag-cultura","tag-municipio-2","tag-observaciones","tag-observatorio-angel-di-palma","generate-columns","tablet-grid-50","mobile-grid-100","grid-parent","grid-50"],"jetpack_publicize_connections":[],"jetpack_featured_media_url":"https:\/\/www.hoymercedes.com.ar\/principal\/wp-content\/uploads\/2014\/03\/observatoriomercedes.jpg","wps_subtitle":"Invitaci\u00f3n para la familia","jetpack_sharing_enabled":true,"_links":{"self":[{"href":"https:\/\/www.hoymercedes.com.ar\/principal\/wp-json\/wp\/v2\/posts\/70324","targetHints":{"allow":["GET"]}}],"collection":[{"href":"https:\/\/www.hoymercedes.com.ar\/principal\/wp-json\/wp\/v2\/posts"}],"about":[{"href":"https:\/\/www.hoymercedes.com.ar\/principal\/wp-json\/wp\/v2\/types\/post"}],"author":[{"embeddable":true,"href":"https:\/\/www.hoymercedes.com.ar\/principal\/wp-json\/wp\/v2\/users\/1"}],"replies":[{"embeddable":true,"href":"https:\/\/www.hoymercedes.com.ar\/principal\/wp-json\/wp\/v2\/comments?post=70324"}],"version-history":[{"count":0,"href":"https:\/\/www.hoymercedes.com.ar\/principal\/wp-json\/wp\/v2\/posts\/70324\/revisions"}],"wp:featuredmedia":[{"embeddable":true,"href":"https:\/\/www.hoymercedes.com.ar\/principal\/wp-json\/wp\/v2\/media\/31055"}],"wp:attachment":[{"href":"https:\/\/www.hoymercedes.com.ar\/principal\/wp-json\/wp\/v2\/media?parent=70324"}],"wp:term":[{"taxonomy":"category","embeddable":true,"href":"https:\/\/www.hoymercedes.com.ar\/principal\/wp-json\/wp\/v2\/categories?post=70324"},{"taxonomy":"post_tag","embeddable":true,"href":"https:\/\/www.hoymercedes.com.ar\/principal\/wp-json\/wp\/v2\/tags?post=70324"}],"curies":[{"name":"wp","href":"https:\/\/api.w.org\/{rel}","templated":true}]}}