{"id":7033,"date":"2011-09-08T14:25:12","date_gmt":"2011-09-08T14:25:12","guid":{"rendered":"http:\/\/www.hoymercedes.com.ar\/principal\/?p=7033"},"modified":"2011-09-08T14:25:12","modified_gmt":"2011-09-08T14:25:12","slug":"el-ministro-julio-alak-sostuvo-que-juani-ustarroz-%e2%80%9ces-el-candidato-de-la-gran-parte-de-los-mercedinos-y-de-la-presidente-de-la-nacion%e2%80%9d","status":"publish","type":"post","link":"https:\/\/www.hoymercedes.com.ar\/principal\/2011\/09\/08\/el-ministro-julio-alak-sostuvo-que-juani-ustarroz-%e2%80%9ces-el-candidato-de-la-gran-parte-de-los-mercedinos-y-de-la-presidente-de-la-nacion%e2%80%9d\/","title":{"rendered":"El Ministro Julio Alak sostuvo que Juani Ustarroz \u201ces el candidato de la gran parte de los mercedinos y de la Presidente de la Naci\u00f3n\u201d."},"content":{"rendered":"<p><a href=\"https:\/\/www.hoymercedes.com.ar\/principal\/wp-content\/uploads\/2011\/09\/Alak-Ustarroz.jpg\"><img loading=\"lazy\" decoding=\"async\" data-attachment-id=\"7035\" data-permalink=\"https:\/\/www.hoymercedes.com.ar\/principal\/2011\/09\/08\/el-ministro-julio-alak-sostuvo-que-juani-ustarroz-%e2%80%9ces-el-candidato-de-la-gran-parte-de-los-mercedinos-y-de-la-presidente-de-la-nacion%e2%80%9d\/alak-ustarroz\/#main\" data-orig-file=\"https:\/\/www.hoymercedes.com.ar\/principal\/wp-content\/uploads\/2011\/09\/Alak-Ustarroz.jpg\" data-orig-size=\"605,454\" data-comments-opened=\"1\" data-image-meta=\"{&quot;aperture&quot;:&quot;2.8&quot;,&quot;credit&quot;:&quot;&quot;,&quot;camera&quot;:&quot;COOLPIX L10&quot;,&quot;caption&quot;:&quot;&quot;,&quot;created_timestamp&quot;:&quot;1315215944&quot;,&quot;copyright&quot;:&quot;Copyright 2006&quot;,&quot;focal_length&quot;:&quot;6.2&quot;,&quot;iso&quot;:&quot;64&quot;,&quot;shutter_speed&quot;:&quot;0.004&quot;,&quot;title&quot;:&quot;&quot;}\" data-image-title=\"Alak-Ustarroz\" data-image-description=\"\" data-image-caption=\"\" data-large-file=\"https:\/\/www.hoymercedes.com.ar\/principal\/wp-content\/uploads\/2011\/09\/Alak-Ustarroz.jpg\" class=\"aligncenter size-full wp-image-7035\" title=\"Alak-Ustarroz\" src=\"https:\/\/www.hoymercedes.com.ar\/principal\/wp-content\/uploads\/2011\/09\/Alak-Ustarroz.jpg\" alt=\"\" width=\"605\" height=\"454\" \/><\/a><\/p>\n<p>Con la presencia del Ministro de Justicia y Derechos Humanos de la Naci\u00f3n, Dr. Julio Alak, el Secretario de Justicia Dr. Juli\u00e1n \u00c1lvarez, el Subsecretario de Relaciones con el Poder Judicial Dr. Franco Picardi, la Directora Nacional de Promoci\u00f3n y Fortalecimiento del Acceso para la Justicia Lic. Mar\u00eda Florencia Carigniano, el presidente del Colegio de Abogados de nuestra ciudad Dr. Horacio Vero, el Dr. Pablo Merola Fiscal General Departamental, y otros invitados especiales se firm\u00f3 un convenio entre el citado Ministerio y la Sociedad de Fomento del Barrio Obrero a trav\u00e9s de su presidente la se\u00f1ora M\u00f3nica Libares por el cual de ahora en m\u00e1s funcionar\u00e1 en las instalaciones de la misma el Centro de Acceso a la Justicia de Mercedes.<\/p>\n<p>Para referirse al acontecimiento hizo uso de la palabra en primer lugar qui\u00e9n estar\u00e1 a cargo de dicho Centro, el Dr. Diego Siley quien entre otros conceptos precis\u00f3 \u201cquiero decirles que vamos a seguir trabajando como ya comenzamos a hacerlo desde este Centro con las instituciones, con el barrio, con su gente especialmente los que menos recursos tienen para que comiencen a conocer cuales son los derechos que les corresponden haciendo el seguimiento concreto de las causas como ya estamos preocup\u00e1ndonos por la gente con un gran equipo de trabajo\u201d.<\/p>\n<p><a href=\"https:\/\/www.hoymercedes.com.ar\/principal\/wp-content\/uploads\/2011\/09\/Alak-Ustarroz-II.jpg\"><img loading=\"lazy\" decoding=\"async\" data-attachment-id=\"7036\" data-permalink=\"https:\/\/www.hoymercedes.com.ar\/principal\/2011\/09\/08\/el-ministro-julio-alak-sostuvo-que-juani-ustarroz-%e2%80%9ces-el-candidato-de-la-gran-parte-de-los-mercedinos-y-de-la-presidente-de-la-nacion%e2%80%9d\/alak-ustarroz-ii\/#main\" data-orig-file=\"https:\/\/www.hoymercedes.com.ar\/principal\/wp-content\/uploads\/2011\/09\/Alak-Ustarroz-II.jpg\" data-orig-size=\"605,454\" data-comments-opened=\"1\" data-image-meta=\"{&quot;aperture&quot;:&quot;2.8&quot;,&quot;credit&quot;:&quot;&quot;,&quot;camera&quot;:&quot;COOLPIX L10&quot;,&quot;caption&quot;:&quot;&quot;,&quot;created_timestamp&quot;:&quot;1315216715&quot;,&quot;copyright&quot;:&quot;Copyright 2006&quot;,&quot;focal_length&quot;:&quot;6.2&quot;,&quot;iso&quot;:&quot;259&quot;,&quot;shutter_speed&quot;:&quot;0.016666666666667&quot;,&quot;title&quot;:&quot;&quot;}\" data-image-title=\"Alak-Ustarroz-II\" data-image-description=\"\" data-image-caption=\"\" data-large-file=\"https:\/\/www.hoymercedes.com.ar\/principal\/wp-content\/uploads\/2011\/09\/Alak-Ustarroz-II.jpg\" class=\"aligncenter size-full wp-image-7036\" title=\"Alak-Ustarroz-II\" src=\"https:\/\/www.hoymercedes.com.ar\/principal\/wp-content\/uploads\/2011\/09\/Alak-Ustarroz-II.jpg\" alt=\"\" width=\"605\" height=\"454\" srcset=\"https:\/\/www.hoymercedes.com.ar\/principal\/wp-content\/uploads\/2011\/09\/Alak-Ustarroz-II.jpg 605w, https:\/\/www.hoymercedes.com.ar\/principal\/wp-content\/uploads\/2011\/09\/Alak-Ustarroz-II-300x225.jpg 300w\" sizes=\"auto, (max-width: 605px) 100vw, 605px\" \/><\/a><\/p>\n<p>Posteriormente el candidato a intendente por el Frente Mercedino para la Victoria se e dirigi\u00f3 a los presentes expresando entre otros conceptos \u201cpara nosotros hoy es un d\u00eda de celebraci\u00f3n debido a la inauguraci\u00f3n de esta casa de acceso a la Justicia y tambi\u00e9n una terminal de auto consulta del ANSES\u201d, para luego sostener que \u201cen el d\u00eda de la fecha la se\u00f1ora presidente anunci\u00f3 el aumento de las Asignaciones Universales por hijo por lo cual la verdad es que estamos muy contentos\u201d.<\/p>\n<p>Luego se refiri\u00f3 al prop\u00f3sito que los motiv\u00f3 para iniciar ante el Ministro Alak la instalaci\u00f3n en Mercedes de una delegaci\u00f3n de la Casa de Acceso a la Justicia articulando con los diferentes Ministerios los diferentes programas asistenciales pertenecientes al gobierno nacional.<\/p>\n<p>Esto le permitir\u00e1 al vecino poder acercarse a realizar diferentes tr\u00e1mites y ejercer uno de los derechos m\u00e1s preciados que tienen os ciudadanos que es el acceso a la justicia\u201d.<\/p>\n<p>El entro se encuentra ubicado en calles 16 y 103 siendo precisamente Juan Ignacio Ustarroz, principal gestor de su habilitaci\u00f3n, quien junto al Ministro Alak y otros funcionarios del Ministerio descubrieron las placas con las identificaciones del Centro y luego cortaron las cintas dejando habilitado el lugar, para luego Julio Alak y la se\u00f1ora M\u00f3nica Libares firmar el convenio respectivo para el uso de las instalaciones de la Sociedad de Fomento.<\/p>\n<p>Cerr\u00f3 el acto el ex mandatario comunal de la ciudad de La Plata quien se refiri\u00f3 a la gesti\u00f3n llevada a cabo por Ustarroz y su joven equipo de trabajo expresando que resultaba raro ver como gente joven se preocupaba por mejorar la situaci\u00f3n de la ciudad y su gente como est\u00e1 ocurriendo en Mercedes pidiendo a su vez disculpas por su llegada fuera del horario acordado explicando que debi\u00f3 participar junto a la presidente de la Naci\u00f3n del acto donde la misma formul\u00f3 el anuncio del incremento en los haberes de las Asignaciones Universales por Hijo.<\/p>\n<p><a href=\"https:\/\/www.hoymercedes.com.ar\/principal\/wp-content\/uploads\/2011\/09\/Alak-Ustarroz-III.jpg\"><img loading=\"lazy\" decoding=\"async\" data-attachment-id=\"7037\" data-permalink=\"https:\/\/www.hoymercedes.com.ar\/principal\/2011\/09\/08\/el-ministro-julio-alak-sostuvo-que-juani-ustarroz-%e2%80%9ces-el-candidato-de-la-gran-parte-de-los-mercedinos-y-de-la-presidente-de-la-nacion%e2%80%9d\/alak-ustarroz-iii\/#main\" data-orig-file=\"https:\/\/www.hoymercedes.com.ar\/principal\/wp-content\/uploads\/2011\/09\/Alak-Ustarroz-III.jpg\" data-orig-size=\"605,454\" data-comments-opened=\"1\" data-image-meta=\"{&quot;aperture&quot;:&quot;5.6&quot;,&quot;credit&quot;:&quot;&quot;,&quot;camera&quot;:&quot;COOLPIX L10&quot;,&quot;caption&quot;:&quot;&quot;,&quot;created_timestamp&quot;:&quot;1315215882&quot;,&quot;copyright&quot;:&quot;Copyright 2006&quot;,&quot;focal_length&quot;:&quot;6.2&quot;,&quot;iso&quot;:&quot;64&quot;,&quot;shutter_speed&quot;:&quot;0.003363605785402&quot;,&quot;title&quot;:&quot;&quot;}\" data-image-title=\"Alak-Ustarroz-III\" data-image-description=\"\" data-image-caption=\"\" data-large-file=\"https:\/\/www.hoymercedes.com.ar\/principal\/wp-content\/uploads\/2011\/09\/Alak-Ustarroz-III.jpg\" class=\"aligncenter size-full wp-image-7037\" title=\"Alak-Ustarroz-III\" src=\"https:\/\/www.hoymercedes.com.ar\/principal\/wp-content\/uploads\/2011\/09\/Alak-Ustarroz-III.jpg\" alt=\"\" width=\"605\" height=\"454\" srcset=\"https:\/\/www.hoymercedes.com.ar\/principal\/wp-content\/uploads\/2011\/09\/Alak-Ustarroz-III.jpg 605w, https:\/\/www.hoymercedes.com.ar\/principal\/wp-content\/uploads\/2011\/09\/Alak-Ustarroz-III-300x225.jpg 300w\" sizes=\"auto, (max-width: 605px) 100vw, 605px\" \/><\/a><\/p>\n<p>Alak se refiri\u00f3 al Eduardo \u201cWado\u201d De Pedro como un joven mercedino \u201cde una inteligencia brillante y uno de los m\u00e1s mimados por la presidente de la Naci\u00f3n\u201d, para luego agregar que Juan Ignacio Ustarroz era el candidato a intendente de la mayor parte de los mercedinos y el de la se\u00f1ora presidente Cristina Kirchner.<\/p>\n","protected":false},"excerpt":{"rendered":"<p>Con la presencia del Ministro de Justicia y Derechos Humanos de la Naci\u00f3n, Dr. Julio Alak, el Secretario de Justicia &#8230; <a title=\"El Ministro Julio Alak sostuvo que Juani Ustarroz \u201ces el candidato de la gran parte de los mercedinos y de la Presidente de la Naci\u00f3n\u201d.\" class=\"read-more\" href=\"https:\/\/www.hoymercedes.com.ar\/principal\/2011\/09\/08\/el-ministro-julio-alak-sostuvo-que-juani-ustarroz-%e2%80%9ces-el-candidato-de-la-gran-parte-de-los-mercedinos-y-de-la-presidente-de-la-nacion%e2%80%9d\/\" aria-label=\"Leer m\u00e1s sobre El Ministro Julio Alak sostuvo que Juani Ustarroz \u201ces el candidato de la gran parte de los mercedinos y de la Presidente de la Naci\u00f3n\u201d.\">Leer m\u00e1s<\/a><\/p>\n","protected":false},"author":1,"featured_media":0,"comment_status":"open","ping_status":"open","sticky":false,"template":"","format":"standard","meta":{"_monsterinsights_skip_tracking":false,"_monsterinsights_sitenote_active":false,"_monsterinsights_sitenote_note":"","_monsterinsights_sitenote_category":0,"jetpack_post_was_ever_published":false,"_jetpack_newsletter_access":"","_jetpack_dont_email_post_to_subs":false,"_jetpack_newsletter_tier_id":0,"_jetpack_memberships_contains_paywalled_content":false,"_jetpack_memberships_contains_paid_content":false,"footnotes":"","jetpack_publicize_message":"","jetpack_publicize_feature_enabled":true,"jetpack_social_post_already_shared":false,"jetpack_social_options":{"image_generator_settings":{"template":"highway","default_image_id":0,"font":"","enabled":false},"version":2},"_wpas_customize_per_network":false},"categories":[5],"tags":[1258,424],"class_list":["post-7033","post","type-post","status-publish","format-standard","hentry","category-politica","tag-alak-en-mercedes","tag-ustarroz","generate-columns","tablet-grid-50","mobile-grid-100","grid-parent","grid-50"],"jetpack_publicize_connections":[],"jetpack_featured_media_url":"","wps_subtitle":"","jetpack_sharing_enabled":true,"_links":{"self":[{"href":"https:\/\/www.hoymercedes.com.ar\/principal\/wp-json\/wp\/v2\/posts\/7033","targetHints":{"allow":["GET"]}}],"collection":[{"href":"https:\/\/www.hoymercedes.com.ar\/principal\/wp-json\/wp\/v2\/posts"}],"about":[{"href":"https:\/\/www.hoymercedes.com.ar\/principal\/wp-json\/wp\/v2\/types\/post"}],"author":[{"embeddable":true,"href":"https:\/\/www.hoymercedes.com.ar\/principal\/wp-json\/wp\/v2\/users\/1"}],"replies":[{"embeddable":true,"href":"https:\/\/www.hoymercedes.com.ar\/principal\/wp-json\/wp\/v2\/comments?post=7033"}],"version-history":[{"count":0,"href":"https:\/\/www.hoymercedes.com.ar\/principal\/wp-json\/wp\/v2\/posts\/7033\/revisions"}],"wp:attachment":[{"href":"https:\/\/www.hoymercedes.com.ar\/principal\/wp-json\/wp\/v2\/media?parent=7033"}],"wp:term":[{"taxonomy":"category","embeddable":true,"href":"https:\/\/www.hoymercedes.com.ar\/principal\/wp-json\/wp\/v2\/categories?post=7033"},{"taxonomy":"post_tag","embeddable":true,"href":"https:\/\/www.hoymercedes.com.ar\/principal\/wp-json\/wp\/v2\/tags?post=7033"}],"curies":[{"name":"wp","href":"https:\/\/api.w.org\/{rel}","templated":true}]}}