{"id":70331,"date":"2017-12-03T06:13:07","date_gmt":"2017-12-03T09:13:07","guid":{"rendered":"http:\/\/www.hoymercedes.com.ar\/principal\/?p=70331"},"modified":"2017-12-01T16:15:40","modified_gmt":"2017-12-01T19:15:40","slug":"recordatorio-carlos-miguel-tillet-2","status":"publish","type":"post","link":"https:\/\/www.hoymercedes.com.ar\/principal\/2017\/12\/03\/recordatorio-carlos-miguel-tillet-2\/","title":{"rendered":"Recordatorio: Carlos Miguel Tillet"},"content":{"rendered":"<p>&nbsp;<\/p>\n<figure id=\"attachment_46245\" aria-describedby=\"caption-attachment-46245\" style=\"width: 582px\" class=\"wp-caption aligncenter\"><img loading=\"lazy\" decoding=\"async\" data-attachment-id=\"46245\" data-permalink=\"https:\/\/www.hoymercedes.com.ar\/principal\/2015\/12\/03\/carlos-tillet-recuerdo-a-39-anos-de-su-desaparicion\/tillet-2\/#main\" data-orig-file=\"https:\/\/www.hoymercedes.com.ar\/principal\/wp-content\/uploads\/2015\/12\/Tillet.jpg\" data-orig-size=\"620,649\" data-comments-opened=\"1\" data-image-meta=\"{&quot;aperture&quot;:&quot;0&quot;,&quot;credit&quot;:&quot;&quot;,&quot;camera&quot;:&quot;&quot;,&quot;caption&quot;:&quot;&quot;,&quot;created_timestamp&quot;:&quot;0&quot;,&quot;copyright&quot;:&quot;&quot;,&quot;focal_length&quot;:&quot;0&quot;,&quot;iso&quot;:&quot;0&quot;,&quot;shutter_speed&quot;:&quot;0&quot;,&quot;title&quot;:&quot;&quot;,&quot;orientation&quot;:&quot;0&quot;}\" data-image-title=\"Tillet\" data-image-description=\"\" data-image-caption=\"&lt;p&gt;Carlos Tillet&lt;\/p&gt;\n\" data-large-file=\"https:\/\/www.hoymercedes.com.ar\/principal\/wp-content\/uploads\/2015\/12\/Tillet.jpg\" class=\"size-medium wp-image-46245\" src=\"https:\/\/www.hoymercedes.com.ar\/principal\/wp-content\/uploads\/2015\/12\/Tillet-592x620.jpg\" alt=\"\" width=\"592\" height=\"620\" srcset=\"https:\/\/www.hoymercedes.com.ar\/principal\/wp-content\/uploads\/2015\/12\/Tillet-592x620.jpg 592w, https:\/\/www.hoymercedes.com.ar\/principal\/wp-content\/uploads\/2015\/12\/Tillet-143x150.jpg 143w, https:\/\/www.hoymercedes.com.ar\/principal\/wp-content\/uploads\/2015\/12\/Tillet.jpg 620w\" sizes=\"auto, (max-width: 592px) 100vw, 592px\" \/><figcaption id=\"caption-attachment-46245\" class=\"wp-caption-text\">Carlos Tillet<\/figcaption><\/figure>\n<p style=\"text-align: center;\">CARLOS MIGUEL TILLET<\/p>\n<p style=\"text-align: center;\">A 41 a\u00f1os de su desaparici\u00f3n<\/p>\n<p style=\"text-align: center;\">03-12-1976, a los 22 a\u00f1os de edad<\/p>\n<p>Su gran sensibilidad lo acerc\u00f3 a los necesitados de las villas, a dar su ayuda. Milit\u00f3 en la Juventud Peronista.<\/p>\n<p>Fue secuestrado en Capital Federal el d\u00eda 3 de diciembre de 1976, alrededor de las 19 hs. y nunca m\u00e1s se supo de \u00e9l.<\/p>\n<p>Carlos permanecer\u00e1 unido en un abrazo interminable al amor de su familia y al de sus seres queridos. Ni el tiempo, ni la distancia, podr\u00e1n borrar de la memoria colectiva el vivo recuerdo de un compa\u00f1ero bondadoso, solidario y comprometido militante .<\/p>\n<p>A un nuevo aniversario de su desaparici\u00f3n, por \u00e9l y por los 30.000 compa\u00f1eros detenidos-desaparecidos y asesinados decimos \u00a1PRESENTE! No olvidamos, sostenemos la memoria, reclamamos la verdad, luchamos contra la impunidad y exigimos juicio y castigo a todos los culpables.<\/p>\n<p style=\"text-align: center;\">\n<p style=\"text-align: center;\">Memoria, Verdad y Justicia<\/p>\n<p style=\"text-align: center;\">Comisi\u00f3n Municipal por la Memoria de Mercedes<\/p>\n","protected":false},"excerpt":{"rendered":"<p>&nbsp; CARLOS MIGUEL TILLET A 41 a\u00f1os de su desaparici\u00f3n 03-12-1976, a los 22 a\u00f1os de edad Su gran sensibilidad &#8230; <a title=\"Recordatorio: Carlos Miguel Tillet\" class=\"read-more\" href=\"https:\/\/www.hoymercedes.com.ar\/principal\/2017\/12\/03\/recordatorio-carlos-miguel-tillet-2\/\" aria-label=\"Leer m\u00e1s sobre Recordatorio: Carlos Miguel Tillet\">Leer m\u00e1s<\/a><\/p>\n","protected":false},"author":1,"featured_media":46245,"comment_status":"closed","ping_status":"open","sticky":false,"template":"","format":"standard","meta":{"_monsterinsights_skip_tracking":false,"_monsterinsights_sitenote_active":false,"_monsterinsights_sitenote_note":"","_monsterinsights_sitenote_category":0,"jetpack_post_was_ever_published":false,"_jetpack_newsletter_access":"","_jetpack_dont_email_post_to_subs":false,"_jetpack_newsletter_tier_id":0,"_jetpack_memberships_contains_paywalled_content":false,"_jetpack_memberships_contains_paid_content":false,"footnotes":"","jetpack_publicize_message":"","jetpack_publicize_feature_enabled":true,"jetpack_social_post_already_shared":true,"jetpack_social_options":{"image_generator_settings":{"template":"highway","default_image_id":0,"font":"","enabled":false},"version":2},"_wpas_customize_per_network":false},"categories":[8],"tags":[3043,9884,10337],"class_list":["post-70331","post","type-post","status-publish","format-standard","has-post-thumbnail","hentry","category-sociedad","tag-carlos-tillet","tag-comision-municipal-por-la-memoria","tag-memoria-verdad-y-justicia","generate-columns","tablet-grid-50","mobile-grid-100","grid-parent","grid-50"],"jetpack_publicize_connections":[],"jetpack_featured_media_url":"https:\/\/www.hoymercedes.com.ar\/principal\/wp-content\/uploads\/2015\/12\/Tillet.jpg","wps_subtitle":"Memoria, Verdad y Justicia","jetpack_sharing_enabled":true,"_links":{"self":[{"href":"https:\/\/www.hoymercedes.com.ar\/principal\/wp-json\/wp\/v2\/posts\/70331","targetHints":{"allow":["GET"]}}],"collection":[{"href":"https:\/\/www.hoymercedes.com.ar\/principal\/wp-json\/wp\/v2\/posts"}],"about":[{"href":"https:\/\/www.hoymercedes.com.ar\/principal\/wp-json\/wp\/v2\/types\/post"}],"author":[{"embeddable":true,"href":"https:\/\/www.hoymercedes.com.ar\/principal\/wp-json\/wp\/v2\/users\/1"}],"replies":[{"embeddable":true,"href":"https:\/\/www.hoymercedes.com.ar\/principal\/wp-json\/wp\/v2\/comments?post=70331"}],"version-history":[{"count":0,"href":"https:\/\/www.hoymercedes.com.ar\/principal\/wp-json\/wp\/v2\/posts\/70331\/revisions"}],"wp:featuredmedia":[{"embeddable":true,"href":"https:\/\/www.hoymercedes.com.ar\/principal\/wp-json\/wp\/v2\/media\/46245"}],"wp:attachment":[{"href":"https:\/\/www.hoymercedes.com.ar\/principal\/wp-json\/wp\/v2\/media?parent=70331"}],"wp:term":[{"taxonomy":"category","embeddable":true,"href":"https:\/\/www.hoymercedes.com.ar\/principal\/wp-json\/wp\/v2\/categories?post=70331"},{"taxonomy":"post_tag","embeddable":true,"href":"https:\/\/www.hoymercedes.com.ar\/principal\/wp-json\/wp\/v2\/tags?post=70331"}],"curies":[{"name":"wp","href":"https:\/\/api.w.org\/{rel}","templated":true}]}}