{"id":70364,"date":"2017-12-01T19:07:51","date_gmt":"2017-12-01T22:07:51","guid":{"rendered":"http:\/\/www.hoymercedes.com.ar\/principal\/?p=70364"},"modified":"2017-12-01T19:18:17","modified_gmt":"2017-12-01T22:18:17","slug":"de-pedro-impulsa-la-ley-de-trombofilia-en-el-congreso","status":"publish","type":"post","link":"https:\/\/www.hoymercedes.com.ar\/principal\/2017\/12\/01\/de-pedro-impulsa-la-ley-de-trombofilia-en-el-congreso\/","title":{"rendered":"De Pedro impulsa la Ley de Trombofilia en el Congreso"},"content":{"rendered":"<figure id=\"attachment_70365\" aria-describedby=\"caption-attachment-70365\" style=\"width: 720px\" class=\"wp-caption aligncenter\"><img loading=\"lazy\" decoding=\"async\" data-attachment-id=\"70365\" data-permalink=\"https:\/\/www.hoymercedes.com.ar\/principal\/2017\/12\/01\/de-pedro-impulsa-la-ley-de-trombofilia-en-el-congreso\/wado-de-pedro-juanto-a-las-integrantes-del-colectivo-trombobilia-embarazo\/#main\" data-orig-file=\"https:\/\/www.hoymercedes.com.ar\/principal\/wp-content\/uploads\/2017\/12\/Wado-de-Pedro-juanto-a-las-integrantes-del-colectivo-Trombobilia-Embarazo.jpg\" data-orig-size=\"730,549\" data-comments-opened=\"0\" data-image-meta=\"{&quot;aperture&quot;:&quot;0&quot;,&quot;credit&quot;:&quot;&quot;,&quot;camera&quot;:&quot;&quot;,&quot;caption&quot;:&quot;&quot;,&quot;created_timestamp&quot;:&quot;0&quot;,&quot;copyright&quot;:&quot;&quot;,&quot;focal_length&quot;:&quot;0&quot;,&quot;iso&quot;:&quot;0&quot;,&quot;shutter_speed&quot;:&quot;0&quot;,&quot;title&quot;:&quot;&quot;,&quot;orientation&quot;:&quot;0&quot;}\" data-image-title=\"Wado de Pedro junto a las integrantes del colectivo Trombobilia &amp;#038; Embarazo\" data-image-description=\"\" data-image-caption=\"&lt;p&gt;Wado de Pedro junto a las integrantes del colectivo Trombobilia &amp;#038; Embarazo&lt;\/p&gt;\n\" data-large-file=\"https:\/\/www.hoymercedes.com.ar\/principal\/wp-content\/uploads\/2017\/12\/Wado-de-Pedro-juanto-a-las-integrantes-del-colectivo-Trombobilia-Embarazo.jpg\" class=\"size-full wp-image-70365\" src=\"https:\/\/www.hoymercedes.com.ar\/principal\/wp-content\/uploads\/2017\/12\/Wado-de-Pedro-juanto-a-las-integrantes-del-colectivo-Trombobilia-Embarazo.jpg\" alt=\"\" width=\"730\" height=\"549\" srcset=\"https:\/\/www.hoymercedes.com.ar\/principal\/wp-content\/uploads\/2017\/12\/Wado-de-Pedro-juanto-a-las-integrantes-del-colectivo-Trombobilia-Embarazo.jpg 730w, https:\/\/www.hoymercedes.com.ar\/principal\/wp-content\/uploads\/2017\/12\/Wado-de-Pedro-juanto-a-las-integrantes-del-colectivo-Trombobilia-Embarazo-150x113.jpg 150w, https:\/\/www.hoymercedes.com.ar\/principal\/wp-content\/uploads\/2017\/12\/Wado-de-Pedro-juanto-a-las-integrantes-del-colectivo-Trombobilia-Embarazo-630x474.jpg 630w\" sizes=\"auto, (max-width: 730px) 100vw, 730px\" \/><figcaption id=\"caption-attachment-70365\" class=\"wp-caption-text\">Wado de Pedro junto a las integrantes del colectivo Trombobilia &amp; Embarazo<\/figcaption><\/figure>\n<p>El Diputado Nacional, Eduardo Wado de Pedro, se reuni\u00f3 con la actriz Florencia Pe\u00f1a y con Ianina Castro, de la Asociaci\u00f3n Trombofilia &amp; Embarazo, para seguir trabajando en el proyecto de Ley para la detecci\u00f3n precoz, control, seguimiento y tratamiento en mujeres con trombofilia.<\/p>\n<p>Tras esta reuni\u00f3n el bloque del FPV-PJ incluy\u00f3 el proyecto de ley mencionado en la sesi\u00f3n del mi\u00e9rcoles pasado pero la falta de quorum por la ausencia del bloque de Cambiemos impidi\u00f3 su tratamiento.<\/p>\n<p>\u201cEl gobierno tiene que cuidar a las madres para que no pierdan sus embarazos y no la rentabilidad de las empresas prepagas\u201d sostuvo el legislador mercedino.<br \/>\nVale recordar que el a\u00f1o pasado el Presidente Mauricio Macri vet\u00f3 la Ley de Trombofilia que hab\u00eda aprobado el Congreso Nacional de manera un\u00e1nime.<\/p>\n<p>La iniciativa presentada crea en el \u00e1mbito del Ministerio de Salud de la Naci\u00f3n, el \u201cPrograma de Formaci\u00f3n, Investigaci\u00f3n y Promoci\u00f3n de la Trombofilia\u201d, el cual tendr\u00e1 como objetivos promover la investigaci\u00f3n sobre el tema en las diferentes Universidades p\u00fablicas del pa\u00eds; fomentar la capacitaci\u00f3n a los equipos de salud en trombofilia; realizar campa\u00f1as de difusi\u00f3n sobre la prevenci\u00f3n y detecci\u00f3n precoz del trastorno y garantizar el acceso al diagn\u00f3stico oportuno en todas las jurisdicciones del pa\u00eds.<\/p>\n<p><span style=\"background-color: #99ccff;\">De Pedro junto a la diputada Fernanda Raverta se comprometieron con Pe\u00f1a y Castro a seguir impulsando la iniciativa<\/span> para conseguir la media sanci\u00f3n y que el pr\u00f3ximo a\u00f1o se transforme en Ley. Los diputados manifestaron que el objetivo de la norma es que <span style=\"background-color: #99ccff;\">\u201cninguna mujer pierda su embarazo por este trastorno a partir de la detecci\u00f3n temprana\u201d.<\/span><\/p>\n<p><span style=\"color: #999999;\"> Fuente: UC<\/span><\/p>\n","protected":false},"excerpt":{"rendered":"<p>El Diputado Nacional, Eduardo Wado de Pedro, se reuni\u00f3 con la actriz Florencia Pe\u00f1a y con Ianina Castro, de la &#8230; <a title=\"De Pedro impulsa la Ley de Trombofilia en el Congreso\" class=\"read-more\" href=\"https:\/\/www.hoymercedes.com.ar\/principal\/2017\/12\/01\/de-pedro-impulsa-la-ley-de-trombofilia-en-el-congreso\/\" aria-label=\"Leer m\u00e1s sobre De Pedro impulsa la Ley de Trombofilia en el Congreso\">Leer m\u00e1s<\/a><\/p>\n","protected":false},"author":1,"featured_media":70365,"comment_status":"closed","ping_status":"open","sticky":false,"template":"","format":"standard","meta":{"_monsterinsights_skip_tracking":false,"_monsterinsights_sitenote_active":false,"_monsterinsights_sitenote_note":"","_monsterinsights_sitenote_category":0,"jetpack_post_was_ever_published":false,"_jetpack_newsletter_access":"","_jetpack_dont_email_post_to_subs":false,"_jetpack_newsletter_tier_id":0,"_jetpack_memberships_contains_paywalled_content":false,"_jetpack_memberships_contains_paid_content":false,"footnotes":"","jetpack_publicize_message":"","jetpack_publicize_feature_enabled":true,"jetpack_social_post_already_shared":true,"jetpack_social_options":{"image_generator_settings":{"template":"highway","default_image_id":0,"font":"","enabled":false},"version":2},"_wpas_customize_per_network":false},"categories":[5],"tags":[2686,12339,281],"class_list":["post-70364","post","type-post","status-publish","format-standard","has-post-thumbnail","hentry","category-politica","tag-eduardo-de-pedro","tag-trombobilia-embarazo","tag-wado-de-pedro","generate-columns","tablet-grid-50","mobile-grid-100","grid-parent","grid-50"],"jetpack_publicize_connections":[],"jetpack_featured_media_url":"https:\/\/www.hoymercedes.com.ar\/principal\/wp-content\/uploads\/2017\/12\/Wado-de-Pedro-juanto-a-las-integrantes-del-colectivo-Trombobilia-Embarazo.jpg","wps_subtitle":"Beneficio social ","jetpack_sharing_enabled":true,"_links":{"self":[{"href":"https:\/\/www.hoymercedes.com.ar\/principal\/wp-json\/wp\/v2\/posts\/70364","targetHints":{"allow":["GET"]}}],"collection":[{"href":"https:\/\/www.hoymercedes.com.ar\/principal\/wp-json\/wp\/v2\/posts"}],"about":[{"href":"https:\/\/www.hoymercedes.com.ar\/principal\/wp-json\/wp\/v2\/types\/post"}],"author":[{"embeddable":true,"href":"https:\/\/www.hoymercedes.com.ar\/principal\/wp-json\/wp\/v2\/users\/1"}],"replies":[{"embeddable":true,"href":"https:\/\/www.hoymercedes.com.ar\/principal\/wp-json\/wp\/v2\/comments?post=70364"}],"version-history":[{"count":0,"href":"https:\/\/www.hoymercedes.com.ar\/principal\/wp-json\/wp\/v2\/posts\/70364\/revisions"}],"wp:featuredmedia":[{"embeddable":true,"href":"https:\/\/www.hoymercedes.com.ar\/principal\/wp-json\/wp\/v2\/media\/70365"}],"wp:attachment":[{"href":"https:\/\/www.hoymercedes.com.ar\/principal\/wp-json\/wp\/v2\/media?parent=70364"}],"wp:term":[{"taxonomy":"category","embeddable":true,"href":"https:\/\/www.hoymercedes.com.ar\/principal\/wp-json\/wp\/v2\/categories?post=70364"},{"taxonomy":"post_tag","embeddable":true,"href":"https:\/\/www.hoymercedes.com.ar\/principal\/wp-json\/wp\/v2\/tags?post=70364"}],"curies":[{"name":"wp","href":"https:\/\/api.w.org\/{rel}","templated":true}]}}