{"id":70376,"date":"2017-12-03T09:09:11","date_gmt":"2017-12-03T12:09:11","guid":{"rendered":"http:\/\/www.hoymercedes.com.ar\/principal\/?p=70376"},"modified":"2017-12-02T09:21:00","modified_gmt":"2017-12-02T12:21:00","slug":"internos-de-la-unidad-5-egresaron-del-instituto-n-7","status":"publish","type":"post","link":"https:\/\/www.hoymercedes.com.ar\/principal\/2017\/12\/03\/internos-de-la-unidad-5-egresaron-del-instituto-n-7\/","title":{"rendered":"Internos de la Unidad 5 egresaron del Instituto N\u00b0 7"},"content":{"rendered":"<p>D\u00edas atr\u00e1s, en la Unidad Penitenciaria N\u00b0 5 se llev\u00f3 adelante el acto de egreso de los alumnos internos que estudiaron el nivel superior en el Instituto Superior de Formaci\u00f3n Docente T\u00e9cnica N\u00b0 7. Dentro del servicio penitenciario, los alumnos internos tuvieron la oportunidad de estudiar las tecnicaturas en Administraci\u00f3n de Pymes y Agropecuaria.<\/p>\n<figure id=\"attachment_70375\" aria-describedby=\"caption-attachment-70375\" style=\"width: 620px\" class=\"wp-caption aligncenter\"><img loading=\"lazy\" decoding=\"async\" data-attachment-id=\"70375\" data-permalink=\"https:\/\/www.hoymercedes.com.ar\/principal\/2017\/12\/02\/acto-de-colacion-internos-se-graduaron-de-la-escuela-media-n-2\/03-carcel-instituto-7\/#main\" data-orig-file=\"https:\/\/www.hoymercedes.com.ar\/principal\/wp-content\/uploads\/2017\/12\/03-carcel-instituto-7.jpg\" data-orig-size=\"750,500\" data-comments-opened=\"0\" data-image-meta=\"{&quot;aperture&quot;:&quot;0&quot;,&quot;credit&quot;:&quot;&quot;,&quot;camera&quot;:&quot;&quot;,&quot;caption&quot;:&quot;&quot;,&quot;created_timestamp&quot;:&quot;0&quot;,&quot;copyright&quot;:&quot;&quot;,&quot;focal_length&quot;:&quot;0&quot;,&quot;iso&quot;:&quot;0&quot;,&quot;shutter_speed&quot;:&quot;0&quot;,&quot;title&quot;:&quot;&quot;,&quot;orientation&quot;:&quot;0&quot;}\" data-image-title=\"03 carcel instituto 7\" data-image-description=\"\" data-image-caption=\"&lt;p&gt;En el acto de egreso del nivel superior, los profesores destacaron la importancia de continuar con los estudios&lt;\/p&gt;\n\" data-large-file=\"https:\/\/www.hoymercedes.com.ar\/principal\/wp-content\/uploads\/2017\/12\/03-carcel-instituto-7.jpg\" class=\"size-medium wp-image-70375\" src=\"https:\/\/www.hoymercedes.com.ar\/principal\/wp-content\/uploads\/2017\/12\/03-carcel-instituto-7-630x420.jpg\" alt=\"\" width=\"630\" height=\"420\" srcset=\"https:\/\/www.hoymercedes.com.ar\/principal\/wp-content\/uploads\/2017\/12\/03-carcel-instituto-7-630x420.jpg 630w, https:\/\/www.hoymercedes.com.ar\/principal\/wp-content\/uploads\/2017\/12\/03-carcel-instituto-7-150x100.jpg 150w, https:\/\/www.hoymercedes.com.ar\/principal\/wp-content\/uploads\/2017\/12\/03-carcel-instituto-7.jpg 750w\" sizes=\"auto, (max-width: 630px) 100vw, 630px\" \/><figcaption id=\"caption-attachment-70375\" class=\"wp-caption-text\">En el acto de egreso del nivel superior, los profesores destacaron la importancia de continuar con los estudios<\/figcaption><\/figure>\n<p>El acto en el que se entregaron los t\u00edtulos a los internos fue sencillo y cont\u00f3 con la presencia de\u00a0la Inspectora Regional de Nivel Superior Monica Aime, la Directora del ISFDyT N\u00ba 7 Mar\u00eda Juana Puricelli y la Regente Marta Barbella, el anfitri\u00f3n de todo el acto fue el Regente de la sede en la Unidad, Luis Porcelli, adem\u00e1s de los profesores, alumnos y autoridades de la Unidad 5.<\/p>\n<p>Una vez concluidas los discursos de las autoridades y la tradicional entrega de medallas, los presentes compartieron un \u00e1gape.<\/p>\n<p>&nbsp;<\/p>\n<p>Fuente: Unidad 5<\/p>\n","protected":false},"excerpt":{"rendered":"<p>D\u00edas atr\u00e1s, en la Unidad Penitenciaria N\u00b0 5 se llev\u00f3 adelante el acto de egreso de los alumnos internos que &#8230; <a title=\"Internos de la Unidad 5 egresaron del Instituto N\u00b0 7\" class=\"read-more\" href=\"https:\/\/www.hoymercedes.com.ar\/principal\/2017\/12\/03\/internos-de-la-unidad-5-egresaron-del-instituto-n-7\/\" aria-label=\"Leer m\u00e1s sobre Internos de la Unidad 5 egresaron del Instituto N\u00b0 7\">Leer m\u00e1s<\/a><\/p>\n","protected":false},"author":1,"featured_media":70375,"comment_status":"closed","ping_status":"open","sticky":false,"template":"","format":"standard","meta":{"_monsterinsights_skip_tracking":false,"_monsterinsights_sitenote_active":false,"_monsterinsights_sitenote_note":"","_monsterinsights_sitenote_category":0,"jetpack_post_was_ever_published":false,"_jetpack_newsletter_access":"","_jetpack_dont_email_post_to_subs":false,"_jetpack_newsletter_tier_id":0,"_jetpack_memberships_contains_paywalled_content":false,"_jetpack_memberships_contains_paid_content":false,"footnotes":"","jetpack_publicize_message":"","jetpack_publicize_feature_enabled":true,"jetpack_social_post_already_shared":true,"jetpack_social_options":{"image_generator_settings":{"template":"highway","default_image_id":0,"font":"","enabled":false},"version":2},"_wpas_customize_per_network":false},"categories":[23],"tags":[1011,47,11503,12341,113],"class_list":["post-70376","post","type-post","status-publish","format-standard","has-post-thumbnail","hentry","category-educacion","tag-carcel","tag-educacion-2","tag-isfdyt-n-7","tag-nivel-superior","tag-unidad-5","generate-columns","tablet-grid-50","mobile-grid-100","grid-parent","grid-50"],"jetpack_publicize_connections":[],"jetpack_featured_media_url":"https:\/\/www.hoymercedes.com.ar\/principal\/wp-content\/uploads\/2017\/12\/03-carcel-instituto-7.jpg","wps_subtitle":"Educaci\u00f3n en la c\u00e1rcel","jetpack_sharing_enabled":true,"_links":{"self":[{"href":"https:\/\/www.hoymercedes.com.ar\/principal\/wp-json\/wp\/v2\/posts\/70376","targetHints":{"allow":["GET"]}}],"collection":[{"href":"https:\/\/www.hoymercedes.com.ar\/principal\/wp-json\/wp\/v2\/posts"}],"about":[{"href":"https:\/\/www.hoymercedes.com.ar\/principal\/wp-json\/wp\/v2\/types\/post"}],"author":[{"embeddable":true,"href":"https:\/\/www.hoymercedes.com.ar\/principal\/wp-json\/wp\/v2\/users\/1"}],"replies":[{"embeddable":true,"href":"https:\/\/www.hoymercedes.com.ar\/principal\/wp-json\/wp\/v2\/comments?post=70376"}],"version-history":[{"count":0,"href":"https:\/\/www.hoymercedes.com.ar\/principal\/wp-json\/wp\/v2\/posts\/70376\/revisions"}],"wp:featuredmedia":[{"embeddable":true,"href":"https:\/\/www.hoymercedes.com.ar\/principal\/wp-json\/wp\/v2\/media\/70375"}],"wp:attachment":[{"href":"https:\/\/www.hoymercedes.com.ar\/principal\/wp-json\/wp\/v2\/media?parent=70376"}],"wp:term":[{"taxonomy":"category","embeddable":true,"href":"https:\/\/www.hoymercedes.com.ar\/principal\/wp-json\/wp\/v2\/categories?post=70376"},{"taxonomy":"post_tag","embeddable":true,"href":"https:\/\/www.hoymercedes.com.ar\/principal\/wp-json\/wp\/v2\/tags?post=70376"}],"curies":[{"name":"wp","href":"https:\/\/api.w.org\/{rel}","templated":true}]}}