{"id":7043,"date":"2011-09-08T14:33:10","date_gmt":"2011-09-08T14:33:10","guid":{"rendered":"http:\/\/www.hoymercedes.com.ar\/principal\/?p=7043"},"modified":"2011-09-08T14:33:10","modified_gmt":"2011-09-08T14:33:10","slug":"el-intendente-presente-en-el-festejo-por-el-%e2%80%9cdia-del-metalurgico%e2%80%9d","status":"publish","type":"post","link":"https:\/\/www.hoymercedes.com.ar\/principal\/2011\/09\/08\/el-intendente-presente-en-el-festejo-por-el-%e2%80%9cdia-del-metalurgico%e2%80%9d\/","title":{"rendered":"El Intendente presente en el Festejo por el \u201cD\u00eda del Metal\u00fargico\u201d"},"content":{"rendered":"<p><a href=\"https:\/\/www.hoymercedes.com.ar\/principal\/wp-content\/uploads\/2011\/09\/Selva-UOM.jpg\"><img loading=\"lazy\" decoding=\"async\" data-attachment-id=\"7045\" data-permalink=\"https:\/\/www.hoymercedes.com.ar\/principal\/2011\/09\/08\/el-intendente-presente-en-el-festejo-por-el-%e2%80%9cdia-del-metalurgico%e2%80%9d\/selva-uom\/#main\" data-orig-file=\"https:\/\/www.hoymercedes.com.ar\/principal\/wp-content\/uploads\/2011\/09\/Selva-UOM.jpg\" data-orig-size=\"605,376\" data-comments-opened=\"1\" data-image-meta=\"{&quot;aperture&quot;:&quot;0&quot;,&quot;credit&quot;:&quot;&quot;,&quot;camera&quot;:&quot;BlackBerry 9300&quot;,&quot;caption&quot;:&quot;&quot;,&quot;created_timestamp&quot;:&quot;0&quot;,&quot;copyright&quot;:&quot;&quot;,&quot;focal_length&quot;:&quot;0&quot;,&quot;iso&quot;:&quot;0&quot;,&quot;shutter_speed&quot;:&quot;0&quot;,&quot;title&quot;:&quot;&quot;}\" data-image-title=\"Selva-UOM\" data-image-description=\"\" data-image-caption=\"\" data-large-file=\"https:\/\/www.hoymercedes.com.ar\/principal\/wp-content\/uploads\/2011\/09\/Selva-UOM.jpg\" class=\"aligncenter size-full wp-image-7045\" title=\"Selva-UOM\" src=\"https:\/\/www.hoymercedes.com.ar\/principal\/wp-content\/uploads\/2011\/09\/Selva-UOM.jpg\" alt=\"\" width=\"605\" height=\"376\" \/><\/a><\/p>\n<p>Fue en la sede de la UOM con la participaci\u00f3n de una gran cantidad de afiliados de distintas ciudades; hubo asado para todos y shows musicales encabezados por el querido Fernando \u201cPatota\u201d Aschero.<\/p>\n<p>Carlos Selva estuvo acompa\u00f1ando al Secretario General del gremio, Julio N\u00fa\u00f1ez; \u201ces un placer saludar a grande amigos que hoy est\u00e1n cumpliendo importantes tareas dentro de las empresas, sobre todo cuidando las fuentes de trabajo\u201d dijo el Jefe Comunal.<\/p>\n","protected":false},"excerpt":{"rendered":"<p>Fue en la sede de la UOM con la participaci\u00f3n de una gran cantidad de afiliados de distintas ciudades; hubo &#8230; <a title=\"El Intendente presente en el Festejo por el \u201cD\u00eda del Metal\u00fargico\u201d\" class=\"read-more\" href=\"https:\/\/www.hoymercedes.com.ar\/principal\/2011\/09\/08\/el-intendente-presente-en-el-festejo-por-el-%e2%80%9cdia-del-metalurgico%e2%80%9d\/\" aria-label=\"Leer m\u00e1s sobre El Intendente presente en el Festejo por el \u201cD\u00eda del Metal\u00fargico\u201d\">Leer m\u00e1s<\/a><\/p>\n","protected":false},"author":1,"featured_media":0,"comment_status":"open","ping_status":"open","sticky":false,"template":"","format":"standard","meta":{"_monsterinsights_skip_tracking":false,"_monsterinsights_sitenote_active":false,"_monsterinsights_sitenote_note":"","_monsterinsights_sitenote_category":0,"jetpack_post_was_ever_published":false,"_jetpack_newsletter_access":"","_jetpack_dont_email_post_to_subs":false,"_jetpack_newsletter_tier_id":0,"_jetpack_memberships_contains_paywalled_content":false,"_jetpack_memberships_contains_paid_content":false,"footnotes":"","jetpack_publicize_message":"","jetpack_publicize_feature_enabled":true,"jetpack_social_post_already_shared":false,"jetpack_social_options":{"image_generator_settings":{"template":"highway","default_image_id":0,"font":"","enabled":false},"version":2},"_wpas_customize_per_network":false},"categories":[5],"tags":[18,1259],"class_list":["post-7043","post","type-post","status-publish","format-standard","hentry","category-politica","tag-selva","tag-uom","generate-columns","tablet-grid-50","mobile-grid-100","grid-parent","grid-50"],"jetpack_publicize_connections":[],"jetpack_featured_media_url":"","wps_subtitle":"","jetpack_sharing_enabled":true,"_links":{"self":[{"href":"https:\/\/www.hoymercedes.com.ar\/principal\/wp-json\/wp\/v2\/posts\/7043","targetHints":{"allow":["GET"]}}],"collection":[{"href":"https:\/\/www.hoymercedes.com.ar\/principal\/wp-json\/wp\/v2\/posts"}],"about":[{"href":"https:\/\/www.hoymercedes.com.ar\/principal\/wp-json\/wp\/v2\/types\/post"}],"author":[{"embeddable":true,"href":"https:\/\/www.hoymercedes.com.ar\/principal\/wp-json\/wp\/v2\/users\/1"}],"replies":[{"embeddable":true,"href":"https:\/\/www.hoymercedes.com.ar\/principal\/wp-json\/wp\/v2\/comments?post=7043"}],"version-history":[{"count":0,"href":"https:\/\/www.hoymercedes.com.ar\/principal\/wp-json\/wp\/v2\/posts\/7043\/revisions"}],"wp:attachment":[{"href":"https:\/\/www.hoymercedes.com.ar\/principal\/wp-json\/wp\/v2\/media?parent=7043"}],"wp:term":[{"taxonomy":"category","embeddable":true,"href":"https:\/\/www.hoymercedes.com.ar\/principal\/wp-json\/wp\/v2\/categories?post=7043"},{"taxonomy":"post_tag","embeddable":true,"href":"https:\/\/www.hoymercedes.com.ar\/principal\/wp-json\/wp\/v2\/tags?post=7043"}],"curies":[{"name":"wp","href":"https:\/\/api.w.org\/{rel}","templated":true}]}}