{"id":70506,"date":"2017-12-06T13:30:43","date_gmt":"2017-12-06T16:30:43","guid":{"rendered":"http:\/\/www.hoymercedes.com.ar\/principal\/?p=70506"},"modified":"2017-12-06T12:31:33","modified_gmt":"2017-12-06T15:31:33","slug":"se-presentaron-los-proyectos-del-programa-jovenes-y-memoria-2017","status":"publish","type":"post","link":"https:\/\/www.hoymercedes.com.ar\/principal\/2017\/12\/06\/se-presentaron-los-proyectos-del-programa-jovenes-y-memoria-2017\/","title":{"rendered":"Se presentaron los proyectos del Programa J\u00f3venes y Memoria 2017"},"content":{"rendered":"<p>En la tarde del martes, el and\u00e9n de la vieja estaci\u00f3n de La Trocha fue el escenario elegido para hacer el cierre local y presentaci\u00f3n final de los proyectos del Programa J\u00f3venes y Memoria, propuestas que fueron desarrolladas a lo largo del a\u00f1o en las instituciones educativas en vista al encuentro anual en <a href=\"https:\/\/www.hoymercedes.com.ar\/principal\/2017\/11\/18\/los-jovenes-mercedinos-se-despiden-de-chapa-2017\/\" target=\"_blank\" rel=\"noopener\">Chapadmalal<\/a> en el mes de noviembre pasado. Organizado por la Direcci\u00f3n de Derechos Humanos y la Coordinaci\u00f3n de Pol\u00edticas Juveniles, con la participaci\u00f3n de la Comisi\u00f3n Municipal por la Memoria<\/p>\n<figure id=\"attachment_70507\" aria-describedby=\"caption-attachment-70507\" style=\"width: 620px\" class=\"wp-caption aligncenter\"><img loading=\"lazy\" decoding=\"async\" data-attachment-id=\"70507\" data-permalink=\"https:\/\/www.hoymercedes.com.ar\/principal\/2017\/12\/06\/se-presentaron-los-proyectos-del-programa-jovenes-y-memoria-2017\/05-jovenes-y-memoria\/#main\" data-orig-file=\"https:\/\/www.hoymercedes.com.ar\/principal\/wp-content\/uploads\/2017\/12\/05-jovenes-y-memoria.jpg\" data-orig-size=\"750,500\" data-comments-opened=\"0\" data-image-meta=\"{&quot;aperture&quot;:&quot;5&quot;,&quot;credit&quot;:&quot;&quot;,&quot;camera&quot;:&quot;NIKON D3100&quot;,&quot;caption&quot;:&quot;&quot;,&quot;created_timestamp&quot;:&quot;1512503708&quot;,&quot;copyright&quot;:&quot;&quot;,&quot;focal_length&quot;:&quot;42&quot;,&quot;iso&quot;:&quot;1250&quot;,&quot;shutter_speed&quot;:&quot;0.016666666666667&quot;,&quot;title&quot;:&quot;&quot;,&quot;orientation&quot;:&quot;1&quot;}\" data-image-title=\"05 jovenes y memoria\" data-image-description=\"\" data-image-caption=\"\" data-large-file=\"https:\/\/www.hoymercedes.com.ar\/principal\/wp-content\/uploads\/2017\/12\/05-jovenes-y-memoria.jpg\" class=\"wp-image-70507 size-medium\" src=\"https:\/\/www.hoymercedes.com.ar\/principal\/wp-content\/uploads\/2017\/12\/05-jovenes-y-memoria-630x420.jpg\" alt=\"\" width=\"630\" height=\"420\" srcset=\"https:\/\/www.hoymercedes.com.ar\/principal\/wp-content\/uploads\/2017\/12\/05-jovenes-y-memoria-630x420.jpg 630w, https:\/\/www.hoymercedes.com.ar\/principal\/wp-content\/uploads\/2017\/12\/05-jovenes-y-memoria-150x100.jpg 150w, https:\/\/www.hoymercedes.com.ar\/principal\/wp-content\/uploads\/2017\/12\/05-jovenes-y-memoria.jpg 750w\" sizes=\"auto, (max-width: 630px) 100vw, 630px\" \/><figcaption id=\"caption-attachment-70507\" class=\"wp-caption-text\">A modo de cierre de a\u00f1o se proyectaron los trabajos de los grupos que participaron en J\u00f3venes y Memoria.<\/figcaption><\/figure>\n<p>Pasadas las siete de la tarde, los alumnos y docentes que participaron del programa se encontraron nuevamente para ver el proyecto de cada uno de los grupos &#8211; algo que no hab\u00edan podido ver en Chapadmalal por superposici\u00f3n de exposiciones &#8211; As\u00ed fue como estuvieron presentando sus videos, la Escuela Secundaria N\u00b0 9, la Secundaria N\u00b0 10, la Secundaria N\u00b0 14, la T\u00e9cnica N\u00b0 1, los dos grupo de Envi\u00f3n, y los alumnos que fueron en nombre de SUTEBA. Estuvieron ausentes los proyectos de la Secundaria N\u00b0 3 (Colegio Nacional), la T\u00e9cnica 2 de Gowland, y los alumnos de las Secundaria N\u00b0 11 de Altamira.<\/p>\n<p>Previamente, los responsables de las \u00e1reas comunales que organizaron el evento tomaron la palabra. Es as\u00ed que Sergio Carini de la Direcci\u00f3n de Derechos Humanos, Eugenia C\u00f3dega de la Coordinaci\u00f3n de Pol\u00edticas Juveniles, y Oscar \u00abVasco\u00bb Apestegu\u00eda de la Comisi\u00f3n Municipal por la Memoria tomaron la palabra, d\u00e1ndole el cierre al Intendente Municipal Juan Ignacio Ustarroz que estuvo presente para la proyecci\u00f3n de los primeros videos.<\/p>\n<p>Los cuatro hicieron referencia, de una u otra forma, al esp\u00edritu del Programa Provincial iniciado hace m\u00e1s de diez a\u00f1os y al contexto nacional actual con la recuperaci\u00f3n de la nieta 126.<\/p>\n","protected":false},"excerpt":{"rendered":"<p>En la tarde del martes, el and\u00e9n de la vieja estaci\u00f3n de La Trocha fue el escenario elegido para hacer &#8230; <a title=\"Se presentaron los proyectos del Programa J\u00f3venes y Memoria 2017\" class=\"read-more\" href=\"https:\/\/www.hoymercedes.com.ar\/principal\/2017\/12\/06\/se-presentaron-los-proyectos-del-programa-jovenes-y-memoria-2017\/\" aria-label=\"Leer m\u00e1s sobre Se presentaron los proyectos del Programa J\u00f3venes y Memoria 2017\">Leer m\u00e1s<\/a><\/p>\n","protected":false},"author":1,"featured_media":70507,"comment_status":"closed","ping_status":"open","sticky":false,"template":"","format":"standard","meta":{"_monsterinsights_skip_tracking":false,"_monsterinsights_sitenote_active":false,"_monsterinsights_sitenote_note":"","_monsterinsights_sitenote_category":0,"jetpack_post_was_ever_published":false,"_jetpack_newsletter_access":"","_jetpack_dont_email_post_to_subs":false,"_jetpack_newsletter_tier_id":0,"_jetpack_memberships_contains_paywalled_content":false,"_jetpack_memberships_contains_paid_content":false,"footnotes":"","jetpack_publicize_message":"","jetpack_publicize_feature_enabled":true,"jetpack_social_post_already_shared":true,"jetpack_social_options":{"image_generator_settings":{"template":"highway","default_image_id":0,"font":"","enabled":false},"version":2},"_wpas_customize_per_network":false},"categories":[30],"tags":[12361,12225,3307,10,244],"class_list":["post-70506","post","type-post","status-publish","format-standard","has-post-thumbnail","hentry","category-municipio","tag-coordinacion-de-politica-juveniles","tag-direccion-de-derechos-humanos","tag-jovenes-y-memoria","tag-mercedes","tag-municipio-2","generate-columns","tablet-grid-50","mobile-grid-100","grid-parent","grid-50"],"jetpack_publicize_connections":[],"jetpack_featured_media_url":"https:\/\/www.hoymercedes.com.ar\/principal\/wp-content\/uploads\/2017\/12\/05-jovenes-y-memoria.jpg","wps_subtitle":"Proyecci\u00f3n de los videos","jetpack_sharing_enabled":true,"_links":{"self":[{"href":"https:\/\/www.hoymercedes.com.ar\/principal\/wp-json\/wp\/v2\/posts\/70506","targetHints":{"allow":["GET"]}}],"collection":[{"href":"https:\/\/www.hoymercedes.com.ar\/principal\/wp-json\/wp\/v2\/posts"}],"about":[{"href":"https:\/\/www.hoymercedes.com.ar\/principal\/wp-json\/wp\/v2\/types\/post"}],"author":[{"embeddable":true,"href":"https:\/\/www.hoymercedes.com.ar\/principal\/wp-json\/wp\/v2\/users\/1"}],"replies":[{"embeddable":true,"href":"https:\/\/www.hoymercedes.com.ar\/principal\/wp-json\/wp\/v2\/comments?post=70506"}],"version-history":[{"count":0,"href":"https:\/\/www.hoymercedes.com.ar\/principal\/wp-json\/wp\/v2\/posts\/70506\/revisions"}],"wp:featuredmedia":[{"embeddable":true,"href":"https:\/\/www.hoymercedes.com.ar\/principal\/wp-json\/wp\/v2\/media\/70507"}],"wp:attachment":[{"href":"https:\/\/www.hoymercedes.com.ar\/principal\/wp-json\/wp\/v2\/media?parent=70506"}],"wp:term":[{"taxonomy":"category","embeddable":true,"href":"https:\/\/www.hoymercedes.com.ar\/principal\/wp-json\/wp\/v2\/categories?post=70506"},{"taxonomy":"post_tag","embeddable":true,"href":"https:\/\/www.hoymercedes.com.ar\/principal\/wp-json\/wp\/v2\/tags?post=70506"}],"curies":[{"name":"wp","href":"https:\/\/api.w.org\/{rel}","templated":true}]}}