{"id":70509,"date":"2017-12-06T15:00:07","date_gmt":"2017-12-06T18:00:07","guid":{"rendered":"http:\/\/www.hoymercedes.com.ar\/principal\/?p=70509"},"modified":"2017-12-06T12:46:24","modified_gmt":"2017-12-06T15:46:24","slug":"ciclo-de-cine-en-mamm-con-peliculas-reunidas-en-un-fabuloso-diciembre","status":"publish","type":"post","link":"https:\/\/www.hoymercedes.com.ar\/principal\/2017\/12\/06\/ciclo-de-cine-en-mamm-con-peliculas-reunidas-en-un-fabuloso-diciembre\/","title":{"rendered":"Ciclo de Cine en MAMM con pel\u00edculas reunidas en un \u00abFabuloso Diciembre\u00bb"},"content":{"rendered":"<p>El a\u00f1o termina, pero el Ciclo de Cine del Museo de Arte (MAMM) contin\u00faa este mes con los jueves de pel\u00edculas bajo el t\u00edtulo\u00bbFabuloso Diciembre\u00bb.<\/p>\n<p>\u00abEn v\u00edsperas a las pr\u00f3ximas fiestas, celebramos a trav\u00e9s del cine el amor y el sacrificio que los padres realizan d\u00eda a d\u00eda para proteger a sus hijos, esforz\u00e1ndose a\u00fan en los contextos m\u00e1s desfavorables y traum\u00e1ticos para llevar adelante un mensaje de vida. En torno a la ilusi\u00f3n y el amor crecer\u00e1n estas historias, donde se podr\u00e1 observar la verdadera magia que reside en el coraz\u00f3n de los padres, h\u00e9roes reales, y el instinto superador de cualquier adversidad que se enfrente a la felicidad de sus hijos\u00bb, cuentan desde el MAMM los organizadores del ciclo de cine.<\/p>\n<p>Es as\u00ed que los jueves 7, 21 y 28 de diciembre, 21 horas los tres d\u00edas y con entrada libre y gratutia. Podr\u00e1n verse tres pel\u00edculas bajo la tem\u00e1tica descrita. Los t\u00edtulos son: \u201cEl Gran Pez\u201d, de Tim Burton (2003);\u00a0\u201cRoom\u201d (La habitaci\u00f3n), de Lenny Abrahamson (2015) y\u00a0\u201cEn Busca De La Felicidad\u201d, de Gabriele Muccino (2007)<\/p>\n<p>&nbsp;<\/p>\n<p>Fuente: MAMM<\/p>\n<p>&nbsp;<\/p>\n","protected":false},"excerpt":{"rendered":"<p>El a\u00f1o termina, pero el Ciclo de Cine del Museo de Arte (MAMM) contin\u00faa este mes con los jueves de &#8230; <a title=\"Ciclo de Cine en MAMM con pel\u00edculas reunidas en un \u00abFabuloso Diciembre\u00bb\" class=\"read-more\" href=\"https:\/\/www.hoymercedes.com.ar\/principal\/2017\/12\/06\/ciclo-de-cine-en-mamm-con-peliculas-reunidas-en-un-fabuloso-diciembre\/\" aria-label=\"Leer m\u00e1s sobre Ciclo de Cine en MAMM con pel\u00edculas reunidas en un \u00abFabuloso Diciembre\u00bb\">Leer m\u00e1s<\/a><\/p>\n","protected":false},"author":1,"featured_media":70510,"comment_status":"closed","ping_status":"open","sticky":false,"template":"","format":"standard","meta":{"_monsterinsights_skip_tracking":false,"_monsterinsights_sitenote_active":false,"_monsterinsights_sitenote_note":"","_monsterinsights_sitenote_category":0,"jetpack_post_was_ever_published":false,"_jetpack_newsletter_access":"","_jetpack_dont_email_post_to_subs":false,"_jetpack_newsletter_tier_id":0,"_jetpack_memberships_contains_paywalled_content":false,"_jetpack_memberships_contains_paid_content":false,"footnotes":"","jetpack_publicize_message":"","jetpack_publicize_feature_enabled":true,"jetpack_social_post_already_shared":true,"jetpack_social_options":{"image_generator_settings":{"template":"highway","default_image_id":0,"font":"","enabled":false},"version":2},"_wpas_customize_per_network":false},"categories":[104],"tags":[10853,7805,8674,10,10869],"class_list":["post-70509","post","type-post","status-publish","format-standard","has-post-thumbnail","hentry","category-cultura","tag-ciclo-cine","tag-cultura","tag-mamm","tag-mercedes","tag-museo-de-arte","generate-columns","tablet-grid-50","mobile-grid-100","grid-parent","grid-50"],"jetpack_publicize_connections":[],"jetpack_featured_media_url":"https:\/\/www.hoymercedes.com.ar\/principal\/wp-content\/uploads\/2017\/12\/06-mamm-cine.jpg","wps_subtitle":"Jueves, 21 horas.","jetpack_sharing_enabled":true,"_links":{"self":[{"href":"https:\/\/www.hoymercedes.com.ar\/principal\/wp-json\/wp\/v2\/posts\/70509","targetHints":{"allow":["GET"]}}],"collection":[{"href":"https:\/\/www.hoymercedes.com.ar\/principal\/wp-json\/wp\/v2\/posts"}],"about":[{"href":"https:\/\/www.hoymercedes.com.ar\/principal\/wp-json\/wp\/v2\/types\/post"}],"author":[{"embeddable":true,"href":"https:\/\/www.hoymercedes.com.ar\/principal\/wp-json\/wp\/v2\/users\/1"}],"replies":[{"embeddable":true,"href":"https:\/\/www.hoymercedes.com.ar\/principal\/wp-json\/wp\/v2\/comments?post=70509"}],"version-history":[{"count":0,"href":"https:\/\/www.hoymercedes.com.ar\/principal\/wp-json\/wp\/v2\/posts\/70509\/revisions"}],"wp:featuredmedia":[{"embeddable":true,"href":"https:\/\/www.hoymercedes.com.ar\/principal\/wp-json\/wp\/v2\/media\/70510"}],"wp:attachment":[{"href":"https:\/\/www.hoymercedes.com.ar\/principal\/wp-json\/wp\/v2\/media?parent=70509"}],"wp:term":[{"taxonomy":"category","embeddable":true,"href":"https:\/\/www.hoymercedes.com.ar\/principal\/wp-json\/wp\/v2\/categories?post=70509"},{"taxonomy":"post_tag","embeddable":true,"href":"https:\/\/www.hoymercedes.com.ar\/principal\/wp-json\/wp\/v2\/tags?post=70509"}],"curies":[{"name":"wp","href":"https:\/\/api.w.org\/{rel}","templated":true}]}}