{"id":70521,"date":"2017-12-06T18:24:14","date_gmt":"2017-12-06T21:24:14","guid":{"rendered":"http:\/\/www.hoymercedes.com.ar\/principal\/?p=70521"},"modified":"2017-12-06T18:24:14","modified_gmt":"2017-12-06T21:24:14","slug":"sentido-homenaje-a-inspectora-elsa-capurro-por-20-anos-de-aportes-educativos","status":"publish","type":"post","link":"https:\/\/www.hoymercedes.com.ar\/principal\/2017\/12\/06\/sentido-homenaje-a-inspectora-elsa-capurro-por-20-anos-de-aportes-educativos\/","title":{"rendered":"Sentido homenaje a inspectora Elsa Capurro por 20 a\u00f1os de aportes educativos"},"content":{"rendered":"<figure id=\"attachment_70522\" aria-describedby=\"caption-attachment-70522\" style=\"width: 720px\" class=\"wp-caption aligncenter\"><img loading=\"lazy\" decoding=\"async\" data-attachment-id=\"70522\" data-permalink=\"https:\/\/www.hoymercedes.com.ar\/principal\/2017\/12\/06\/sentido-homenaje-a-inspectora-elsa-capurro-por-20-anos-de-aportes-educativos\/capurro-1\/#main\" data-orig-file=\"https:\/\/www.hoymercedes.com.ar\/principal\/wp-content\/uploads\/2017\/12\/Capurro-1.jpg\" data-orig-size=\"730,488\" data-comments-opened=\"0\" data-image-meta=\"{&quot;aperture&quot;:&quot;0&quot;,&quot;credit&quot;:&quot;&quot;,&quot;camera&quot;:&quot;&quot;,&quot;caption&quot;:&quot;&quot;,&quot;created_timestamp&quot;:&quot;0&quot;,&quot;copyright&quot;:&quot;&quot;,&quot;focal_length&quot;:&quot;0&quot;,&quot;iso&quot;:&quot;0&quot;,&quot;shutter_speed&quot;:&quot;0&quot;,&quot;title&quot;:&quot;&quot;,&quot;orientation&quot;:&quot;0&quot;}\" data-image-title=\"Capurro-1\" data-image-description=\"\" data-image-caption=\"&lt;p&gt;Elsa Capurro recibe presente en reconomiento a sus a\u00f1os de servicios&lt;\/p&gt;\n\" data-large-file=\"https:\/\/www.hoymercedes.com.ar\/principal\/wp-content\/uploads\/2017\/12\/Capurro-1.jpg\" class=\"size-full wp-image-70522\" src=\"https:\/\/www.hoymercedes.com.ar\/principal\/wp-content\/uploads\/2017\/12\/Capurro-1.jpg\" alt=\"\" width=\"730\" height=\"488\" srcset=\"https:\/\/www.hoymercedes.com.ar\/principal\/wp-content\/uploads\/2017\/12\/Capurro-1.jpg 730w, https:\/\/www.hoymercedes.com.ar\/principal\/wp-content\/uploads\/2017\/12\/Capurro-1-150x100.jpg 150w, https:\/\/www.hoymercedes.com.ar\/principal\/wp-content\/uploads\/2017\/12\/Capurro-1-630x421.jpg 630w\" sizes=\"auto, (max-width: 730px) 100vw, 730px\" \/><figcaption id=\"caption-attachment-70522\" class=\"wp-caption-text\">Elsa Capurro recibe presente en reconomiento a sus a\u00f1os de servicios<\/figcaption><\/figure>\n<p>Desde la Municipalidad de Mercedes se efectu\u00f3 un sentido reconocimiento a Elsa Capurro por su trabajo y trayectoria durante 20 a\u00f1os como inspectora de primaria. La misma es una profesional muy reconocida y valorada a nivel educacional, tanto, en el \u00e1mbito local como en la provincia de Buenos Aires. Juan Ignacio Ustarroz encabez\u00f3 el encuentro que cont\u00f3 con la participaci\u00f3n de amigos, familiares, colegas, el consejero escolar Jos\u00e9 Lu\u00eds Pisano y la Coordinadora de Educaci\u00f3n prof. Pamela Herrera.<\/p>\n<p><strong>VOCACI\u00d3N DE SERVICIO<\/strong><\/p>\n<p>El intendente, Juan Ignacio Ustarroz expres\u00f3 \u201cnosotros somos partidarios de poner en valor y reconocer lo positivo\u201d y agreg\u00f3 \u201cse habla de que la educaci\u00f3n est\u00e1 en crisis, de que los docentes no tienen vocaci\u00f3n de servicio, que la juventud est\u00e1 perdida, \u00a0y la verdad que hay que recorrer las escuelas, los establecimiento educativos para ver y percibir como en las escuelas existe a\u00fan la vocaci\u00f3n de servicio y amor por lo que hacen. Por eso es bueno y es necesario reconocer a las instituciones y tambi\u00e9n a las personas\u201d, sostuvo entre otros conceptos.<\/p>\n<p>Qui\u00e9n tambi\u00e9n se hizo eco de estas palabras fue el consejero escolar, Jos\u00e9 Luis Pisano, qui\u00e9n dijo \u201cnos pareci\u00f3 importante tener esta ocasi\u00f3n para reconocer su trabajo, no hay muchos inspectores que est\u00e9n durante 20 a\u00f1os\u201d y a\u00f1adi\u00f3 \u201ces importante reconocer todos estos a\u00f1os que tiene Elsa como inspectora y como docente de la ciudad, a qui\u00e9n conozco, y con la cual, \u00a0hemos articulado y trabajado mucho desde el municipio este \u00faltimo tiempo\u201d.<\/p>\n<figure id=\"attachment_70523\" aria-describedby=\"caption-attachment-70523\" style=\"width: 971px\" class=\"wp-caption aligncenter\"><img loading=\"lazy\" decoding=\"async\" data-attachment-id=\"70523\" data-permalink=\"https:\/\/www.hoymercedes.com.ar\/principal\/2017\/12\/06\/sentido-homenaje-a-inspectora-elsa-capurro-por-20-anos-de-aportes-educativos\/capurro-2\/#main\" data-orig-file=\"https:\/\/www.hoymercedes.com.ar\/principal\/wp-content\/uploads\/2017\/12\/Capurro-2.jpg\" data-orig-size=\"981,656\" data-comments-opened=\"0\" data-image-meta=\"{&quot;aperture&quot;:&quot;0&quot;,&quot;credit&quot;:&quot;&quot;,&quot;camera&quot;:&quot;&quot;,&quot;caption&quot;:&quot;&quot;,&quot;created_timestamp&quot;:&quot;0&quot;,&quot;copyright&quot;:&quot;&quot;,&quot;focal_length&quot;:&quot;0&quot;,&quot;iso&quot;:&quot;0&quot;,&quot;shutter_speed&quot;:&quot;0&quot;,&quot;title&quot;:&quot;&quot;,&quot;orientation&quot;:&quot;0&quot;}\" data-image-title=\"Capurro-2\" data-image-description=\"\" data-image-caption=\"&lt;p&gt;Acompa\u00f1amiento&lt;\/p&gt;\n\" data-large-file=\"https:\/\/www.hoymercedes.com.ar\/principal\/wp-content\/uploads\/2017\/12\/Capurro-2.jpg\" class=\"size-full wp-image-70523\" src=\"https:\/\/www.hoymercedes.com.ar\/principal\/wp-content\/uploads\/2017\/12\/Capurro-2.jpg\" alt=\"\" width=\"981\" height=\"656\" srcset=\"https:\/\/www.hoymercedes.com.ar\/principal\/wp-content\/uploads\/2017\/12\/Capurro-2.jpg 981w, https:\/\/www.hoymercedes.com.ar\/principal\/wp-content\/uploads\/2017\/12\/Capurro-2-150x100.jpg 150w, https:\/\/www.hoymercedes.com.ar\/principal\/wp-content\/uploads\/2017\/12\/Capurro-2-630x421.jpg 630w\" sizes=\"auto, (max-width: 981px) 100vw, 981px\" \/><figcaption id=\"caption-attachment-70523\" class=\"wp-caption-text\">Acompa\u00f1amiento<\/figcaption><\/figure>\n<p><strong>RECONOCIMIENTO MERECIDO<\/strong><\/p>\n<p>Por su parte, el ex inspector y jefe regional Alberto Teijeiro, dej\u00f3 sus sensaciones y agradecimientos \u201cal municipio mi profundo reconocimiento porque no recuerdo que haya habido un reconocimiento a la supervisi\u00f3n, y a Elsa especialmente, no s\u00f3lo por sus a\u00f1os de tarea y compromiso, sino realmente, porque es m\u00e1s que merecido\u201d.<\/p>\n<p>Y resalt\u00f3 \u201cElsa tuvo una entrega total a la educaci\u00f3n y con el tiempo fuimos aprendiendo a vincularnos con todos los sectores de la comunidad, por ello, me alegro much\u00edsimo y me siento muy orgulloso de haber compartido con ella la tarea\u201d.<\/p>\n<p><strong>LA IMPORTANCIA DE LOS CHICOS<\/strong><\/p>\n<p>La homenajeada, sin poder ocultar su emoci\u00f3n, expres\u00f3 \u201cla funci\u00f3n del inspector no es solamente marcar lo que est\u00e1 mal, sino tambi\u00e9n, el acompa\u00f1amiento permanente con las instituciones\u201d y a\u00f1adi\u00f3 \u201ctengo un profundo sentido de la vocaci\u00f3n, siempre lo he hecho porque me gusta, para m\u00ed es un motor interior, pero por sobre todo, siempre existe en m\u00ed la importancia de los chicos, y he trabajado todos estos a\u00f1os para que la inclusi\u00f3n sea algo real\u201d.<\/p>\n<p>&nbsp;<\/p>\n<p>De esta manera, desde el municipio se pone en relieve, no s\u00f3lo el trabajo realizado durante tant\u00edsimo tiempo, sino tambi\u00e9n, el amor, la vocaci\u00f3n de servicio y el orgullo con el que muchos trabajadores desarrollan sus actividades todos los d\u00edas.<\/p>\n<p><strong>EMOCI\u00d3N COMPARTIDA <\/strong><\/p>\n<p>Elsa recibi\u00f3 adem\u00e1s un presente y un diploma, como s\u00edmbolos de un d\u00eda especial no s\u00f3lo para ella, sino para toda su familia y comunidad educativa que siendo m\u00e1s de veinte asistentes al encuentro le agradecieron y reconocieron su vocaci\u00f3n, como su hija, que cont\u00f3 varias an\u00e9cdotas como ser que el d\u00eda que se cas\u00f3 por civil, que ca\u00eda viernes, Elsa se enoj\u00f3 porque le cortaba la jornada laboral. Entre risas, alientos, l\u00e1grimas y abrazos se vivi\u00f3 un hermoso momento en el despacho municipal.<\/p>\n<p>&nbsp;<\/p>\n<p><span style=\"color: #808080;\">Fuente: Municipio<\/span><\/p>\n","protected":false},"excerpt":{"rendered":"<p>Desde la Municipalidad de Mercedes se efectu\u00f3 un sentido reconocimiento a Elsa Capurro por su trabajo y trayectoria durante 20 &#8230; <a title=\"Sentido homenaje a inspectora Elsa Capurro por 20 a\u00f1os de aportes educativos\" class=\"read-more\" href=\"https:\/\/www.hoymercedes.com.ar\/principal\/2017\/12\/06\/sentido-homenaje-a-inspectora-elsa-capurro-por-20-anos-de-aportes-educativos\/\" aria-label=\"Leer m\u00e1s sobre Sentido homenaje a inspectora Elsa Capurro por 20 a\u00f1os de aportes educativos\">Leer m\u00e1s<\/a><\/p>\n","protected":false},"author":1,"featured_media":70522,"comment_status":"closed","ping_status":"open","sticky":false,"template":"","format":"standard","meta":{"_monsterinsights_skip_tracking":false,"_monsterinsights_sitenote_active":false,"_monsterinsights_sitenote_note":"","_monsterinsights_sitenote_category":0,"jetpack_post_was_ever_published":false,"_jetpack_newsletter_access":"","_jetpack_dont_email_post_to_subs":false,"_jetpack_newsletter_tier_id":0,"_jetpack_memberships_contains_paywalled_content":false,"_jetpack_memberships_contains_paid_content":false,"footnotes":"","jetpack_publicize_message":"","jetpack_publicize_feature_enabled":true,"jetpack_social_post_already_shared":true,"jetpack_social_options":{"image_generator_settings":{"template":"highway","default_image_id":0,"font":"","enabled":false},"version":2},"_wpas_customize_per_network":false},"categories":[23],"tags":[6093,12363,585],"class_list":["post-70521","post","type-post","status-publish","format-standard","has-post-thumbnail","hentry","category-educacion","tag-elsa-capurro","tag-inspectora-capurro","tag-juan-ustarroz","generate-columns","tablet-grid-50","mobile-grid-100","grid-parent","grid-50"],"jetpack_publicize_connections":[],"jetpack_featured_media_url":"https:\/\/www.hoymercedes.com.ar\/principal\/wp-content\/uploads\/2017\/12\/Capurro-1.jpg","wps_subtitle":"Encabez\u00f3 Juan Ustarroz","jetpack_sharing_enabled":true,"_links":{"self":[{"href":"https:\/\/www.hoymercedes.com.ar\/principal\/wp-json\/wp\/v2\/posts\/70521","targetHints":{"allow":["GET"]}}],"collection":[{"href":"https:\/\/www.hoymercedes.com.ar\/principal\/wp-json\/wp\/v2\/posts"}],"about":[{"href":"https:\/\/www.hoymercedes.com.ar\/principal\/wp-json\/wp\/v2\/types\/post"}],"author":[{"embeddable":true,"href":"https:\/\/www.hoymercedes.com.ar\/principal\/wp-json\/wp\/v2\/users\/1"}],"replies":[{"embeddable":true,"href":"https:\/\/www.hoymercedes.com.ar\/principal\/wp-json\/wp\/v2\/comments?post=70521"}],"version-history":[{"count":0,"href":"https:\/\/www.hoymercedes.com.ar\/principal\/wp-json\/wp\/v2\/posts\/70521\/revisions"}],"wp:featuredmedia":[{"embeddable":true,"href":"https:\/\/www.hoymercedes.com.ar\/principal\/wp-json\/wp\/v2\/media\/70522"}],"wp:attachment":[{"href":"https:\/\/www.hoymercedes.com.ar\/principal\/wp-json\/wp\/v2\/media?parent=70521"}],"wp:term":[{"taxonomy":"category","embeddable":true,"href":"https:\/\/www.hoymercedes.com.ar\/principal\/wp-json\/wp\/v2\/categories?post=70521"},{"taxonomy":"post_tag","embeddable":true,"href":"https:\/\/www.hoymercedes.com.ar\/principal\/wp-json\/wp\/v2\/tags?post=70521"}],"curies":[{"name":"wp","href":"https:\/\/api.w.org\/{rel}","templated":true}]}}