{"id":7053,"date":"2011-09-08T14:46:13","date_gmt":"2011-09-08T14:46:13","guid":{"rendered":"http:\/\/www.hoymercedes.com.ar\/principal\/?p=7053"},"modified":"2011-09-08T14:46:13","modified_gmt":"2011-09-08T14:46:13","slug":"vuelven-a-pintar-los-murales-de-la-fiesta-del-salame","status":"publish","type":"post","link":"https:\/\/www.hoymercedes.com.ar\/principal\/2011\/09\/08\/vuelven-a-pintar-los-murales-de-la-fiesta-del-salame\/","title":{"rendered":"Vuelven a pintar los murales de la Fiesta del Salame"},"content":{"rendered":"<p>Luego de la rotura de los carteles sobre servicios, ahora le toco el turno a los murales alusivos al encuentro popular por excelencia de todos los mercedinos y tambi\u00e9n a los dedicados a los ni\u00f1os con dibujos acordes.<\/p>\n<p><a href=\"https:\/\/www.hoymercedes.com.ar\/principal\/wp-content\/uploads\/2011\/09\/Mural-Fiesta-Salame-I.jpg\"><img loading=\"lazy\" decoding=\"async\" data-attachment-id=\"7055\" data-permalink=\"https:\/\/www.hoymercedes.com.ar\/principal\/2011\/09\/08\/vuelven-a-pintar-los-murales-de-la-fiesta-del-salame\/mural-fiesta-salame-i\/#main\" data-orig-file=\"https:\/\/www.hoymercedes.com.ar\/principal\/wp-content\/uploads\/2011\/09\/Mural-Fiesta-Salame-I.jpg\" data-orig-size=\"605,473\" data-comments-opened=\"1\" data-image-meta=\"{&quot;aperture&quot;:&quot;0&quot;,&quot;credit&quot;:&quot;&quot;,&quot;camera&quot;:&quot;BlackBerry 9300&quot;,&quot;caption&quot;:&quot;&quot;,&quot;created_timestamp&quot;:&quot;0&quot;,&quot;copyright&quot;:&quot;&quot;,&quot;focal_length&quot;:&quot;0&quot;,&quot;iso&quot;:&quot;0&quot;,&quot;shutter_speed&quot;:&quot;0&quot;,&quot;title&quot;:&quot;&quot;}\" data-image-title=\"Mural-Fiesta-Salame-I\" data-image-description=\"\" data-image-caption=\"\" data-large-file=\"https:\/\/www.hoymercedes.com.ar\/principal\/wp-content\/uploads\/2011\/09\/Mural-Fiesta-Salame-I.jpg\" class=\"aligncenter size-full wp-image-7055\" title=\"Mural-Fiesta-Salame-I\" src=\"https:\/\/www.hoymercedes.com.ar\/principal\/wp-content\/uploads\/2011\/09\/Mural-Fiesta-Salame-I.jpg\" alt=\"\" width=\"605\" height=\"473\" \/><\/a><\/p>\n<p>\u201cLamentamos mucho que desconocidos blanquearon las paredes donde hicimos los murales, fue con mucha colaboraci\u00f3n por parte de los vecinos y siempre respetando al pr\u00f3jimo\u201d dice uno de los j\u00f3venes que particip\u00f3 nuevamente en pintar las paredes para esperar la realizaci\u00f3n de la edici\u00f3n 37\u00ba de la Fiesta. \u201cQuieren que detengamos el crecimiento de la ciudad y sobre todo el respeto por el esfuerzo, no podemos permitir que avancen de manera violenta sobre la sociedad\u201d reflexionaron.<\/p>\n<p><a href=\"https:\/\/www.hoymercedes.com.ar\/principal\/wp-content\/uploads\/2011\/09\/Mural-Fiesta-Salame-II.jpg\"><img loading=\"lazy\" decoding=\"async\" data-attachment-id=\"7056\" data-permalink=\"https:\/\/www.hoymercedes.com.ar\/principal\/2011\/09\/08\/vuelven-a-pintar-los-murales-de-la-fiesta-del-salame\/mural-fiesta-salame-ii\/#main\" data-orig-file=\"https:\/\/www.hoymercedes.com.ar\/principal\/wp-content\/uploads\/2011\/09\/Mural-Fiesta-Salame-II.jpg\" data-orig-size=\"605,290\" data-comments-opened=\"1\" data-image-meta=\"{&quot;aperture&quot;:&quot;0&quot;,&quot;credit&quot;:&quot;&quot;,&quot;camera&quot;:&quot;BlackBerry 9300&quot;,&quot;caption&quot;:&quot;&quot;,&quot;created_timestamp&quot;:&quot;0&quot;,&quot;copyright&quot;:&quot;&quot;,&quot;focal_length&quot;:&quot;0&quot;,&quot;iso&quot;:&quot;0&quot;,&quot;shutter_speed&quot;:&quot;0&quot;,&quot;title&quot;:&quot;&quot;}\" data-image-title=\"Mural-Fiesta-Salame-II\" data-image-description=\"\" data-image-caption=\"\" data-large-file=\"https:\/\/www.hoymercedes.com.ar\/principal\/wp-content\/uploads\/2011\/09\/Mural-Fiesta-Salame-II.jpg\" class=\"aligncenter size-full wp-image-7056\" title=\"Mural-Fiesta-Salame-II\" src=\"https:\/\/www.hoymercedes.com.ar\/principal\/wp-content\/uploads\/2011\/09\/Mural-Fiesta-Salame-II.jpg\" alt=\"\" width=\"605\" height=\"290\" srcset=\"https:\/\/www.hoymercedes.com.ar\/principal\/wp-content\/uploads\/2011\/09\/Mural-Fiesta-Salame-II.jpg 605w, https:\/\/www.hoymercedes.com.ar\/principal\/wp-content\/uploads\/2011\/09\/Mural-Fiesta-Salame-II-300x143.jpg 300w\" sizes=\"auto, (max-width: 605px) 100vw, 605px\" \/><\/a><\/p>\n","protected":false},"excerpt":{"rendered":"<p>Luego de la rotura de los carteles sobre servicios, ahora le toco el turno a los murales alusivos al encuentro &#8230; <a title=\"Vuelven a pintar los murales de la Fiesta del Salame\" class=\"read-more\" href=\"https:\/\/www.hoymercedes.com.ar\/principal\/2011\/09\/08\/vuelven-a-pintar-los-murales-de-la-fiesta-del-salame\/\" aria-label=\"Leer m\u00e1s sobre Vuelven a pintar los murales de la Fiesta del Salame\">Leer m\u00e1s<\/a><\/p>\n","protected":false},"author":1,"featured_media":0,"comment_status":"open","ping_status":"open","sticky":false,"template":"","format":"standard","meta":{"_monsterinsights_skip_tracking":false,"_monsterinsights_sitenote_active":false,"_monsterinsights_sitenote_note":"","_monsterinsights_sitenote_category":0,"jetpack_post_was_ever_published":false,"_jetpack_newsletter_access":"","_jetpack_dont_email_post_to_subs":false,"_jetpack_newsletter_tier_id":0,"_jetpack_memberships_contains_paywalled_content":false,"_jetpack_memberships_contains_paid_content":false,"footnotes":"","jetpack_publicize_message":"","jetpack_publicize_feature_enabled":true,"jetpack_social_post_already_shared":false,"jetpack_social_options":{"image_generator_settings":{"template":"highway","default_image_id":0,"font":"","enabled":false},"version":2},"_wpas_customize_per_network":false},"categories":[5],"tags":[1110,1128],"class_list":["post-7053","post","type-post","status-publish","format-standard","hentry","category-politica","tag-fiesta-del-salame","tag-murales","generate-columns","tablet-grid-50","mobile-grid-100","grid-parent","grid-50"],"jetpack_publicize_connections":[],"jetpack_featured_media_url":"","wps_subtitle":"","jetpack_sharing_enabled":true,"_links":{"self":[{"href":"https:\/\/www.hoymercedes.com.ar\/principal\/wp-json\/wp\/v2\/posts\/7053","targetHints":{"allow":["GET"]}}],"collection":[{"href":"https:\/\/www.hoymercedes.com.ar\/principal\/wp-json\/wp\/v2\/posts"}],"about":[{"href":"https:\/\/www.hoymercedes.com.ar\/principal\/wp-json\/wp\/v2\/types\/post"}],"author":[{"embeddable":true,"href":"https:\/\/www.hoymercedes.com.ar\/principal\/wp-json\/wp\/v2\/users\/1"}],"replies":[{"embeddable":true,"href":"https:\/\/www.hoymercedes.com.ar\/principal\/wp-json\/wp\/v2\/comments?post=7053"}],"version-history":[{"count":0,"href":"https:\/\/www.hoymercedes.com.ar\/principal\/wp-json\/wp\/v2\/posts\/7053\/revisions"}],"wp:attachment":[{"href":"https:\/\/www.hoymercedes.com.ar\/principal\/wp-json\/wp\/v2\/media?parent=7053"}],"wp:term":[{"taxonomy":"category","embeddable":true,"href":"https:\/\/www.hoymercedes.com.ar\/principal\/wp-json\/wp\/v2\/categories?post=7053"},{"taxonomy":"post_tag","embeddable":true,"href":"https:\/\/www.hoymercedes.com.ar\/principal\/wp-json\/wp\/v2\/tags?post=7053"}],"curies":[{"name":"wp","href":"https:\/\/api.w.org\/{rel}","templated":true}]}}