{"id":7059,"date":"2011-09-08T16:09:27","date_gmt":"2011-09-08T16:09:27","guid":{"rendered":"http:\/\/www.hoymercedes.com.ar\/principal\/?p=7059"},"modified":"2011-09-08T16:09:27","modified_gmt":"2011-09-08T16:09:27","slug":"ustarroz-se-reunira-con-el-rector-de-la-utn","status":"publish","type":"post","link":"https:\/\/www.hoymercedes.com.ar\/principal\/2011\/09\/08\/ustarroz-se-reunira-con-el-rector-de-la-utn\/","title":{"rendered":"Ustarroz se reunir\u00e1 con el Rector de la UTN"},"content":{"rendered":"<p>El candidato a intendente Juan Ustarroz inform\u00f3 ayer, en conferencia de prensa, que se reunir\u00e1 hoy con el rector de la Universidad Tecnol\u00f3gica Nacional, H\u00e9ctor Carlos Brotto. El encuentro ser\u00e1 en Casa Rosada, en la que ambos seguir\u00e1n avanzando en la gesti\u00f3n del mercedino en que la UTN tenga una sede en Mercedes.<\/p>\n<p><a href=\"https:\/\/www.hoymercedes.com.ar\/principal\/wp-content\/uploads\/2011\/09\/Ustarroz-utn-I.jpg\"><img loading=\"lazy\" decoding=\"async\" data-attachment-id=\"7061\" data-permalink=\"https:\/\/www.hoymercedes.com.ar\/principal\/2011\/09\/08\/ustarroz-se-reunira-con-el-rector-de-la-utn\/ustarroz-utn-i\/#main\" data-orig-file=\"https:\/\/www.hoymercedes.com.ar\/principal\/wp-content\/uploads\/2011\/09\/Ustarroz-utn-I.jpg\" data-orig-size=\"605,402\" data-comments-opened=\"1\" data-image-meta=\"{&quot;aperture&quot;:&quot;3.8&quot;,&quot;credit&quot;:&quot;Moreira Mario Hugo    FOTOGRAFIA&quot;,&quot;camera&quot;:&quot;NIKON D300&quot;,&quot;caption&quot;:&quot;&quot;,&quot;created_timestamp&quot;:&quot;1315421883&quot;,&quot;copyright&quot;:&quot;AW Fotografia   Moreira Mario Hugo&quot;,&quot;focal_length&quot;:&quot;24&quot;,&quot;iso&quot;:&quot;2000&quot;,&quot;shutter_speed&quot;:&quot;0.01&quot;,&quot;title&quot;:&quot;&quot;}\" data-image-title=\"Ustarroz-utn-I\" data-image-description=\"\" data-image-caption=\"\" data-large-file=\"https:\/\/www.hoymercedes.com.ar\/principal\/wp-content\/uploads\/2011\/09\/Ustarroz-utn-I.jpg\" class=\"aligncenter size-full wp-image-7061\" title=\"Ustarroz-utn-I\" src=\"https:\/\/www.hoymercedes.com.ar\/principal\/wp-content\/uploads\/2011\/09\/Ustarroz-utn-I.jpg\" alt=\"\" width=\"605\" height=\"402\" \/><\/a><\/p>\n<p>Tal lo manifest\u00f3 ayer, la elecci\u00f3n de la UTN surgi\u00f3 luego de varias reuniones con el sector industrial de la ciudad y que va de la mano de la propuesta de tener una ciudad con perfil productivo. Para esto, y por la necesidad de tener mejor calificaci\u00f3n de la mano de obra, es que es necesario que Mercedes tenga carreras relacionadas con la Ingenier\u00eda y la producci\u00f3n. \u201cSurgi\u00f3 del primer an\u00e1lisis que hicimos\u201d, dijo Ustarroz a la prensa, y agreg\u00f3 que \u201cen funci\u00f3n de lo que es el perfil administrativo, ser\u00eda bueno avanzar con otro tipo de carreras para mejorar la prestaci\u00f3n de servicios, ya sea a nivel nacional, provincial y municipal\u201d y adelant\u00f3 que se est\u00e1 elaborando un proyecto para que los empleados municipales se capaciten y que haya concursos, sumado a que las categor\u00edas sean en funci\u00f3n de la capacidad de trabajo.<\/p>\n<p><a href=\"https:\/\/www.hoymercedes.com.ar\/principal\/wp-content\/uploads\/2011\/09\/Ustarroz-utn-II.jpg\"><img loading=\"lazy\" decoding=\"async\" data-attachment-id=\"7062\" data-permalink=\"https:\/\/www.hoymercedes.com.ar\/principal\/2011\/09\/08\/ustarroz-se-reunira-con-el-rector-de-la-utn\/ustarroz-utn-ii\/#main\" data-orig-file=\"https:\/\/www.hoymercedes.com.ar\/principal\/wp-content\/uploads\/2011\/09\/Ustarroz-utn-II.jpg\" data-orig-size=\"605,402\" data-comments-opened=\"1\" data-image-meta=\"{&quot;aperture&quot;:&quot;3.5&quot;,&quot;credit&quot;:&quot;Moreira Mario Hugo    FOTOGRAFIA&quot;,&quot;camera&quot;:&quot;NIKON D300&quot;,&quot;caption&quot;:&quot;&quot;,&quot;created_timestamp&quot;:&quot;1315421808&quot;,&quot;copyright&quot;:&quot;AW Fotografia   Moreira Mario Hugo&quot;,&quot;focal_length&quot;:&quot;18&quot;,&quot;iso&quot;:&quot;2000&quot;,&quot;shutter_speed&quot;:&quot;0.01&quot;,&quot;title&quot;:&quot;&quot;}\" data-image-title=\"Ustarroz-utn-II\" data-image-description=\"\" data-image-caption=\"\" data-large-file=\"https:\/\/www.hoymercedes.com.ar\/principal\/wp-content\/uploads\/2011\/09\/Ustarroz-utn-II.jpg\" class=\"aligncenter size-full wp-image-7062\" title=\"Ustarroz-utn-II\" src=\"https:\/\/www.hoymercedes.com.ar\/principal\/wp-content\/uploads\/2011\/09\/Ustarroz-utn-II.jpg\" alt=\"\" width=\"605\" height=\"402\" srcset=\"https:\/\/www.hoymercedes.com.ar\/principal\/wp-content\/uploads\/2011\/09\/Ustarroz-utn-II.jpg 605w, https:\/\/www.hoymercedes.com.ar\/principal\/wp-content\/uploads\/2011\/09\/Ustarroz-utn-II-300x199.jpg 300w\" sizes=\"auto, (max-width: 605px) 100vw, 605px\" \/><\/a><\/p>\n<p>\u201cEl primer objetivo es avanzar con la UTN y la idea es que funcione en donde est\u00e1 la Unidad N\u00ba5, con la ayuda de un diputado nacional y otro provincial, ligados al Frente Mercedino, vamos a poder cumplir con el proyecto\u201d, sostuvo Juani.<\/p>\n<p>Fueron varios los temas que se tocaron en la conferencia de prensa, en el primero de ellos, Ustarroz agradeci\u00f3 a los vecinos por el apoyo obtenido el 14 de agosto y anunci\u00f3 que se recorrer\u00e1n los barrios con mayor intensidad, siguiendo la problem\u00e1tica local y \u201cbuscando tener una convocatoria m\u00e1s amplia, donde se sumen m\u00e1s vecinos en pos de desarrollar un proyecto que es pensado para Mercedes y por mercedinos\u201d e invit\u00f3 a los profesionales de la ciudad a la reuni\u00f3n que se har\u00e1 este s\u00e1bado 10 de septiembre a partir de las 10.30 en el Club Comunicaciones (calle 28 entre 31 y 33) a una jornada de reflexi\u00f3n y escucha, \u201cdonde el objetivo es recibir el aporte de todos para poder construir una ciudad mejor\u201d, analiz\u00f3 Ustarroz.<\/p>\n<p>Tambi\u00e9n aprovech\u00f3 los micr\u00f3fonos para desmentir rumores que se han creado en estos \u00faltimos d\u00edas. Uno de ellos es con respecto a la radicaci\u00f3n de la Villa 31 en Mercedes utilizando el plan de mil viviendas que propuso Ustarroz en agosto como uno de sus ejes de gobierno. Sobre esto, dijo que \u201cnuestro plan de vivienda tiene que ver con traer gente de ese lugar para ac\u00e1. Nosotros desestimamos en forma rotunda esta cuesti\u00f3n. Nuestro plan de vivienda es para los mercedinos, es requisito ineludible tener domicilio en Mercedes\u201d, aclar\u00f3.<\/p>\n<p>Adem\u00e1s, sobre los trabajadores jornalizados y las cooperativas, sostuvo que \u201cestamos muy comprometidos con la generaci\u00f3n de trabajo, por lo que ser\u00eda un contrasentido una medida as\u00ed. Vamos a mejorar las condiciones de trabajo de la gente, como es la que tienen los contratados, que en muchos casos superan los tiempos que indica la Ley. Desde mi persona, aclaro, con \u00e9nfasis, que bajo a ning\u00fan punto de vista va a ocurrir, porque entendemos que el municipio debe velar por que el derecho de los trabajadores sea cumplido. Vamos a trabajar para regularizar la situaci\u00f3n laboral de los contratados\u201d, afirm\u00f3.<\/p>\n<p>Sobre las cooperativas, dijo que \u201cbajo ning\u00fan punto de vista\u201d se eliminar\u00e1n las actuales y se crear\u00e1n nuevas. \u201cEl programa argentina trabaja es para que la gente acceda al trabajo y brinde un servicio a la comunidad. Queremos regularizar el trabajo y el desempe\u00f1o de las cooperativas. No vamos a sacar a los cooperativistas, vamos a mantener los programas del gobierno, si es necesario ampliarlos, lo haremos. Queremos generar empleo y que sea genuino. Que Mercedes tenga un perfil productivo, y que el administrativo no sea un techo, que Mercedes sea una ciudad donde se produzca, con tecnolog\u00eda e industrias. Queremos que se genere empleo y que haya cultura de trabajo\u201d, remarc\u00f3.<\/p>\n<p>Y sobre los rumores en s\u00ed, dijo que \u201cgeneran confusi\u00f3n, eso es lo que llamamos campa\u00f1a sucia. Nosotros no emitimos juicios de valor y cr\u00edticas a la actual gesti\u00f3n porque entendemos que lo importante es lo que pasa de ac\u00e1 en adelante. Esa es nuestra impronta y la vamos a seguir manteniendo, no vamos a salir a debatir discusiones que no aportan nada\u201d, aclar\u00f3 y record\u00f3 que su campa\u00f1a se bas\u00f3 en cuestiones concretas, como la inauguraci\u00f3n de la Casa de Acceso a la Justicia, la ambulancia de alta complejidad o la balanza para peque\u00f1os productores, la pintada al barrio esperanza, \u201ccosas significativas, que quedan en la ciudad y que vamos a seguir haciendo\u201d.<\/p>\n<p>Con respecto a su relaci\u00f3n con el Gobierno Nacional, anunci\u00f3 que el pr\u00f3ximo jueves 15 volver\u00e1 a visitar Mercedes el ministro de Econom\u00eda y candidato a Vicepresidente de la Naci\u00f3n, Amado Boudoy, quien se reunir\u00e1 con comerciantes e industriales de la ciudad.<\/p>\n<p>Adem\u00e1s, este lunes estuvo invitado, junto a su esposa, a una cena con la Presidenta Cristina Fern\u00e1ndez de Kirchner y con los m\u00e1s altos funcionarios del gobierno. Adem\u00e1s, se hicieron presentes gobernadores y empresarios, \u201cdonde tuve la oportunidad de seguir avanzando en las gestiones que est\u00e1 haciendo el Frente Mercedino, como por ejemplo, en el mes de septiembre, que vamos a presentar el proyecto del Polo Tecnol\u00f3gico de desarrollo cient\u00edfico en el predio de la ex Colonia Capit\u00e1n Sarmiento\u201d.<\/p>\n<p>Por \u00faltimo, mostr\u00f3 satisfacci\u00f3n por el trabajo realizado durante el a\u00f1o y record\u00f3 la gesti\u00f3n realizada para que Mercedes tenga un Materno Infantil y prometi\u00f3 \u201cseguir trabajando con esa intensidad, que qued\u00f3 demostrada con las 93 ayudas directas y emprendimientos familiares que este viernes llegar\u00e1n a la ciudad. \u201cEsto se gestiona a trav\u00e9s del Ministerio de Desarrollo Social, que tiene dos programas que estamos gestionando, uno es de ayuda directa y otro de emprendimientos familiares. El de ayuda directa cosiste en que, ante las familias que tienen los derechos vulnerados, poder asistirlas a trav\u00e9s de diferentes materiales. El procedimiento es simple. Un trabajador social realiza una visita a uno de los hogares que est\u00e1n identificados con las necesidades b\u00e1sicas insatisfechas y elabora una planilla con una documentaci\u00f3n necesaria que es remitido al desarrollo social para que despu\u00e9s los camiones vayan directo a las casas de los beneficiarios\u201d, coment\u00f3.<\/p>\n<p>\u201cEstamos contentos, porque aparte de los 93 emprendimientos se han entregado 170 talleres familiares y 220 ayudas directas. En t\u00e9rminos concretos, con respecto a los talleres familiares, est\u00e1n destinados a la producci\u00f3n y al crecimiento familiar, dado que desde el ministerio se les brinda lo que necesitan para el desarrollo familiar\u201d, concluy\u00f3.<\/p>\n","protected":false},"excerpt":{"rendered":"<p>El candidato a intendente Juan Ustarroz inform\u00f3 ayer, en conferencia de prensa, que se reunir\u00e1 hoy con el rector de &#8230; <a title=\"Ustarroz se reunir\u00e1 con el Rector de la UTN\" class=\"read-more\" href=\"https:\/\/www.hoymercedes.com.ar\/principal\/2011\/09\/08\/ustarroz-se-reunira-con-el-rector-de-la-utn\/\" aria-label=\"Leer m\u00e1s sobre Ustarroz se reunir\u00e1 con el Rector de la UTN\">Leer m\u00e1s<\/a><\/p>\n","protected":false},"author":1,"featured_media":0,"comment_status":"open","ping_status":"open","sticky":false,"template":"","format":"standard","meta":{"_monsterinsights_skip_tracking":false,"_monsterinsights_sitenote_active":false,"_monsterinsights_sitenote_note":"","_monsterinsights_sitenote_category":0,"jetpack_post_was_ever_published":false,"_jetpack_newsletter_access":"","_jetpack_dont_email_post_to_subs":false,"_jetpack_newsletter_tier_id":0,"_jetpack_memberships_contains_paywalled_content":false,"_jetpack_memberships_contains_paid_content":false,"footnotes":"","jetpack_publicize_message":"","jetpack_publicize_feature_enabled":true,"jetpack_social_post_already_shared":false,"jetpack_social_options":{"image_generator_settings":{"template":"highway","default_image_id":0,"font":"","enabled":false},"version":2},"_wpas_customize_per_network":false},"categories":[5],"tags":[424,1261],"class_list":["post-7059","post","type-post","status-publish","format-standard","hentry","category-politica","tag-ustarroz","tag-utn","generate-columns","tablet-grid-50","mobile-grid-100","grid-parent","grid-50"],"jetpack_publicize_connections":[],"jetpack_featured_media_url":"","wps_subtitle":"","jetpack_sharing_enabled":true,"_links":{"self":[{"href":"https:\/\/www.hoymercedes.com.ar\/principal\/wp-json\/wp\/v2\/posts\/7059","targetHints":{"allow":["GET"]}}],"collection":[{"href":"https:\/\/www.hoymercedes.com.ar\/principal\/wp-json\/wp\/v2\/posts"}],"about":[{"href":"https:\/\/www.hoymercedes.com.ar\/principal\/wp-json\/wp\/v2\/types\/post"}],"author":[{"embeddable":true,"href":"https:\/\/www.hoymercedes.com.ar\/principal\/wp-json\/wp\/v2\/users\/1"}],"replies":[{"embeddable":true,"href":"https:\/\/www.hoymercedes.com.ar\/principal\/wp-json\/wp\/v2\/comments?post=7059"}],"version-history":[{"count":0,"href":"https:\/\/www.hoymercedes.com.ar\/principal\/wp-json\/wp\/v2\/posts\/7059\/revisions"}],"wp:attachment":[{"href":"https:\/\/www.hoymercedes.com.ar\/principal\/wp-json\/wp\/v2\/media?parent=7059"}],"wp:term":[{"taxonomy":"category","embeddable":true,"href":"https:\/\/www.hoymercedes.com.ar\/principal\/wp-json\/wp\/v2\/categories?post=7059"},{"taxonomy":"post_tag","embeddable":true,"href":"https:\/\/www.hoymercedes.com.ar\/principal\/wp-json\/wp\/v2\/tags?post=7059"}],"curies":[{"name":"wp","href":"https:\/\/api.w.org\/{rel}","templated":true}]}}