{"id":70597,"date":"2017-12-08T14:01:49","date_gmt":"2017-12-08T17:01:49","guid":{"rendered":"http:\/\/www.hoymercedes.com.ar\/principal\/?p=70597"},"modified":"2017-12-08T15:22:27","modified_gmt":"2017-12-08T18:22:27","slug":"capacitacion-para-el-re-empadronamiento-de-industrias","status":"publish","type":"post","link":"https:\/\/www.hoymercedes.com.ar\/principal\/2017\/12\/08\/capacitacion-para-el-re-empadronamiento-de-industrias\/","title":{"rendered":"Capacitaci\u00f3n para el re-empadronamiento de Industrias"},"content":{"rendered":"<p>El d\u00eda martes 5 de diciembre, se llev\u00f3 adelante en conjunto una capacitaci\u00f3n de la C\u00e1mara Econ\u00f3mica Mercedina con la Municipalidad de Mercedes sobre el sistema de re-empadronamiento industrial que establece la ley provincial.<\/p>\n<p>M\u00e1s de 35 industriales y productores estuvieron presentes en la exposici\u00f3n de los representantes del Municipio. En la exposici\u00f3n se present\u00f3 el r\u00e9gimen simplificado ayudando a que los asistentes se generen los usuarios para llevar adelante el tr\u00e1mite provincial.<\/p>\n<p>La capacitaci\u00f3n ayud\u00f3 a que los presentes sepan c\u00f3mo re-empradronarse v\u00eda internet para agilizar el tr\u00e1mite y lograr as\u00ed los certificados necesarios para concluir el tr\u00e1mite de re empadronamiento.<\/p>\n<p>Vale destacar que a partir de ahora todas las industrias podr\u00e1n re-empadronarse en un sistema \u00fanico que llev\u00f3 a cabo la Subsecretaria de Modernizaci\u00f3n del Estado del municipio. A todas las industrias se les entreg\u00f3 un usuario y una contrase\u00f1a para que puedan actualizar todos sus datos y poder as\u00ed seguir el proceso del expediente.<\/p>\n<p>La norma estaba prevista y ordenada desde hace casi siete a\u00f1os, pero, no se hab\u00eda puesto en funcionamiento.<\/p>\n<p>Fuente: Prensa CEM<\/p>\n<figure id=\"attachment_70598\" aria-describedby=\"caption-attachment-70598\" style=\"width: 620px\" class=\"wp-caption aligncenter\"><img loading=\"lazy\" decoding=\"async\" data-attachment-id=\"70598\" data-permalink=\"https:\/\/www.hoymercedes.com.ar\/principal\/2017\/12\/08\/capacitacion-para-el-re-empadronamiento-de-industrias\/dos-notas-recategorizacion\/#main\" data-orig-file=\"https:\/\/www.hoymercedes.com.ar\/principal\/wp-content\/uploads\/2017\/12\/dos-notas-recategorizacion.jpg\" data-orig-size=\"844,563\" data-comments-opened=\"0\" data-image-meta=\"{&quot;aperture&quot;:&quot;0&quot;,&quot;credit&quot;:&quot;&quot;,&quot;camera&quot;:&quot;&quot;,&quot;caption&quot;:&quot;&quot;,&quot;created_timestamp&quot;:&quot;0&quot;,&quot;copyright&quot;:&quot;&quot;,&quot;focal_length&quot;:&quot;0&quot;,&quot;iso&quot;:&quot;0&quot;,&quot;shutter_speed&quot;:&quot;0&quot;,&quot;title&quot;:&quot;&quot;,&quot;orientation&quot;:&quot;0&quot;}\" data-image-title=\"dos notas recategorizacion\" data-image-description=\"\" data-image-caption=\"&lt;p&gt;En conjunto la CEM y el Municipio brindaron capacitaci\u00f3n a industrias. &lt;\/p&gt;\n\" data-large-file=\"https:\/\/www.hoymercedes.com.ar\/principal\/wp-content\/uploads\/2017\/12\/dos-notas-recategorizacion.jpg\" class=\"size-medium wp-image-70598\" src=\"https:\/\/www.hoymercedes.com.ar\/principal\/wp-content\/uploads\/2017\/12\/dos-notas-recategorizacion-630x420.jpg\" alt=\"\" width=\"630\" height=\"420\" srcset=\"https:\/\/www.hoymercedes.com.ar\/principal\/wp-content\/uploads\/2017\/12\/dos-notas-recategorizacion-630x420.jpg 630w, https:\/\/www.hoymercedes.com.ar\/principal\/wp-content\/uploads\/2017\/12\/dos-notas-recategorizacion-150x100.jpg 150w, https:\/\/www.hoymercedes.com.ar\/principal\/wp-content\/uploads\/2017\/12\/dos-notas-recategorizacion.jpg 844w\" sizes=\"auto, (max-width: 630px) 100vw, 630px\" \/><figcaption id=\"caption-attachment-70598\" class=\"wp-caption-text\">En conjunto la CEM y el Municipio brindaron capacitaci\u00f3n a industrias.<\/figcaption><\/figure>\n","protected":false},"excerpt":{"rendered":"<p>El d\u00eda martes 5 de diciembre, se llev\u00f3 adelante en conjunto una capacitaci\u00f3n de la C\u00e1mara Econ\u00f3mica Mercedina con la &#8230; <a title=\"Capacitaci\u00f3n para el re-empadronamiento de Industrias\" class=\"read-more\" href=\"https:\/\/www.hoymercedes.com.ar\/principal\/2017\/12\/08\/capacitacion-para-el-re-empadronamiento-de-industrias\/\" aria-label=\"Leer m\u00e1s sobre Capacitaci\u00f3n para el re-empadronamiento de Industrias\">Leer m\u00e1s<\/a><\/p>\n","protected":false},"author":1,"featured_media":70598,"comment_status":"closed","ping_status":"open","sticky":false,"template":"","format":"standard","meta":{"_monsterinsights_skip_tracking":false,"_monsterinsights_sitenote_active":false,"_monsterinsights_sitenote_note":"","_monsterinsights_sitenote_category":0,"jetpack_post_was_ever_published":false,"_jetpack_newsletter_access":"","_jetpack_dont_email_post_to_subs":false,"_jetpack_newsletter_tier_id":0,"_jetpack_memberships_contains_paywalled_content":false,"_jetpack_memberships_contains_paid_content":false,"footnotes":"","jetpack_publicize_message":"","jetpack_publicize_feature_enabled":true,"jetpack_social_post_already_shared":true,"jetpack_social_options":{"image_generator_settings":{"template":"highway","default_image_id":0,"font":"","enabled":false},"version":2},"_wpas_customize_per_network":false},"categories":[8],"tags":[8656,682,10,244,12371],"class_list":["post-70597","post","type-post","status-publish","format-standard","has-post-thumbnail","hentry","category-sociedad","tag-capacitacion","tag-cem","tag-mercedes","tag-municipio-2","tag-re-empadronamiento","generate-columns","tablet-grid-50","mobile-grid-100","grid-parent","grid-50"],"jetpack_publicize_connections":[],"jetpack_featured_media_url":"https:\/\/www.hoymercedes.com.ar\/principal\/wp-content\/uploads\/2017\/12\/dos-notas-recategorizacion.jpg","wps_subtitle":"CEM y Municipio","jetpack_sharing_enabled":true,"_links":{"self":[{"href":"https:\/\/www.hoymercedes.com.ar\/principal\/wp-json\/wp\/v2\/posts\/70597","targetHints":{"allow":["GET"]}}],"collection":[{"href":"https:\/\/www.hoymercedes.com.ar\/principal\/wp-json\/wp\/v2\/posts"}],"about":[{"href":"https:\/\/www.hoymercedes.com.ar\/principal\/wp-json\/wp\/v2\/types\/post"}],"author":[{"embeddable":true,"href":"https:\/\/www.hoymercedes.com.ar\/principal\/wp-json\/wp\/v2\/users\/1"}],"replies":[{"embeddable":true,"href":"https:\/\/www.hoymercedes.com.ar\/principal\/wp-json\/wp\/v2\/comments?post=70597"}],"version-history":[{"count":0,"href":"https:\/\/www.hoymercedes.com.ar\/principal\/wp-json\/wp\/v2\/posts\/70597\/revisions"}],"wp:featuredmedia":[{"embeddable":true,"href":"https:\/\/www.hoymercedes.com.ar\/principal\/wp-json\/wp\/v2\/media\/70598"}],"wp:attachment":[{"href":"https:\/\/www.hoymercedes.com.ar\/principal\/wp-json\/wp\/v2\/media?parent=70597"}],"wp:term":[{"taxonomy":"category","embeddable":true,"href":"https:\/\/www.hoymercedes.com.ar\/principal\/wp-json\/wp\/v2\/categories?post=70597"},{"taxonomy":"post_tag","embeddable":true,"href":"https:\/\/www.hoymercedes.com.ar\/principal\/wp-json\/wp\/v2\/tags?post=70597"}],"curies":[{"name":"wp","href":"https:\/\/api.w.org\/{rel}","templated":true}]}}