{"id":70601,"date":"2017-12-08T16:09:58","date_gmt":"2017-12-08T19:09:58","guid":{"rendered":"http:\/\/www.hoymercedes.com.ar\/principal\/?p=70601"},"modified":"2017-12-08T11:21:19","modified_gmt":"2017-12-08T14:21:19","slug":"jornada-de-memoria-verdad-justicia-relatos-y-musica-en-la-trocha","status":"publish","type":"post","link":"https:\/\/www.hoymercedes.com.ar\/principal\/2017\/12\/08\/jornada-de-memoria-verdad-justicia-relatos-y-musica-en-la-trocha\/","title":{"rendered":"Jornada de Memoria, Verdad, Justicia, Relatos y M\u00fasica en La Trocha"},"content":{"rendered":"<p>En el \u00e1mbito del Centro Cultural La Trocha se llev\u00f3 a cabo un nuevo encuentro en torno a la memoria, verdad y justicia con m\u00fasica y relatos.\u00a0Organizado por la Coordinaci\u00f3n de Derechos Humanos actuaron Silvia De C\u00e9sare, Pedro Mart\u00edn, Miguel Schafrik, Victoria Mariella y Ezequiel Dadea.<\/p>\n<p>Hubo historias mercedinas como tambi\u00e9n de grandes autores nacionales y latinoamericanos. La propuesta fue en el marco de las actividades generadas ante un nuevo d\u00eda de conmemoraci\u00f3n del d\u00eda internacional de los derechos humanos que es el 10 de diciembre e incluy\u00f3 proyecci\u00f3n de videos el martes, m\u00fasica y relatos este jueves y descubrimiento de placa la ma\u00f1ana del s\u00e1bado en homenaje a Carlos Gatica.<\/p>\n<p>Para Sergio Carini, coordinador del \u00e1rea, esta actividad es un paso m\u00e1s para tener siempre presente la memoria cr\u00edtica, la cultura y el encuentro, donde adem\u00e1s \u201cconmemoramos un nuevo d\u00eda de los derechos humanos\u201d que \u201cdefendemos, siempre, todo el a\u00f1o\u201d<\/p>\n<p>Mientras que Juan Pablo L\u00f3pez Baggio, Secretario de Gobierno, sostuvo que \u201ces un d\u00eda muy especial. Es un d\u00eda donde hay marchas, movilizaciones, pedidos de defensa del Estado de Derecho al cual adherimos. Creemos que es tambi\u00e9n defender la democracia, los derechos humanos, las causas justas\u201d y que \u201chay atropellos a los derechos humanos, a los de cada d\u00eda, que son las jubilaciones, la cultura, el deporte, el salario, los derechos de los trabajadores, que tambi\u00e9n debemos, cotidianamente, defender\u201d, entre otros concepto expres\u00f3 el funcionario.<\/p>\n<p>Silvia De C\u00e9sare, quien actu\u00f3, tambi\u00e9n remarc\u00f3 que \u201cestamos en un lugar hermoso, en una ciudad donde a\u00fan hay talleres, apuesta a la cultura, actividades que en otros lugares est\u00e1n siendo sacadas\u201d<\/p>\n<p>La propuesta, se realiz\u00f3 bajo un clima espl\u00e9ndido y que dej\u00f3 un gran momento con la cultura, el arte y el pensamiento cr\u00edtico, organizado desde la Secretar\u00eda de Gobierno de la Municipalidad de Mercedes.<\/p>\n<p>&nbsp;<\/p>\n<p>Fuente: Prensa Municipal<\/p>\n","protected":false},"excerpt":{"rendered":"<p>En el \u00e1mbito del Centro Cultural La Trocha se llev\u00f3 a cabo un nuevo encuentro en torno a la memoria, &#8230; <a title=\"Jornada de Memoria, Verdad, Justicia, Relatos y M\u00fasica en La Trocha\" class=\"read-more\" href=\"https:\/\/www.hoymercedes.com.ar\/principal\/2017\/12\/08\/jornada-de-memoria-verdad-justicia-relatos-y-musica-en-la-trocha\/\" aria-label=\"Leer m\u00e1s sobre Jornada de Memoria, Verdad, Justicia, Relatos y M\u00fasica en La Trocha\">Leer m\u00e1s<\/a><\/p>\n","protected":false},"author":1,"featured_media":70602,"comment_status":"closed","ping_status":"open","sticky":false,"template":"","format":"standard","meta":{"_monsterinsights_skip_tracking":false,"_monsterinsights_sitenote_active":false,"_monsterinsights_sitenote_note":"","_monsterinsights_sitenote_category":0,"jetpack_post_was_ever_published":false,"_jetpack_newsletter_access":"","_jetpack_dont_email_post_to_subs":false,"_jetpack_newsletter_tier_id":0,"_jetpack_memberships_contains_paywalled_content":false,"_jetpack_memberships_contains_paid_content":false,"footnotes":"","jetpack_publicize_message":"","jetpack_publicize_feature_enabled":true,"jetpack_social_post_already_shared":true,"jetpack_social_options":{"image_generator_settings":{"template":"highway","default_image_id":0,"font":"","enabled":false},"version":2},"_wpas_customize_per_network":false},"categories":[30],"tags":[7073,3959,10,244,8788],"class_list":["post-70601","post","type-post","status-publish","format-standard","has-post-thumbnail","hentry","category-municipio","tag-coordinacion-de-derechos-humanos","tag-la-trocha","tag-mercedes","tag-municipio-2","tag-relatos","generate-columns","tablet-grid-50","mobile-grid-100","grid-parent","grid-50"],"jetpack_publicize_connections":[],"jetpack_featured_media_url":"https:\/\/www.hoymercedes.com.ar\/principal\/wp-content\/uploads\/2017\/12\/08-ddhh-relato-silvia-DC.jpg","wps_subtitle":"D\u00eda de la Democracia y los DDHH","jetpack_sharing_enabled":true,"_links":{"self":[{"href":"https:\/\/www.hoymercedes.com.ar\/principal\/wp-json\/wp\/v2\/posts\/70601","targetHints":{"allow":["GET"]}}],"collection":[{"href":"https:\/\/www.hoymercedes.com.ar\/principal\/wp-json\/wp\/v2\/posts"}],"about":[{"href":"https:\/\/www.hoymercedes.com.ar\/principal\/wp-json\/wp\/v2\/types\/post"}],"author":[{"embeddable":true,"href":"https:\/\/www.hoymercedes.com.ar\/principal\/wp-json\/wp\/v2\/users\/1"}],"replies":[{"embeddable":true,"href":"https:\/\/www.hoymercedes.com.ar\/principal\/wp-json\/wp\/v2\/comments?post=70601"}],"version-history":[{"count":0,"href":"https:\/\/www.hoymercedes.com.ar\/principal\/wp-json\/wp\/v2\/posts\/70601\/revisions"}],"wp:featuredmedia":[{"embeddable":true,"href":"https:\/\/www.hoymercedes.com.ar\/principal\/wp-json\/wp\/v2\/media\/70602"}],"wp:attachment":[{"href":"https:\/\/www.hoymercedes.com.ar\/principal\/wp-json\/wp\/v2\/media?parent=70601"}],"wp:term":[{"taxonomy":"category","embeddable":true,"href":"https:\/\/www.hoymercedes.com.ar\/principal\/wp-json\/wp\/v2\/categories?post=70601"},{"taxonomy":"post_tag","embeddable":true,"href":"https:\/\/www.hoymercedes.com.ar\/principal\/wp-json\/wp\/v2\/tags?post=70601"}],"curies":[{"name":"wp","href":"https:\/\/api.w.org\/{rel}","templated":true}]}}