{"id":70606,"date":"2017-12-08T18:26:56","date_gmt":"2017-12-08T21:26:56","guid":{"rendered":"http:\/\/www.hoymercedes.com.ar\/principal\/?p=70606"},"modified":"2017-12-08T11:33:07","modified_gmt":"2017-12-08T14:33:07","slug":"egresaron-alumnos-del-nivel-primario-en-la-unidad-5","status":"publish","type":"post","link":"https:\/\/www.hoymercedes.com.ar\/principal\/2017\/12\/08\/egresaron-alumnos-del-nivel-primario-en-la-unidad-5\/","title":{"rendered":"Egresaron alumnos del nivel primario en la Unidad 5"},"content":{"rendered":"<p>El d\u00eda mi\u00e9rcoles 6, se llev\u00f3 adelante la ceremonia de egreso del Nivel Primario, perteneciente a la Escuela de Adultos N\u00ba 701, los 56 alumnos que asisten participaron del cierre del ciclo lectivo 2017 de dicha instituci\u00f3n, recibiendo sus diplomas.<\/p>\n<figure id=\"attachment_70607\" aria-describedby=\"caption-attachment-70607\" style=\"width: 620px\" class=\"wp-caption aligncenter\"><img loading=\"lazy\" decoding=\"async\" data-attachment-id=\"70607\" data-permalink=\"https:\/\/www.hoymercedes.com.ar\/principal\/2017\/12\/08\/egresaron-alumnos-del-nivel-primario-en-la-unidad-5\/08-carcel-egresados-primaria\/#main\" data-orig-file=\"https:\/\/www.hoymercedes.com.ar\/principal\/wp-content\/uploads\/2017\/12\/08-carcel-egresados-primaria.jpg\" data-orig-size=\"750,422\" data-comments-opened=\"0\" data-image-meta=\"{&quot;aperture&quot;:&quot;0&quot;,&quot;credit&quot;:&quot;&quot;,&quot;camera&quot;:&quot;&quot;,&quot;caption&quot;:&quot;&quot;,&quot;created_timestamp&quot;:&quot;0&quot;,&quot;copyright&quot;:&quot;&quot;,&quot;focal_length&quot;:&quot;0&quot;,&quot;iso&quot;:&quot;0&quot;,&quot;shutter_speed&quot;:&quot;0&quot;,&quot;title&quot;:&quot;&quot;,&quot;orientation&quot;:&quot;0&quot;}\" data-image-title=\"08 carcel egresados primaria\" data-image-description=\"\" data-image-caption=\"&lt;p&gt;Egresados del nivel primario en la escuela de la c\u00e1rcel&lt;\/p&gt;\n\" data-large-file=\"https:\/\/www.hoymercedes.com.ar\/principal\/wp-content\/uploads\/2017\/12\/08-carcel-egresados-primaria.jpg\" class=\"size-medium wp-image-70607\" src=\"https:\/\/www.hoymercedes.com.ar\/principal\/wp-content\/uploads\/2017\/12\/08-carcel-egresados-primaria-630x354.jpg\" alt=\"\" width=\"630\" height=\"354\" srcset=\"https:\/\/www.hoymercedes.com.ar\/principal\/wp-content\/uploads\/2017\/12\/08-carcel-egresados-primaria-630x354.jpg 630w, https:\/\/www.hoymercedes.com.ar\/principal\/wp-content\/uploads\/2017\/12\/08-carcel-egresados-primaria-150x84.jpg 150w, https:\/\/www.hoymercedes.com.ar\/principal\/wp-content\/uploads\/2017\/12\/08-carcel-egresados-primaria.jpg 750w\" sizes=\"auto, (max-width: 630px) 100vw, 630px\" \/><figcaption id=\"caption-attachment-70607\" class=\"wp-caption-text\">Egresados del nivel primario en la escuela de la c\u00e1rcel<\/figcaption><\/figure>\n<p>En el Sal\u00f3n de Usos M\u00faltiples de la escuela, se llev\u00f3 adelante el acto que comenz\u00f3 con el Himno Nacional, luego las docentes hablaron despidiendo a sus alumnos y por \u00faltimo el Director de la escuela primaria Eduardo\u00a0\u00abYayo\u00bb Pisoni, les dedic\u00f3 sentidas palabras y aconsej\u00f3 a todos que sigan su educaci\u00f3n, prosiguiendo en la escuela secundaria.<\/p>\n<p>Los docentes de cada ciclo hicieron entrega del Certificado Oficial y de un presente a cada uno de los internos \u2013 alumnos.<\/p>\n<p>Por otra parte d\u00edas pasados, se realiz\u00f3 de una fiesta recreativa para todos los alumnos con la visita del grupo\u00a0Pura Tierra, que toco un amplio repertorio de m\u00fasica Latinoam\u00e9rica, los cuales fueron muy aplaudidos y mostraron mucho inter\u00e9s.<\/p>\n<p>Los m\u00fasicos, saludaron a los alumnos agradecieron\u00a0 el respeto y\u00a0 la posibilidad de participar en un d\u00eda tan especial, comprometi\u00e9ndose a volver en alguna otra oportunidad. Los integrantes de Pura Tierra\u00a0 que visitaron la Unidad 5 fueron, Esteban Ismael, Fernando Viloria, Emanuel Damele, Luciano Ismael y Daniel Actis, que recientemente grabaron un CD, y dejaron de regalo algunos, los cuales se sortearon entre los alumnos egresados.<\/p>\n<p>&nbsp;<\/p>\n<p>Fuente: Unidad 5<\/p>\n","protected":false},"excerpt":{"rendered":"<p>El d\u00eda mi\u00e9rcoles 6, se llev\u00f3 adelante la ceremonia de egreso del Nivel Primario, perteneciente a la Escuela de Adultos &#8230; <a title=\"Egresaron alumnos del nivel primario en la Unidad 5\" class=\"read-more\" href=\"https:\/\/www.hoymercedes.com.ar\/principal\/2017\/12\/08\/egresaron-alumnos-del-nivel-primario-en-la-unidad-5\/\" aria-label=\"Leer m\u00e1s sobre Egresaron alumnos del nivel primario en la Unidad 5\">Leer m\u00e1s<\/a><\/p>\n","protected":false},"author":1,"featured_media":70607,"comment_status":"closed","ping_status":"open","sticky":false,"template":"","format":"standard","meta":{"_monsterinsights_skip_tracking":false,"_monsterinsights_sitenote_active":false,"_monsterinsights_sitenote_note":"","_monsterinsights_sitenote_category":0,"jetpack_post_was_ever_published":false,"_jetpack_newsletter_access":"","_jetpack_dont_email_post_to_subs":false,"_jetpack_newsletter_tier_id":0,"_jetpack_memberships_contains_paywalled_content":false,"_jetpack_memberships_contains_paid_content":false,"footnotes":"","jetpack_publicize_message":"","jetpack_publicize_feature_enabled":true,"jetpack_social_post_already_shared":true,"jetpack_social_options":{"image_generator_settings":{"template":"highway","default_image_id":0,"font":"","enabled":false},"version":2},"_wpas_customize_per_network":false},"categories":[23],"tags":[1011,47,1665,12372,10114,113],"class_list":["post-70606","post","type-post","status-publish","format-standard","has-post-thumbnail","hentry","category-educacion","tag-carcel","tag-educacion-2","tag-egresados","tag-escuela-primaria","tag-servicio-penitenciario","tag-unidad-5","generate-columns","tablet-grid-50","mobile-grid-100","grid-parent","grid-50"],"jetpack_publicize_connections":[],"jetpack_featured_media_url":"https:\/\/www.hoymercedes.com.ar\/principal\/wp-content\/uploads\/2017\/12\/08-carcel-egresados-primaria.jpg","wps_subtitle":"Estudiar en situaci\u00f3n de encierro","jetpack_sharing_enabled":true,"_links":{"self":[{"href":"https:\/\/www.hoymercedes.com.ar\/principal\/wp-json\/wp\/v2\/posts\/70606","targetHints":{"allow":["GET"]}}],"collection":[{"href":"https:\/\/www.hoymercedes.com.ar\/principal\/wp-json\/wp\/v2\/posts"}],"about":[{"href":"https:\/\/www.hoymercedes.com.ar\/principal\/wp-json\/wp\/v2\/types\/post"}],"author":[{"embeddable":true,"href":"https:\/\/www.hoymercedes.com.ar\/principal\/wp-json\/wp\/v2\/users\/1"}],"replies":[{"embeddable":true,"href":"https:\/\/www.hoymercedes.com.ar\/principal\/wp-json\/wp\/v2\/comments?post=70606"}],"version-history":[{"count":0,"href":"https:\/\/www.hoymercedes.com.ar\/principal\/wp-json\/wp\/v2\/posts\/70606\/revisions"}],"wp:featuredmedia":[{"embeddable":true,"href":"https:\/\/www.hoymercedes.com.ar\/principal\/wp-json\/wp\/v2\/media\/70607"}],"wp:attachment":[{"href":"https:\/\/www.hoymercedes.com.ar\/principal\/wp-json\/wp\/v2\/media?parent=70606"}],"wp:term":[{"taxonomy":"category","embeddable":true,"href":"https:\/\/www.hoymercedes.com.ar\/principal\/wp-json\/wp\/v2\/categories?post=70606"},{"taxonomy":"post_tag","embeddable":true,"href":"https:\/\/www.hoymercedes.com.ar\/principal\/wp-json\/wp\/v2\/tags?post=70606"}],"curies":[{"name":"wp","href":"https:\/\/api.w.org\/{rel}","templated":true}]}}