{"id":70649,"date":"2017-12-10T10:00:22","date_gmt":"2017-12-10T13:00:22","guid":{"rendered":"http:\/\/www.hoymercedes.com.ar\/principal\/?p=70649"},"modified":"2017-12-09T21:06:44","modified_gmt":"2017-12-10T00:06:44","slug":"pulmon-verde-de-la-ciudad-y-la-ciudad-judicial","status":"publish","type":"post","link":"https:\/\/www.hoymercedes.com.ar\/principal\/2017\/12\/10\/pulmon-verde-de-la-ciudad-y-la-ciudad-judicial\/","title":{"rendered":"Pulm\u00f3n verde de la ciudad  y la Ciudad Judicial"},"content":{"rendered":"<p>Por el Centro de Ingenieros de Mercedes &#8211; Las zonas verdes de las ciudades se convierten en aut\u00e9nticos pulmones brindando servicios ambientales como son la captaci\u00f3n de agua pluvial; la generaci\u00f3n de ox\u00edgeno; la disminuci\u00f3n de los niveles de contaminaci\u00f3n en el aire; la disminuci\u00f3n de los efectos de las llamadas \u201cislas de calor\u201d; el amortiguamiento de los niveles de ruidos y ofrecen un ecosistema urbano que ayuda a la conservaci\u00f3n de la biodiversidad.<\/p>\n<p>Los pulmones verdes de la ciudad para que lleguen sus beneficios a todas las personas, seg\u00fan la Organizaci\u00f3n Mundial de la Salud (OMS), se debe calcular como m\u00ednimo un \u00e1rea verde entre 10 y 15 metros cuadrados por habitante.<\/p>\n<p>Los pulmones verdes urbanos constituyen una necesidad y un derecho de los ciudadanos en su conjunto. Es obligaci\u00f3n del Estado, sea Nacional, Provincia o Municipal anteponer el bien com\u00fan de los ciudadanos a la demanda de cualquier grupo o instituci\u00f3n que pretenda menoscabarlos.<\/p>\n<p>Los bienes pertenecientes al Estado y que constituyen pulmones verdes no deben ser enajenados para la realizaci\u00f3n de complejos edilicios, cualquiera sea su destino. La preservaci\u00f3n de los espacios verdes es una obligaci\u00f3n del Estado.<\/p>\n<p>En la Ciudad de Mercedes de acuerdo a las normativa vigente, Ordenanza de Zonificaci\u00f3n N\u00b0 5671 que fuera convalidada por el Gobernador de la Provincia de Buenos Aires en el a\u00f1o 2003, que TODOS DEBEMOS RESPETAR, determina que el sector que se encuentra entre las calles 35 y 29 y las v\u00edas de los ferrocarriles San Mart\u00edn y Sarmiento pertenecen al Distrito de Urbanizaci\u00f3n Especial N\u00b05 (D.U.E.5) cuyo fin es el Espacio Verde constituyendo el \u00fanico pulm\u00f3n de importancia con que cuenta la ciudad.<\/p>\n<p>El terreno en que se construyan edificios destinados al Poder Judicial debe tener una ubicaci\u00f3n tal que satisfaga las exigencias que fijan las normas municipales y provinciales, cuyo listado es el siguiente:<\/p>\n<p>1.- Certificado de Aptitud Urban\u00edstica<\/p>\n<p>2.- Certificaci\u00f3n de los organismos competentes en relaci\u00f3n a la prestaci\u00f3n de los servicios:<\/p>\n<p>2.1- Energ\u00eda el\u00e9ctrica<\/p>\n<p>2.2.- Agua corriente<\/p>\n<p>2.3.- Desag\u00fces cloacales<\/p>\n<p>2.4.- Provisi\u00f3n de Gas Natural<\/p>\n<p>2.5.- Desag\u00fces pluviales<\/p>\n<p>3.- Accesibilidad, trama circulatoria y el tr\u00e1nsito en su entorno.<\/p>\n<p>4.- Estudio de Impacto Ambiental<\/p>\n<p>5.- Impacto visual en el tejido urbano.<\/p>\n<p>Resulta por dem\u00e1s evidente que el terreno que pertenece al Estado Nacional, ubicado entre las v\u00edas del Sarmiento y el San Mart\u00edn y las calles 29 y 35, no cumple con las exigencias antes mencionadas.<\/p>\n<p>Adem\u00e1s debemos se\u00f1alar que la Ordenanza N\u00b0 7716 sancionada por unanimidad por el Honorable Concejo Deliberante en el a\u00f1o 2015 en su art\u00edculo 3\u00b0 dice: \u201c Preservar la totalidad de los terrenos de las tres l\u00edneas ferroviarias que se encuentran en el Partido de Mercedes, no permitiendo el cambio de la zonificaci\u00f3n dada por la Ordenanza 5671\/03 en el Distrito de Urbanizaci\u00f3n Especial denominado D.U.E. 5 ni la realizaci\u00f3n de ning\u00fan tipo de construcci\u00f3n, ya sea que se encuentren en tr\u00e1mite de aprobaci\u00f3n o que se presenten en el futuro, que no est\u00e9n relacionadas estrictamente con el desenvolvimiento ferroviario.<\/p>\n<p>Los espacios verdes de la ciudad pertenecen en \u00faltima instancia al pueblo y no a organismos que f\u00e1cilmente pueden disponer de numerosos terrenos dentro de las 105.000 hect\u00e1reas con que cuenta nuestro Partido, existiendo lugares muchos m\u00e1s apropiados para lo que se pretende realizar sin ocasionar impactos urban\u00edsticos y ambientales totalmente negativos.<\/p>\n<p>Tiempo atr\u00e1s se pretendi\u00f3 ubicar en los mismos terrenos un plan de viviendas que provoc\u00f3 un fuerte reclamo por parte de los vecinos, el que hizo se desistiera de su construcci\u00f3n. \u00bfPara este proyecto, siendo los vecinos aquellos directamente afectados, se los ha consultado? \u00bfSe ha tenido en cuenta la opini\u00f3n profesional de las Instituciones gremiales y civiles con incumbencia afectadas?<\/p>\n<p>El Centro de Ingenieros reitera una vez m\u00e1s que est\u00e1 a disposici\u00f3n para contribuir a solucionar\u00a0 la problem\u00e1tica edilicia del Poder Judicial, Departamento Judicial de Mercedes, de forma tal que satisfaga las necesidades presentes y futuras en forma arm\u00f3nica, sustentable y acorde con los principios urban\u00edsticos y ambientales modernos.<\/p>\n","protected":false},"excerpt":{"rendered":"<p>Por el Centro de Ingenieros de Mercedes &#8211; Las zonas verdes de las ciudades se convierten en aut\u00e9nticos pulmones brindando &#8230; <a title=\"Pulm\u00f3n verde de la ciudad  y la Ciudad Judicial\" class=\"read-more\" href=\"https:\/\/www.hoymercedes.com.ar\/principal\/2017\/12\/10\/pulmon-verde-de-la-ciudad-y-la-ciudad-judicial\/\" aria-label=\"Leer m\u00e1s sobre Pulm\u00f3n verde de la ciudad  y la Ciudad Judicial\">Leer m\u00e1s<\/a><\/p>\n","protected":false},"author":1,"featured_media":70650,"comment_status":"closed","ping_status":"open","sticky":false,"template":"","format":"standard","meta":{"_monsterinsights_skip_tracking":false,"_monsterinsights_sitenote_active":false,"_monsterinsights_sitenote_note":"","_monsterinsights_sitenote_category":0,"jetpack_post_was_ever_published":false,"_jetpack_newsletter_access":"","_jetpack_dont_email_post_to_subs":false,"_jetpack_newsletter_tier_id":0,"_jetpack_memberships_contains_paywalled_content":false,"_jetpack_memberships_contains_paid_content":false,"footnotes":"","jetpack_publicize_message":"","jetpack_publicize_feature_enabled":true,"jetpack_social_post_already_shared":true,"jetpack_social_options":{"image_generator_settings":{"template":"highway","default_image_id":0,"font":"","enabled":false},"version":2},"_wpas_customize_per_network":false},"categories":[1],"tags":[10199,8748,12380],"class_list":["post-70649","post","type-post","status-publish","format-standard","has-post-thumbnail","hentry","category-opinion","tag-centro-de-ingenieros-de-mercedes","tag-opinion","tag-profesional","generate-columns","tablet-grid-50","mobile-grid-100","grid-parent","grid-50"],"jetpack_publicize_connections":[],"jetpack_featured_media_url":"https:\/\/www.hoymercedes.com.ar\/principal\/wp-content\/uploads\/2017\/12\/10-Ciudad-Judicial-2_1.jpg","wps_subtitle":"Opini\u00f3n profesional","jetpack_sharing_enabled":true,"_links":{"self":[{"href":"https:\/\/www.hoymercedes.com.ar\/principal\/wp-json\/wp\/v2\/posts\/70649","targetHints":{"allow":["GET"]}}],"collection":[{"href":"https:\/\/www.hoymercedes.com.ar\/principal\/wp-json\/wp\/v2\/posts"}],"about":[{"href":"https:\/\/www.hoymercedes.com.ar\/principal\/wp-json\/wp\/v2\/types\/post"}],"author":[{"embeddable":true,"href":"https:\/\/www.hoymercedes.com.ar\/principal\/wp-json\/wp\/v2\/users\/1"}],"replies":[{"embeddable":true,"href":"https:\/\/www.hoymercedes.com.ar\/principal\/wp-json\/wp\/v2\/comments?post=70649"}],"version-history":[{"count":0,"href":"https:\/\/www.hoymercedes.com.ar\/principal\/wp-json\/wp\/v2\/posts\/70649\/revisions"}],"wp:featuredmedia":[{"embeddable":true,"href":"https:\/\/www.hoymercedes.com.ar\/principal\/wp-json\/wp\/v2\/media\/70650"}],"wp:attachment":[{"href":"https:\/\/www.hoymercedes.com.ar\/principal\/wp-json\/wp\/v2\/media?parent=70649"}],"wp:term":[{"taxonomy":"category","embeddable":true,"href":"https:\/\/www.hoymercedes.com.ar\/principal\/wp-json\/wp\/v2\/categories?post=70649"},{"taxonomy":"post_tag","embeddable":true,"href":"https:\/\/www.hoymercedes.com.ar\/principal\/wp-json\/wp\/v2\/tags?post=70649"}],"curies":[{"name":"wp","href":"https:\/\/api.w.org\/{rel}","templated":true}]}}