{"id":70656,"date":"2017-12-10T11:22:27","date_gmt":"2017-12-10T14:22:27","guid":{"rendered":"http:\/\/www.hoymercedes.com.ar\/principal\/?p=70656"},"modified":"2017-12-10T10:31:17","modified_gmt":"2017-12-10T13:31:17","slug":"una-nueva-estrella-amarilla-se-colocara-en-tomas-jofre","status":"publish","type":"post","link":"https:\/\/www.hoymercedes.com.ar\/principal\/2017\/12\/10\/una-nueva-estrella-amarilla-se-colocara-en-tomas-jofre\/","title":{"rendered":"Una nueva Estrella Amarilla se colocar\u00e1 en Tom\u00e1s Jofr\u00e9"},"content":{"rendered":"<p>La Ruta Provincial N\u00b0 42 ser\u00e1 testigo del descubrimiento de una se\u00f1al vertical Estrella Amarilla que recuerda y homenajea a Mar\u00eda del Carmen Gorosito y a Hern\u00e1n Vaca, v\u00edctimas fatales de un siniestro vial en esa <a href=\"https:\/\/www.hoymercedes.com.ar\/principal\/2016\/12\/11\/dos-personas-fallecieron-en-fatal-accidente-en-la-ruta-42\/\" target=\"_blank\" rel=\"noopener\">ruta<\/a>. A la hora 10, del lunes 11 de diciembre en la Ruta que se dirige a Tom\u00e1s Jofr\u00e9 se har\u00e1 el acto con las palabras de autoridades y sueltas de globos.<\/p>\n<p>\u00abHace un a\u00f1o ellos volv\u00edan contentos, tal vez cansados por haber trabajado, pero felices de poder seguir cumpliendo sue\u00f1os, esos sue\u00f1os que quedaron all\u00ed, en ese lugar. Honrar su memoria y recordarlos siempre es lo que con este acto de amor har\u00e1 su querida familia. Los esperamos a todo aquel que pueda acompa\u00f1ar\u00bb, expresan desde el grupo Estrellas Amarillas Mercedes.<\/p>\n<p><img loading=\"lazy\" decoding=\"async\" data-attachment-id=\"63244\" data-permalink=\"https:\/\/www.hoymercedes.com.ar\/principal\/2017\/05\/29\/colocaran-senaletica-de-estrella-amarilla-en-2-y-119\/29-estrella-amarilla\/#main\" data-orig-file=\"https:\/\/www.hoymercedes.com.ar\/principal\/wp-content\/uploads\/2017\/05\/29-estrella-amarilla.jpg\" data-orig-size=\"531,446\" data-comments-opened=\"0\" data-image-meta=\"{&quot;aperture&quot;:&quot;0&quot;,&quot;credit&quot;:&quot;&quot;,&quot;camera&quot;:&quot;&quot;,&quot;caption&quot;:&quot;&quot;,&quot;created_timestamp&quot;:&quot;0&quot;,&quot;copyright&quot;:&quot;&quot;,&quot;focal_length&quot;:&quot;0&quot;,&quot;iso&quot;:&quot;0&quot;,&quot;shutter_speed&quot;:&quot;0&quot;,&quot;title&quot;:&quot;&quot;,&quot;orientation&quot;:&quot;0&quot;}\" data-image-title=\"29 estrella amarilla\" data-image-description=\"\" data-image-caption=\"\" data-large-file=\"https:\/\/www.hoymercedes.com.ar\/principal\/wp-content\/uploads\/2017\/05\/29-estrella-amarilla.jpg\" class=\"aligncenter size-full wp-image-63244\" src=\"https:\/\/www.hoymercedes.com.ar\/principal\/wp-content\/uploads\/2017\/05\/29-estrella-amarilla.jpg\" alt=\"\" width=\"531\" height=\"446\" srcset=\"https:\/\/www.hoymercedes.com.ar\/principal\/wp-content\/uploads\/2017\/05\/29-estrella-amarilla.jpg 531w, https:\/\/www.hoymercedes.com.ar\/principal\/wp-content\/uploads\/2017\/05\/29-estrella-amarilla-150x126.jpg 150w\" sizes=\"auto, (max-width: 531px) 100vw, 531px\" \/><\/p>\n","protected":false},"excerpt":{"rendered":"<p>La Ruta Provincial N\u00b0 42 ser\u00e1 testigo del descubrimiento de una se\u00f1al vertical Estrella Amarilla que recuerda y homenajea a &#8230; <a title=\"Una nueva Estrella Amarilla se colocar\u00e1 en Tom\u00e1s Jofr\u00e9\" class=\"read-more\" href=\"https:\/\/www.hoymercedes.com.ar\/principal\/2017\/12\/10\/una-nueva-estrella-amarilla-se-colocara-en-tomas-jofre\/\" aria-label=\"Leer m\u00e1s sobre Una nueva Estrella Amarilla se colocar\u00e1 en Tom\u00e1s Jofr\u00e9\">Leer m\u00e1s<\/a><\/p>\n","protected":false},"author":1,"featured_media":63708,"comment_status":"closed","ping_status":"open","sticky":false,"template":"","format":"standard","meta":{"_monsterinsights_skip_tracking":false,"_monsterinsights_sitenote_active":false,"_monsterinsights_sitenote_note":"","_monsterinsights_sitenote_category":0,"jetpack_post_was_ever_published":false,"_jetpack_newsletter_access":"","_jetpack_dont_email_post_to_subs":false,"_jetpack_newsletter_tier_id":0,"_jetpack_memberships_contains_paywalled_content":false,"_jetpack_memberships_contains_paid_content":false,"footnotes":"","jetpack_publicize_message":"","jetpack_publicize_feature_enabled":true,"jetpack_social_post_already_shared":true,"jetpack_social_options":{"image_generator_settings":{"template":"highway","default_image_id":0,"font":"","enabled":false},"version":2},"_wpas_customize_per_network":false},"categories":[8],"tags":[9444,10,7802],"class_list":["post-70656","post","type-post","status-publish","format-standard","has-post-thumbnail","hentry","category-sociedad","tag-estrella-amarilla","tag-mercedes","tag-sociedad","generate-columns","tablet-grid-50","mobile-grid-100","grid-parent","grid-50"],"jetpack_publicize_connections":[],"jetpack_featured_media_url":"https:\/\/www.hoymercedes.com.ar\/principal\/wp-content\/uploads\/2017\/06\/11-estrellas-amarillas-4.jpg","wps_subtitle":"El lunes 11 a la ma\u00f1ana","jetpack_sharing_enabled":true,"_links":{"self":[{"href":"https:\/\/www.hoymercedes.com.ar\/principal\/wp-json\/wp\/v2\/posts\/70656","targetHints":{"allow":["GET"]}}],"collection":[{"href":"https:\/\/www.hoymercedes.com.ar\/principal\/wp-json\/wp\/v2\/posts"}],"about":[{"href":"https:\/\/www.hoymercedes.com.ar\/principal\/wp-json\/wp\/v2\/types\/post"}],"author":[{"embeddable":true,"href":"https:\/\/www.hoymercedes.com.ar\/principal\/wp-json\/wp\/v2\/users\/1"}],"replies":[{"embeddable":true,"href":"https:\/\/www.hoymercedes.com.ar\/principal\/wp-json\/wp\/v2\/comments?post=70656"}],"version-history":[{"count":0,"href":"https:\/\/www.hoymercedes.com.ar\/principal\/wp-json\/wp\/v2\/posts\/70656\/revisions"}],"wp:featuredmedia":[{"embeddable":true,"href":"https:\/\/www.hoymercedes.com.ar\/principal\/wp-json\/wp\/v2\/media\/63708"}],"wp:attachment":[{"href":"https:\/\/www.hoymercedes.com.ar\/principal\/wp-json\/wp\/v2\/media?parent=70656"}],"wp:term":[{"taxonomy":"category","embeddable":true,"href":"https:\/\/www.hoymercedes.com.ar\/principal\/wp-json\/wp\/v2\/categories?post=70656"},{"taxonomy":"post_tag","embeddable":true,"href":"https:\/\/www.hoymercedes.com.ar\/principal\/wp-json\/wp\/v2\/tags?post=70656"}],"curies":[{"name":"wp","href":"https:\/\/api.w.org\/{rel}","templated":true}]}}