{"id":70669,"date":"2017-12-11T10:05:49","date_gmt":"2017-12-11T13:05:49","guid":{"rendered":"http:\/\/www.hoymercedes.com.ar\/principal\/?p=70669"},"modified":"2017-12-11T10:05:49","modified_gmt":"2017-12-11T13:05:49","slug":"la-cem-premio-el-puesto-de-venta-de-la-familia-figueroa","status":"publish","type":"post","link":"https:\/\/www.hoymercedes.com.ar\/principal\/2017\/12\/11\/la-cem-premio-el-puesto-de-venta-de-la-familia-figueroa\/","title":{"rendered":"La CEM premi\u00f3 el puesto de venta de la Familia Figueroa"},"content":{"rendered":"<p>En el marco de la 41\u00b0 Fiesta Nacional del Durazno que organizan los productores del fruto de Mercedes \u00a0en conjunto con la Municipalidad de Mercedes, la C\u00e1mara Econ\u00f3mica Mercedina premi\u00f3 el mejor puesto de venta de los productores locales.<\/p>\n<p>Minutos antes de conocerse el ganador a la mejor producci\u00f3n de Durazno, el Gerente de la CEM Ariel Pietrucha, acompa\u00f1ado del Intendente Juan Ustarroz, le entregaron el premio a la Familia Figueroa por su puesto de venta y por el esfuerzo realizado durante el a\u00f1o en la producci\u00f3n de duraznos y sus derivados.<\/p>\n<p>Fuente: Prensa CEM<\/p>\n<figure id=\"attachment_70670\" aria-describedby=\"caption-attachment-70670\" style=\"width: 620px\" class=\"wp-caption aligncenter\"><img loading=\"lazy\" decoding=\"async\" data-attachment-id=\"70670\" data-permalink=\"https:\/\/www.hoymercedes.com.ar\/principal\/2017\/12\/11\/la-cem-premio-el-puesto-de-venta-de-la-familia-figueroa\/stand-fiesta-durazno-1\/#main\" data-orig-file=\"https:\/\/www.hoymercedes.com.ar\/principal\/wp-content\/uploads\/2017\/12\/stand-fiesta-durazno-1.jpg\" data-orig-size=\"800,533\" data-comments-opened=\"0\" data-image-meta=\"{&quot;aperture&quot;:&quot;4&quot;,&quot;credit&quot;:&quot;SEBASTIANAMBROSSIO&quot;,&quot;camera&quot;:&quot;&quot;,&quot;caption&quot;:&quot;&quot;,&quot;created_timestamp&quot;:&quot;0&quot;,&quot;copyright&quot;:&quot;SebastianAmbrossio&quot;,&quot;focal_length&quot;:&quot;44&quot;,&quot;iso&quot;:&quot;0&quot;,&quot;shutter_speed&quot;:&quot;0.004&quot;,&quot;title&quot;:&quot;&quot;,&quot;orientation&quot;:&quot;1&quot;}\" data-image-title=\"stand fiesta durazno 1\" data-image-description=\"\" data-image-caption=\"\" data-large-file=\"https:\/\/www.hoymercedes.com.ar\/principal\/wp-content\/uploads\/2017\/12\/stand-fiesta-durazno-1.jpg\" class=\"wp-image-70670 size-medium\" src=\"https:\/\/www.hoymercedes.com.ar\/principal\/wp-content\/uploads\/2017\/12\/stand-fiesta-durazno-1-630x420.jpg\" alt=\"\" width=\"630\" height=\"420\" srcset=\"https:\/\/www.hoymercedes.com.ar\/principal\/wp-content\/uploads\/2017\/12\/stand-fiesta-durazno-1-630x420.jpg 630w, https:\/\/www.hoymercedes.com.ar\/principal\/wp-content\/uploads\/2017\/12\/stand-fiesta-durazno-1-150x100.jpg 150w, https:\/\/www.hoymercedes.com.ar\/principal\/wp-content\/uploads\/2017\/12\/stand-fiesta-durazno-1.jpg 800w\" sizes=\"auto, (max-width: 630px) 100vw, 630px\" \/><figcaption id=\"caption-attachment-70670\" class=\"wp-caption-text\">La Familia Figueroa fue destacada por su puesto de venta en la Fiesta Nacional del Durazno<\/figcaption><\/figure>\n","protected":false},"excerpt":{"rendered":"<p>En el marco de la 41\u00b0 Fiesta Nacional del Durazno que organizan los productores del fruto de Mercedes \u00a0en conjunto &#8230; <a title=\"La CEM premi\u00f3 el puesto de venta de la Familia Figueroa\" class=\"read-more\" href=\"https:\/\/www.hoymercedes.com.ar\/principal\/2017\/12\/11\/la-cem-premio-el-puesto-de-venta-de-la-familia-figueroa\/\" aria-label=\"Leer m\u00e1s sobre La CEM premi\u00f3 el puesto de venta de la Familia Figueroa\">Leer m\u00e1s<\/a><\/p>\n","protected":false},"author":1,"featured_media":70670,"comment_status":"closed","ping_status":"open","sticky":false,"template":"","format":"standard","meta":{"_monsterinsights_skip_tracking":false,"_monsterinsights_sitenote_active":false,"_monsterinsights_sitenote_note":"","_monsterinsights_sitenote_category":0,"jetpack_post_was_ever_published":false,"_jetpack_newsletter_access":"","_jetpack_dont_email_post_to_subs":false,"_jetpack_newsletter_tier_id":0,"_jetpack_memberships_contains_paywalled_content":false,"_jetpack_memberships_contains_paid_content":false,"footnotes":"","jetpack_publicize_message":"","jetpack_publicize_feature_enabled":true,"jetpack_social_post_already_shared":true,"jetpack_social_options":{"image_generator_settings":{"template":"highway","default_image_id":0,"font":"","enabled":false},"version":2},"_wpas_customize_per_network":false},"categories":[8],"tags":[1271,682,208,10,7802],"class_list":["post-70669","post","type-post","status-publish","format-standard","has-post-thumbnail","hentry","category-sociedad","tag-camara-economica","tag-cem","tag-fiesta-del-durazno","tag-mercedes","tag-sociedad","generate-columns","tablet-grid-50","mobile-grid-100","grid-parent","grid-50"],"jetpack_publicize_connections":[],"jetpack_featured_media_url":"https:\/\/www.hoymercedes.com.ar\/principal\/wp-content\/uploads\/2017\/12\/stand-fiesta-durazno-1.jpg","wps_subtitle":"Fiesta del Durazno","jetpack_sharing_enabled":true,"_links":{"self":[{"href":"https:\/\/www.hoymercedes.com.ar\/principal\/wp-json\/wp\/v2\/posts\/70669","targetHints":{"allow":["GET"]}}],"collection":[{"href":"https:\/\/www.hoymercedes.com.ar\/principal\/wp-json\/wp\/v2\/posts"}],"about":[{"href":"https:\/\/www.hoymercedes.com.ar\/principal\/wp-json\/wp\/v2\/types\/post"}],"author":[{"embeddable":true,"href":"https:\/\/www.hoymercedes.com.ar\/principal\/wp-json\/wp\/v2\/users\/1"}],"replies":[{"embeddable":true,"href":"https:\/\/www.hoymercedes.com.ar\/principal\/wp-json\/wp\/v2\/comments?post=70669"}],"version-history":[{"count":0,"href":"https:\/\/www.hoymercedes.com.ar\/principal\/wp-json\/wp\/v2\/posts\/70669\/revisions"}],"wp:featuredmedia":[{"embeddable":true,"href":"https:\/\/www.hoymercedes.com.ar\/principal\/wp-json\/wp\/v2\/media\/70670"}],"wp:attachment":[{"href":"https:\/\/www.hoymercedes.com.ar\/principal\/wp-json\/wp\/v2\/media?parent=70669"}],"wp:term":[{"taxonomy":"category","embeddable":true,"href":"https:\/\/www.hoymercedes.com.ar\/principal\/wp-json\/wp\/v2\/categories?post=70669"},{"taxonomy":"post_tag","embeddable":true,"href":"https:\/\/www.hoymercedes.com.ar\/principal\/wp-json\/wp\/v2\/tags?post=70669"}],"curies":[{"name":"wp","href":"https:\/\/api.w.org\/{rel}","templated":true}]}}