{"id":70672,"date":"2017-12-11T10:50:54","date_gmt":"2017-12-11T13:50:54","guid":{"rendered":"http:\/\/www.hoymercedes.com.ar\/principal\/?p=70672"},"modified":"2017-12-11T10:34:42","modified_gmt":"2017-12-11T13:34:42","slug":"materia-y-espiritu-en-muestra-colectiva-de-pintura","status":"publish","type":"post","link":"https:\/\/www.hoymercedes.com.ar\/principal\/2017\/12\/11\/materia-y-espiritu-en-muestra-colectiva-de-pintura\/","title":{"rendered":"Materia y Esp\u00edritu en muestra colectiva de pintura"},"content":{"rendered":"<p>Alumnos del Taller de Arte Cueto expusieron durante todo el fin de semana la muestra titulada \u00abMateria y Esp\u00edritu\u00bb en la Sala B del Museo de Arte \u201cMunicipalidad de Mercedes\u201d. El acto inaugural se realiz\u00f3 en la noche del viernes en donde tanto la directora del Museo Stella Gonz\u00e1lez como la profesora Marcela Cueto hablaron ante los presentes. Al igual que Silvia Mosconi una de las alumnas del Taller que tom\u00f3 la palabra en nombre de los integrantes del Taller.<\/p>\n<figure id=\"attachment_70675\" aria-describedby=\"caption-attachment-70675\" style=\"width: 620px\" class=\"wp-caption aligncenter\"><img loading=\"lazy\" decoding=\"async\" data-attachment-id=\"70675\" data-permalink=\"https:\/\/www.hoymercedes.com.ar\/principal\/2017\/12\/11\/materia-y-espiritu-en-muestra-colectiva-de-pintura\/11-cueto-3\/#main\" data-orig-file=\"https:\/\/www.hoymercedes.com.ar\/principal\/wp-content\/uploads\/2017\/12\/11-cueto-3.jpg\" data-orig-size=\"750,500\" data-comments-opened=\"0\" data-image-meta=\"{&quot;aperture&quot;:&quot;3.5&quot;,&quot;credit&quot;:&quot;&quot;,&quot;camera&quot;:&quot;NIKON D3100&quot;,&quot;caption&quot;:&quot;&quot;,&quot;created_timestamp&quot;:&quot;1512768823&quot;,&quot;copyright&quot;:&quot;&quot;,&quot;focal_length&quot;:&quot;18&quot;,&quot;iso&quot;:&quot;1800&quot;,&quot;shutter_speed&quot;:&quot;0.016666666666667&quot;,&quot;title&quot;:&quot;&quot;,&quot;orientation&quot;:&quot;1&quot;}\" data-image-title=\"11 cueto 3\" data-image-description=\"\" data-image-caption=\"&lt;p&gt;El acto inaugural fue el viernes y la muestra estuvo todo el fin de semana&lt;\/p&gt;\n\" data-large-file=\"https:\/\/www.hoymercedes.com.ar\/principal\/wp-content\/uploads\/2017\/12\/11-cueto-3.jpg\" class=\"size-medium wp-image-70675\" src=\"https:\/\/www.hoymercedes.com.ar\/principal\/wp-content\/uploads\/2017\/12\/11-cueto-3-630x420.jpg\" alt=\"\" width=\"630\" height=\"420\" srcset=\"https:\/\/www.hoymercedes.com.ar\/principal\/wp-content\/uploads\/2017\/12\/11-cueto-3-630x420.jpg 630w, https:\/\/www.hoymercedes.com.ar\/principal\/wp-content\/uploads\/2017\/12\/11-cueto-3-150x100.jpg 150w, https:\/\/www.hoymercedes.com.ar\/principal\/wp-content\/uploads\/2017\/12\/11-cueto-3.jpg 750w\" sizes=\"auto, (max-width: 630px) 100vw, 630px\" \/><figcaption id=\"caption-attachment-70675\" class=\"wp-caption-text\">El acto inaugural fue el viernes y la muestra estuvo todo el fin de semana<\/figcaption><\/figure>\n<p>En sus palabras inaugurales, Cueto y Mosconi describieron c\u00f3mo es el trabajo dentro del sal\u00f3n y resaltaron la incorporaci\u00f3n de alumnos j\u00f3venes adolescentes, una grupo etario al que Marcela hac\u00eda mucho tiempo no dictaba clases.<\/p>\n<p>Expusieron: Alicia Galiani, Ana Clara Ben\u00edtez, Ana Torres, Andrea Gerasitano, Camila Despalanques, Carlos La Regina, Carlos Tob\u00edas Torres, Cecilia Campos, Cristina Alfons\u00edn, Dina Battaglia, Fabiana Cucut, Graciela Barbella, Graciela Saralegui, Helena Mosca, Irma G\u00f3mez, Manuela Reymundi, Mar\u00eda del Carmen Mart\u00ednez, Mariel Godoy Uzuca, Martha Deluca, Mercedes Carles, Naiara Tessore, Omar Fern\u00e1ndez, Silvia Costantini, Silvia Mosconi, Stella Maris Lettieri, y Tamara Crema.<\/p>\n<figure id=\"attachment_70674\" aria-describedby=\"caption-attachment-70674\" style=\"width: 620px\" class=\"wp-caption aligncenter\"><img loading=\"lazy\" decoding=\"async\" data-attachment-id=\"70674\" data-permalink=\"https:\/\/www.hoymercedes.com.ar\/principal\/2017\/12\/11\/materia-y-espiritu-en-muestra-colectiva-de-pintura\/11-cueto-2\/#main\" data-orig-file=\"https:\/\/www.hoymercedes.com.ar\/principal\/wp-content\/uploads\/2017\/12\/11-cueto-2.jpg\" data-orig-size=\"750,500\" data-comments-opened=\"0\" data-image-meta=\"{&quot;aperture&quot;:&quot;0&quot;,&quot;credit&quot;:&quot;&quot;,&quot;camera&quot;:&quot;&quot;,&quot;caption&quot;:&quot;&quot;,&quot;created_timestamp&quot;:&quot;0&quot;,&quot;copyright&quot;:&quot;&quot;,&quot;focal_length&quot;:&quot;0&quot;,&quot;iso&quot;:&quot;0&quot;,&quot;shutter_speed&quot;:&quot;0&quot;,&quot;title&quot;:&quot;&quot;,&quot;orientation&quot;:&quot;0&quot;}\" data-image-title=\"11 cueto 2\" data-image-description=\"\" data-image-caption=\"&lt;p&gt;Integrantes del Taller de Arte Cueto en la inauguraci\u00f3n de la muestra colectiva&lt;\/p&gt;\n\" data-large-file=\"https:\/\/www.hoymercedes.com.ar\/principal\/wp-content\/uploads\/2017\/12\/11-cueto-2.jpg\" class=\"size-medium wp-image-70674\" src=\"https:\/\/www.hoymercedes.com.ar\/principal\/wp-content\/uploads\/2017\/12\/11-cueto-2-630x420.jpg\" alt=\"\" width=\"630\" height=\"420\" srcset=\"https:\/\/www.hoymercedes.com.ar\/principal\/wp-content\/uploads\/2017\/12\/11-cueto-2-630x420.jpg 630w, https:\/\/www.hoymercedes.com.ar\/principal\/wp-content\/uploads\/2017\/12\/11-cueto-2-150x100.jpg 150w, https:\/\/www.hoymercedes.com.ar\/principal\/wp-content\/uploads\/2017\/12\/11-cueto-2.jpg 750w\" sizes=\"auto, (max-width: 630px) 100vw, 630px\" \/><figcaption id=\"caption-attachment-70674\" class=\"wp-caption-text\">Integrantes del Taller de Arte Cueto en la inauguraci\u00f3n de la muestra colectiva<\/figcaption><\/figure>\n","protected":false},"excerpt":{"rendered":"<p>Alumnos del Taller de Arte Cueto expusieron durante todo el fin de semana la muestra titulada \u00abMateria y Esp\u00edritu\u00bb en &#8230; <a title=\"Materia y Esp\u00edritu en muestra colectiva de pintura\" class=\"read-more\" href=\"https:\/\/www.hoymercedes.com.ar\/principal\/2017\/12\/11\/materia-y-espiritu-en-muestra-colectiva-de-pintura\/\" aria-label=\"Leer m\u00e1s sobre Materia y Esp\u00edritu en muestra colectiva de pintura\">Leer m\u00e1s<\/a><\/p>\n","protected":false},"author":1,"featured_media":70673,"comment_status":"closed","ping_status":"open","sticky":false,"template":"","format":"standard","meta":{"_monsterinsights_skip_tracking":false,"_monsterinsights_sitenote_active":false,"_monsterinsights_sitenote_note":"","_monsterinsights_sitenote_category":0,"jetpack_post_was_ever_published":false,"_jetpack_newsletter_access":"","_jetpack_dont_email_post_to_subs":false,"_jetpack_newsletter_tier_id":0,"_jetpack_memberships_contains_paywalled_content":false,"_jetpack_memberships_contains_paid_content":false,"footnotes":"","jetpack_publicize_message":"","jetpack_publicize_feature_enabled":true,"jetpack_social_post_already_shared":true,"jetpack_social_options":{"image_generator_settings":{"template":"highway","default_image_id":0,"font":"","enabled":false},"version":2},"_wpas_customize_per_network":false},"categories":[104],"tags":[8890,7805,8674,5434],"class_list":["post-70672","post","type-post","status-publish","format-standard","has-post-thumbnail","hentry","category-cultura","tag-artes-plasticas","tag-cultura","tag-mamm","tag-marcela-cueto","generate-columns","tablet-grid-50","mobile-grid-100","grid-parent","grid-50"],"jetpack_publicize_connections":[],"jetpack_featured_media_url":"https:\/\/www.hoymercedes.com.ar\/principal\/wp-content\/uploads\/2017\/12\/11-cueto-1.jpg","wps_subtitle":"Fin de semana pasado","jetpack_sharing_enabled":true,"_links":{"self":[{"href":"https:\/\/www.hoymercedes.com.ar\/principal\/wp-json\/wp\/v2\/posts\/70672","targetHints":{"allow":["GET"]}}],"collection":[{"href":"https:\/\/www.hoymercedes.com.ar\/principal\/wp-json\/wp\/v2\/posts"}],"about":[{"href":"https:\/\/www.hoymercedes.com.ar\/principal\/wp-json\/wp\/v2\/types\/post"}],"author":[{"embeddable":true,"href":"https:\/\/www.hoymercedes.com.ar\/principal\/wp-json\/wp\/v2\/users\/1"}],"replies":[{"embeddable":true,"href":"https:\/\/www.hoymercedes.com.ar\/principal\/wp-json\/wp\/v2\/comments?post=70672"}],"version-history":[{"count":0,"href":"https:\/\/www.hoymercedes.com.ar\/principal\/wp-json\/wp\/v2\/posts\/70672\/revisions"}],"wp:featuredmedia":[{"embeddable":true,"href":"https:\/\/www.hoymercedes.com.ar\/principal\/wp-json\/wp\/v2\/media\/70673"}],"wp:attachment":[{"href":"https:\/\/www.hoymercedes.com.ar\/principal\/wp-json\/wp\/v2\/media?parent=70672"}],"wp:term":[{"taxonomy":"category","embeddable":true,"href":"https:\/\/www.hoymercedes.com.ar\/principal\/wp-json\/wp\/v2\/categories?post=70672"},{"taxonomy":"post_tag","embeddable":true,"href":"https:\/\/www.hoymercedes.com.ar\/principal\/wp-json\/wp\/v2\/tags?post=70672"}],"curies":[{"name":"wp","href":"https:\/\/api.w.org\/{rel}","templated":true}]}}