{"id":70767,"date":"2017-12-13T10:09:46","date_gmt":"2017-12-13T13:09:46","guid":{"rendered":"http:\/\/www.hoymercedes.com.ar\/principal\/?p=70767"},"modified":"2017-12-13T10:41:07","modified_gmt":"2017-12-13T13:41:07","slug":"un-juego-derivo-en-un-incendio-cerca-de-una-vivienda","status":"publish","type":"post","link":"https:\/\/www.hoymercedes.com.ar\/principal\/2017\/12\/13\/un-juego-derivo-en-un-incendio-cerca-de-una-vivienda\/","title":{"rendered":"Un juego deriv\u00f3 en un incendio cerca de una vivienda"},"content":{"rendered":"<p>Este martes por la tarde, se produjo un incendio en el parque de una vivienda en el Cuartel VII, en inmediaciones del Almac\u00e9n \u201cLo de Puricelli\u201d. Al lugar acudieron inmediatamente personal de Bomberos Voluntarios y del Comando de Patrulla Rural tras un llamado al 911 dado que se alert\u00f3 sobre la cercan\u00eda de la casa a las llamas y la presencia de menores de edad en el lugar.<br \/>\nLos efectivos junto a los bomberos lograron salvaguardar la integridad f\u00edsica de menores que estaban en el lugar, y permanecieron all\u00ed hasta la llegada de la propietaria del lugar.<br \/>\nSe logr\u00f3 establecer que un menor de 10 a\u00f1os, en forma accidental, inici\u00f3 foco \u00edgneo en el parque de morada. Afortunadamente fue controlado por bomberos sin lamentar lesionados.<\/p>\n<p><img loading=\"lazy\" decoding=\"async\" data-attachment-id=\"70771\" data-permalink=\"https:\/\/www.hoymercedes.com.ar\/principal\/2017\/12\/13\/un-juego-derivo-en-un-incendio-cerca-de-una-vivienda\/polir1\/#main\" data-orig-file=\"https:\/\/www.hoymercedes.com.ar\/principal\/wp-content\/uploads\/2017\/12\/polir1.jpeg\" data-orig-size=\"709,600\" data-comments-opened=\"0\" data-image-meta=\"{&quot;aperture&quot;:&quot;0&quot;,&quot;credit&quot;:&quot;&quot;,&quot;camera&quot;:&quot;&quot;,&quot;caption&quot;:&quot;&quot;,&quot;created_timestamp&quot;:&quot;0&quot;,&quot;copyright&quot;:&quot;&quot;,&quot;focal_length&quot;:&quot;0&quot;,&quot;iso&quot;:&quot;0&quot;,&quot;shutter_speed&quot;:&quot;0&quot;,&quot;title&quot;:&quot;&quot;,&quot;orientation&quot;:&quot;0&quot;}\" data-image-title=\"polir1\" data-image-description=\"\" data-image-caption=\"\" data-large-file=\"https:\/\/www.hoymercedes.com.ar\/principal\/wp-content\/uploads\/2017\/12\/polir1.jpeg\" class=\"aligncenter size-full wp-image-70771\" src=\"https:\/\/www.hoymercedes.com.ar\/principal\/wp-content\/uploads\/2017\/12\/polir1.jpeg\" alt=\"\" width=\"709\" height=\"600\" srcset=\"https:\/\/www.hoymercedes.com.ar\/principal\/wp-content\/uploads\/2017\/12\/polir1.jpeg 709w, https:\/\/www.hoymercedes.com.ar\/principal\/wp-content\/uploads\/2017\/12\/polir1-150x127.jpeg 150w, https:\/\/www.hoymercedes.com.ar\/principal\/wp-content\/uploads\/2017\/12\/polir1-630x533.jpeg 630w\" sizes=\"auto, (max-width: 709px) 100vw, 709px\" \/><\/p>\n","protected":false},"excerpt":{"rendered":"<p>Este martes por la tarde, se produjo un incendio en el parque de una vivienda en el Cuartel VII, en &#8230; <a title=\"Un juego deriv\u00f3 en un incendio cerca de una vivienda\" class=\"read-more\" href=\"https:\/\/www.hoymercedes.com.ar\/principal\/2017\/12\/13\/un-juego-derivo-en-un-incendio-cerca-de-una-vivienda\/\" aria-label=\"Leer m\u00e1s sobre Un juego deriv\u00f3 en un incendio cerca de una vivienda\">Leer m\u00e1s<\/a><\/p>\n","protected":false},"author":1,"featured_media":70771,"comment_status":"closed","ping_status":"open","sticky":false,"template":"","format":"standard","meta":{"_monsterinsights_skip_tracking":false,"_monsterinsights_sitenote_active":false,"_monsterinsights_sitenote_note":"","_monsterinsights_sitenote_category":0,"jetpack_post_was_ever_published":false,"_jetpack_newsletter_access":"","_jetpack_dont_email_post_to_subs":false,"_jetpack_newsletter_tier_id":0,"_jetpack_memberships_contains_paywalled_content":false,"_jetpack_memberships_contains_paid_content":false,"footnotes":"","jetpack_publicize_message":"","jetpack_publicize_feature_enabled":true,"jetpack_social_post_already_shared":true,"jetpack_social_options":{"image_generator_settings":{"template":"highway","default_image_id":0,"font":"","enabled":false},"version":2},"_wpas_customize_per_network":false},"categories":[85],"tags":[286,12404,96],"class_list":["post-70767","post","type-post","status-publish","format-standard","has-post-thumbnail","hentry","category-policial","tag-incendio","tag-policia-rural-mercedes","tag-policial-2","generate-columns","tablet-grid-50","mobile-grid-100","grid-parent","grid-50"],"jetpack_publicize_connections":[],"jetpack_featured_media_url":"https:\/\/www.hoymercedes.com.ar\/principal\/wp-content\/uploads\/2017\/12\/polir1.jpeg","wps_subtitle":"En la zona rural","jetpack_sharing_enabled":true,"_links":{"self":[{"href":"https:\/\/www.hoymercedes.com.ar\/principal\/wp-json\/wp\/v2\/posts\/70767","targetHints":{"allow":["GET"]}}],"collection":[{"href":"https:\/\/www.hoymercedes.com.ar\/principal\/wp-json\/wp\/v2\/posts"}],"about":[{"href":"https:\/\/www.hoymercedes.com.ar\/principal\/wp-json\/wp\/v2\/types\/post"}],"author":[{"embeddable":true,"href":"https:\/\/www.hoymercedes.com.ar\/principal\/wp-json\/wp\/v2\/users\/1"}],"replies":[{"embeddable":true,"href":"https:\/\/www.hoymercedes.com.ar\/principal\/wp-json\/wp\/v2\/comments?post=70767"}],"version-history":[{"count":0,"href":"https:\/\/www.hoymercedes.com.ar\/principal\/wp-json\/wp\/v2\/posts\/70767\/revisions"}],"wp:featuredmedia":[{"embeddable":true,"href":"https:\/\/www.hoymercedes.com.ar\/principal\/wp-json\/wp\/v2\/media\/70771"}],"wp:attachment":[{"href":"https:\/\/www.hoymercedes.com.ar\/principal\/wp-json\/wp\/v2\/media?parent=70767"}],"wp:term":[{"taxonomy":"category","embeddable":true,"href":"https:\/\/www.hoymercedes.com.ar\/principal\/wp-json\/wp\/v2\/categories?post=70767"},{"taxonomy":"post_tag","embeddable":true,"href":"https:\/\/www.hoymercedes.com.ar\/principal\/wp-json\/wp\/v2\/tags?post=70767"}],"curies":[{"name":"wp","href":"https:\/\/api.w.org\/{rel}","templated":true}]}}