{"id":70776,"date":"2017-12-13T15:00:29","date_gmt":"2017-12-13T18:00:29","guid":{"rendered":"http:\/\/www.hoymercedes.com.ar\/principal\/?p=70776"},"modified":"2017-12-13T11:36:07","modified_gmt":"2017-12-13T14:36:07","slug":"se-estreno-el-candidato-serial-serie-mercedina-via-youtube","status":"publish","type":"post","link":"https:\/\/www.hoymercedes.com.ar\/principal\/2017\/12\/13\/se-estreno-el-candidato-serial-serie-mercedina-via-youtube\/","title":{"rendered":"Se estren\u00f3 \u00abCandidato Serial\u00bb, serie mercedina v\u00eda Youtube"},"content":{"rendered":"<p>La Organizaci\u00f3n el Negro Olmedo que dirige Fabi\u00e1n Morales estren\u00f3 por YouTube la serie de ficci\u00f3n \u00abCandidato Serial\u00bb. El estreno fue el 10 de diciembre.\u00a0Act\u00faan: Maxi Camusoni, Marisa Ivaldi, Javier Torres, Camila Morales y Andres Babino.\u00bbLa mejor serie Mercedina que tambi\u00e9n es la peor y la UNIKA que hay\u00bb, dice Morales.\u00a0\u00abLos Pol\u00edticos no quieren que la veas tienen chuchi\u00bb, agrega.\u00a0Para verla podes hacer click en los siguientes link y seguirla por el Canal de Youtube<\/p>\n<p>Candidato Serial capitulo I \u00abApertura con Negras\u00bb<\/p>\n<p><span class=\"embed-youtube\" style=\"text-align:center; display: block;\"><iframe loading=\"lazy\" class=\"youtube-player\" width=\"1200\" height=\"675\" src=\"https:\/\/www.youtube.com\/embed\/Mx43vL8_q_U?version=3&#038;rel=1&#038;showsearch=0&#038;showinfo=1&#038;iv_load_policy=1&#038;fs=1&#038;hl=es-ES&#038;autohide=2&#038;wmode=transparent\" allowfullscreen=\"true\" style=\"border:0;\" sandbox=\"allow-scripts allow-same-origin allow-popups allow-presentation allow-popups-to-escape-sandbox\"><\/iframe><\/span><\/p>\n<p>Candidato Serial Capitulo II \u00abLe Pega con las Dos\u00bb<\/p>\n<p><span class=\"embed-youtube\" style=\"text-align:center; display: block;\"><iframe loading=\"lazy\" class=\"youtube-player\" width=\"1200\" height=\"675\" src=\"https:\/\/www.youtube.com\/embed\/-hfph8R2HVE?version=3&#038;rel=1&#038;showsearch=0&#038;showinfo=1&#038;iv_load_policy=1&#038;fs=1&#038;hl=es-ES&#038;autohide=2&#038;wmode=transparent\" allowfullscreen=\"true\" style=\"border:0;\" sandbox=\"allow-scripts allow-same-origin allow-popups allow-presentation allow-popups-to-escape-sandbox\"><\/iframe><\/span><\/p>\n<p>&nbsp;<\/p>\n<p>Candidato Serial Capitulo III \u00abLa Gran Sola\u00bb<\/p>\n<p><span class=\"embed-youtube\" style=\"text-align:center; display: block;\"><iframe loading=\"lazy\" class=\"youtube-player\" width=\"1200\" height=\"675\" src=\"https:\/\/www.youtube.com\/embed\/_KOWXqiAxAE?version=3&#038;rel=1&#038;showsearch=0&#038;showinfo=1&#038;iv_load_policy=1&#038;fs=1&#038;hl=es-ES&#038;autohide=2&#038;wmode=transparent\" allowfullscreen=\"true\" style=\"border:0;\" sandbox=\"allow-scripts allow-same-origin allow-popups allow-presentation allow-popups-to-escape-sandbox\"><\/iframe><\/span><\/p>\n<p>Tambi\u00e9n podes seguirla por Facebook:\u00a0\u00a0https:\/\/www.facebook.com\/ candidatoserial\/<\/p>\n","protected":false},"excerpt":{"rendered":"<p>La Organizaci\u00f3n el Negro Olmedo que dirige Fabi\u00e1n Morales estren\u00f3 por YouTube la serie de ficci\u00f3n \u00abCandidato Serial\u00bb. El estreno &#8230; <a title=\"Se estren\u00f3 \u00abCandidato Serial\u00bb, serie mercedina v\u00eda Youtube\" class=\"read-more\" href=\"https:\/\/www.hoymercedes.com.ar\/principal\/2017\/12\/13\/se-estreno-el-candidato-serial-serie-mercedina-via-youtube\/\" aria-label=\"Leer m\u00e1s sobre Se estren\u00f3 \u00abCandidato Serial\u00bb, serie mercedina v\u00eda Youtube\">Leer m\u00e1s<\/a><\/p>\n","protected":false},"author":1,"featured_media":70778,"comment_status":"closed","ping_status":"open","sticky":false,"template":"","format":"standard","meta":{"_monsterinsights_skip_tracking":false,"_monsterinsights_sitenote_active":false,"_monsterinsights_sitenote_note":"","_monsterinsights_sitenote_category":0,"jetpack_post_was_ever_published":false,"_jetpack_newsletter_access":"","_jetpack_dont_email_post_to_subs":false,"_jetpack_newsletter_tier_id":0,"_jetpack_memberships_contains_paywalled_content":false,"_jetpack_memberships_contains_paid_content":false,"footnotes":"","jetpack_publicize_message":"","jetpack_publicize_feature_enabled":true,"jetpack_social_post_already_shared":true,"jetpack_social_options":{"image_generator_settings":{"template":"highway","default_image_id":0,"font":"","enabled":false},"version":2},"_wpas_customize_per_network":false},"categories":[104],"tags":[12403,7805,10,1218],"class_list":["post-70776","post","type-post","status-publish","format-standard","has-post-thumbnail","hentry","category-cultura","tag-candidato-serial","tag-cultura","tag-mercedes","tag-organizacion-el-negro-olmedo","generate-columns","tablet-grid-50","mobile-grid-100","grid-parent","grid-50"],"jetpack_publicize_connections":[],"jetpack_featured_media_url":"https:\/\/www.hoymercedes.com.ar\/principal\/wp-content\/uploads\/2017\/12\/13-candidato-serial.jpg","wps_subtitle":"Pueden verse los primeros cap\u00edtulos","jetpack_sharing_enabled":true,"_links":{"self":[{"href":"https:\/\/www.hoymercedes.com.ar\/principal\/wp-json\/wp\/v2\/posts\/70776","targetHints":{"allow":["GET"]}}],"collection":[{"href":"https:\/\/www.hoymercedes.com.ar\/principal\/wp-json\/wp\/v2\/posts"}],"about":[{"href":"https:\/\/www.hoymercedes.com.ar\/principal\/wp-json\/wp\/v2\/types\/post"}],"author":[{"embeddable":true,"href":"https:\/\/www.hoymercedes.com.ar\/principal\/wp-json\/wp\/v2\/users\/1"}],"replies":[{"embeddable":true,"href":"https:\/\/www.hoymercedes.com.ar\/principal\/wp-json\/wp\/v2\/comments?post=70776"}],"version-history":[{"count":0,"href":"https:\/\/www.hoymercedes.com.ar\/principal\/wp-json\/wp\/v2\/posts\/70776\/revisions"}],"wp:featuredmedia":[{"embeddable":true,"href":"https:\/\/www.hoymercedes.com.ar\/principal\/wp-json\/wp\/v2\/media\/70778"}],"wp:attachment":[{"href":"https:\/\/www.hoymercedes.com.ar\/principal\/wp-json\/wp\/v2\/media?parent=70776"}],"wp:term":[{"taxonomy":"category","embeddable":true,"href":"https:\/\/www.hoymercedes.com.ar\/principal\/wp-json\/wp\/v2\/categories?post=70776"},{"taxonomy":"post_tag","embeddable":true,"href":"https:\/\/www.hoymercedes.com.ar\/principal\/wp-json\/wp\/v2\/tags?post=70776"}],"curies":[{"name":"wp","href":"https:\/\/api.w.org\/{rel}","templated":true}]}}