{"id":70782,"date":"2017-12-13T13:30:22","date_gmt":"2017-12-13T16:30:22","guid":{"rendered":"http:\/\/www.hoymercedes.com.ar\/principal\/?p=70782"},"modified":"2017-12-13T11:35:54","modified_gmt":"2017-12-13T14:35:54","slug":"el-jueves-14-paran-y-se-movilizan-bancarios-del-provincia-en-rechazo-de-reformas-previsionales","status":"publish","type":"post","link":"https:\/\/www.hoymercedes.com.ar\/principal\/2017\/12\/13\/el-jueves-14-paran-y-se-movilizan-bancarios-del-provincia-en-rechazo-de-reformas-previsionales\/","title":{"rendered":"El jueves 14 paran y se movilizan Bancarios del Provincia en rechazo de reformas previsionales"},"content":{"rendered":"<p>El jueves 14 de diciembre parar\u00e1n los empleados del Banco Provincia en rechazo a las medidas que se est\u00e1n tomando para reformar el sistema previsional que los incluye. Uno de los motivos es el incremento en la edad jubilatoria, aunque pesa m\u00e1s las modificaciones que se quieren hacer en la caja previsional de los bancarios.<\/p>\n<p>Miguel Pastorini, dirigente del gremio La Bancaria y empleado del Banco Provincia sucursal Mercedes, explic\u00f3 en FM Santa Mar\u00eda en la ma\u00f1ana de este mi\u00e9rcoles, que lo central no es el incremento de la edad jubilatoria, aunque s\u00ed un planteo por parte de los Bancarios. Lo m\u00e1s preocupantes para los trabajadores del banco provincial es \u00abla destrucci\u00f3n del sistema previsional\u00bb que los incluye a ellos.<\/p>\n<p class=\"font_8\">Pastorini aclar\u00f3 que los trabajadores del Provincia se jubilan a partir de los 60 a\u00f1os y remarc\u00f3 que en\u00a0 \u00abel d\u00e9ficit de la Caja Previsional, el Estado Provincial es el garante\u00bb y que parte del proyecto apunta a desligarse.<\/p>\n<p>\u00abCon la reforma el garante ser\u00eda el Banco de la Provincia de Buenos Aires y con el d\u00e9ficit que tiene, si son garantes, pueden fundirse. Quiz\u00e1s es lo que pretenda el proyecto, que lo grave. Quizas quiera destruir el sistema previsional. Intentar derrotarnos a nosotros y trasladarlo al IPS, como tambi\u00e9n se quiere hacer con los docentes. Porque ese parece ser el fin: Eliminar todos los reg\u00edmenes especiales y reg\u00edmenes provinciales\u00bb, expres\u00f3 Pastorine.<\/p>\n<p class=\"font_8\">\u00abLos Bancarios del Provincia estamos en alerta. Se solidarizan el resto de los Bancarios. Pero tambi\u00e9n nos preocupa el resto de los compa\u00f1eros que tienen cajas provinciales porque penden de un hilo tambi\u00e9n todo el sistema porque han pateado para atr\u00e1s la reforma del IPS, pero no para dejarla sin tratamiento porque la tratar\u00edan despu\u00e9s de modificar la nuestra\u00bb, agreg\u00f3.<\/p>\n<p>Finalmente, Pastorini anunci\u00f3 que este jueves 14 de diciembre, los trabajadores del Banco Provincia llevar\u00e1n adelante un paro con movilizaci\u00f3n, analizando a su vez, la posibilidad de extenderlo hasta sea necesario.<\/p>\n","protected":false},"excerpt":{"rendered":"<p>El jueves 14 de diciembre parar\u00e1n los empleados del Banco Provincia en rechazo a las medidas que se est\u00e1n tomando &#8230; <a title=\"El jueves 14 paran y se movilizan Bancarios del Provincia en rechazo de reformas previsionales\" class=\"read-more\" href=\"https:\/\/www.hoymercedes.com.ar\/principal\/2017\/12\/13\/el-jueves-14-paran-y-se-movilizan-bancarios-del-provincia-en-rechazo-de-reformas-previsionales\/\" aria-label=\"Leer m\u00e1s sobre El jueves 14 paran y se movilizan Bancarios del Provincia en rechazo de reformas previsionales\">Leer m\u00e1s<\/a><\/p>\n","protected":false},"author":1,"featured_media":41945,"comment_status":"closed","ping_status":"open","sticky":false,"template":"","format":"standard","meta":{"_monsterinsights_skip_tracking":false,"_monsterinsights_sitenote_active":false,"_monsterinsights_sitenote_note":"","_monsterinsights_sitenote_category":0,"jetpack_post_was_ever_published":false,"_jetpack_newsletter_access":"","_jetpack_dont_email_post_to_subs":false,"_jetpack_newsletter_tier_id":0,"_jetpack_memberships_contains_paywalled_content":false,"_jetpack_memberships_contains_paid_content":false,"footnotes":"","jetpack_publicize_message":"","jetpack_publicize_feature_enabled":true,"jetpack_social_post_already_shared":true,"jetpack_social_options":{"image_generator_settings":{"template":"highway","default_image_id":0,"font":"","enabled":false},"version":2},"_wpas_customize_per_network":false},"categories":[10563],"tags":[12405,9054,10,12406,12407],"class_list":["post-70782","post","type-post","status-publish","format-standard","has-post-thumbnail","hentry","category-gremios-sindicatos","tag-banco-provincia-de-buenos-aires","tag-la-bancaria","tag-mercedes","tag-miguel-pasotirini","tag-reforma-previsional","generate-columns","tablet-grid-50","mobile-grid-100","grid-parent","grid-50"],"jetpack_publicize_connections":[],"jetpack_featured_media_url":"https:\/\/www.hoymercedes.com.ar\/principal\/wp-content\/uploads\/2015\/05\/CAM04317.jpg","wps_subtitle":"Anunciado por el gremio","jetpack_sharing_enabled":true,"_links":{"self":[{"href":"https:\/\/www.hoymercedes.com.ar\/principal\/wp-json\/wp\/v2\/posts\/70782","targetHints":{"allow":["GET"]}}],"collection":[{"href":"https:\/\/www.hoymercedes.com.ar\/principal\/wp-json\/wp\/v2\/posts"}],"about":[{"href":"https:\/\/www.hoymercedes.com.ar\/principal\/wp-json\/wp\/v2\/types\/post"}],"author":[{"embeddable":true,"href":"https:\/\/www.hoymercedes.com.ar\/principal\/wp-json\/wp\/v2\/users\/1"}],"replies":[{"embeddable":true,"href":"https:\/\/www.hoymercedes.com.ar\/principal\/wp-json\/wp\/v2\/comments?post=70782"}],"version-history":[{"count":0,"href":"https:\/\/www.hoymercedes.com.ar\/principal\/wp-json\/wp\/v2\/posts\/70782\/revisions"}],"wp:featuredmedia":[{"embeddable":true,"href":"https:\/\/www.hoymercedes.com.ar\/principal\/wp-json\/wp\/v2\/media\/41945"}],"wp:attachment":[{"href":"https:\/\/www.hoymercedes.com.ar\/principal\/wp-json\/wp\/v2\/media?parent=70782"}],"wp:term":[{"taxonomy":"category","embeddable":true,"href":"https:\/\/www.hoymercedes.com.ar\/principal\/wp-json\/wp\/v2\/categories?post=70782"},{"taxonomy":"post_tag","embeddable":true,"href":"https:\/\/www.hoymercedes.com.ar\/principal\/wp-json\/wp\/v2\/tags?post=70782"}],"curies":[{"name":"wp","href":"https:\/\/api.w.org\/{rel}","templated":true}]}}