{"id":7086,"date":"2011-09-10T15:58:30","date_gmt":"2011-09-10T15:58:30","guid":{"rendered":"http:\/\/www.hoymercedes.com.ar\/principal\/?p=7086"},"modified":"2011-09-10T15:58:30","modified_gmt":"2011-09-10T15:58:30","slug":"torres-%e2%80%9cla-casa-de-justicia-es-una-falsa-ilusion%e2%80%9d","status":"publish","type":"post","link":"https:\/\/www.hoymercedes.com.ar\/principal\/2011\/09\/10\/torres-%e2%80%9cla-casa-de-justicia-es-una-falsa-ilusion%e2%80%9d\/","title":{"rendered":"Torres: \u201cLa Casa de Justicia es una falsa ilusi\u00f3n\u201d"},"content":{"rendered":"<figure id=\"attachment_947\" aria-describedby=\"caption-attachment-947\" style=\"width: 290px\" class=\"wp-caption alignleft\"><a href=\"https:\/\/www.hoymercedes.com.ar\/principal\/wp-content\/uploads\/2010\/12\/jtorres.jpg\"><img loading=\"lazy\" decoding=\"async\" data-attachment-id=\"947\" data-permalink=\"https:\/\/www.hoymercedes.com.ar\/principal\/2010\/12\/08\/la-justicia-contenciosa-administrativa-denego-un-pedido-de-accion-cautelar-efectuado-por-el-acuerdo-civico-y-social-de-mercedes\/jtorres\/#main\" data-orig-file=\"https:\/\/www.hoymercedes.com.ar\/principal\/wp-content\/uploads\/2010\/12\/jtorres.jpg\" data-orig-size=\"300,197\" data-comments-opened=\"1\" data-image-meta=\"{&quot;aperture&quot;:&quot;0&quot;,&quot;credit&quot;:&quot;&quot;,&quot;camera&quot;:&quot;&quot;,&quot;caption&quot;:&quot;&quot;,&quot;created_timestamp&quot;:&quot;0&quot;,&quot;copyright&quot;:&quot;&quot;,&quot;focal_length&quot;:&quot;0&quot;,&quot;iso&quot;:&quot;0&quot;,&quot;shutter_speed&quot;:&quot;0&quot;,&quot;title&quot;:&quot;&quot;}\" data-image-title=\"jtorres\" data-image-description=\"&lt;p&gt;Javier Torres&lt;\/p&gt;\n\" data-image-caption=\"&lt;p&gt;Javier Torres&lt;\/p&gt;\n\" data-large-file=\"https:\/\/www.hoymercedes.com.ar\/principal\/wp-content\/uploads\/2010\/12\/jtorres.jpg\" class=\"size-full wp-image-947\" title=\"jtorres\" src=\"https:\/\/www.hoymercedes.com.ar\/principal\/wp-content\/uploads\/2010\/12\/jtorres.jpg\" alt=\"Javier Torres\" width=\"300\" height=\"197\" \/><\/a><figcaption id=\"caption-attachment-947\" class=\"wp-caption-text\">Javier Torres<\/figcaption><\/figure>\n<p>Javier Torres, candidato a concejal por UDESO, critic\u00f3 la creaci\u00f3n del servicio, y enumer\u00f3 la cantidad de organismos que cumplen funciones similares. \u201cSe nos est\u00e1 intentando vender espejitos de colores\u201d, opin\u00f3.<\/p>\n<p>Javier Torres, candidato a concejal por UDESO, critic\u00f3 el anuncio de la creaci\u00f3n de la Casa de Acceso a la Justicia, en el Barrio Blandengues. \u201cNo se entiende cu\u00e1l es la raz\u00f3n de ser de esta casa, qu\u00e9 objetivo tiene- dijo -cuando Mercedes es cabecera de un Departamento Judicial, y si alguien tiene un problema penal, en calle 30 entre 23 y 21 est\u00e1 la Defensor\u00eda Oficial, que no s\u00f3lo lo asesora, sino que defiende gratuitamente a quien est\u00e1 acusado de un delito\u201d.<\/p>\n<p>Torres enumer\u00f3 la cantidad de organismos que cumplen funciones similares a la Casa de Acceso: \u201cQuien es v\u00edctima de un delito puede ser protegido por el Centro de Asistencia a la Victima. En materia civil, los que est\u00e1n desprotegidos tienen en 21 entre 30 y 32 la Defensor\u00eda de Pobres y Ausentes, y para otras cuestiones en 29 y 24, est\u00e1 el Colegio de Abogados que tiene el Consultorio Jur\u00eddico Gratuito, que incluso ordena a abogados particulares iniciar acciones en forma gratuita, cuando existen derechos vulnerados y no son econ\u00f3micamente redituables\u201d.<\/p>\n<p>\u201cPero como si eso fuera poco- continu\u00f3 el candidato-, en 25 entre 16 y 14 tambi\u00e9n est\u00e1 el Ministerio de Trabajo que cuando existe alg\u00fan trabajador que tiene alg\u00fan problema laboral, es asesorado, y si el trabajador quiere, es representado en juicio en forma gratuita por abogados del mismo ministerio\u201d.<\/p>\n<p>\u201cComo se ve existe una amplia y cabal cobertura gratuita de quienes por problemas econ\u00f3micos no pudieran ejercer o tuvieran el riesgo de ver vulnerados sus derechos. Por eso creo que lo que se busca es mostrar una falsa ilusi\u00f3n. Se nos est\u00e1 intentando vender espejitos de colores. Yo entender\u00eda su existencia en lugares donde no existen todos esos organismos, como en Luj\u00e1n o en Chivilcoy, pero ac\u00e1 en Mercedes no creo que sea necesario\u201d, subray\u00f3 Torres. \u201cEspero que esto no se constituya en un nuevo centro o lugar donde algunos abogados particulares obtienen juicios\u2026\u201d<\/p>\n<p>Luego agreg\u00f3: \u201cBlandengues es uno de los barrios m\u00e1s desprotegido de la ciudad, y ninguno de los inauguraron este centro han hecho nada para mejorar su calidad de vida: no se realiza un adecuado zanjeo, no se instala el gas, no se asfaltan las calles\u2026 Hay un verdadero desinter\u00e9s frente a un barrio que se encuentra a pocas cuadras del centro de la ciudad\u201d.<\/p>\n","protected":false},"excerpt":{"rendered":"<p>Javier Torres, candidato a concejal por UDESO, critic\u00f3 la creaci\u00f3n del servicio, y enumer\u00f3 la cantidad de organismos que cumplen &#8230; <a title=\"Torres: \u201cLa Casa de Justicia es una falsa ilusi\u00f3n\u201d\" class=\"read-more\" href=\"https:\/\/www.hoymercedes.com.ar\/principal\/2011\/09\/10\/torres-%e2%80%9cla-casa-de-justicia-es-una-falsa-ilusion%e2%80%9d\/\" aria-label=\"Leer m\u00e1s sobre Torres: \u201cLa Casa de Justicia es una falsa ilusi\u00f3n\u201d\">Leer m\u00e1s<\/a><\/p>\n","protected":false},"author":1,"featured_media":0,"comment_status":"open","ping_status":"open","sticky":false,"template":"","format":"standard","meta":{"_monsterinsights_skip_tracking":false,"_monsterinsights_sitenote_active":false,"_monsterinsights_sitenote_note":"","_monsterinsights_sitenote_category":0,"jetpack_post_was_ever_published":false,"_jetpack_newsletter_access":"","_jetpack_dont_email_post_to_subs":false,"_jetpack_newsletter_tier_id":0,"_jetpack_memberships_contains_paywalled_content":false,"_jetpack_memberships_contains_paid_content":false,"footnotes":"","jetpack_publicize_message":"","jetpack_publicize_feature_enabled":true,"jetpack_social_post_already_shared":false,"jetpack_social_options":{"image_generator_settings":{"template":"highway","default_image_id":0,"font":"","enabled":false},"version":2},"_wpas_customize_per_network":false},"categories":[5],"tags":[239,1090],"class_list":["post-7086","post","type-post","status-publish","format-standard","hentry","category-politica","tag-javier-torres","tag-udeso","generate-columns","tablet-grid-50","mobile-grid-100","grid-parent","grid-50"],"jetpack_publicize_connections":[],"jetpack_featured_media_url":"","wps_subtitle":"","jetpack_sharing_enabled":true,"_links":{"self":[{"href":"https:\/\/www.hoymercedes.com.ar\/principal\/wp-json\/wp\/v2\/posts\/7086","targetHints":{"allow":["GET"]}}],"collection":[{"href":"https:\/\/www.hoymercedes.com.ar\/principal\/wp-json\/wp\/v2\/posts"}],"about":[{"href":"https:\/\/www.hoymercedes.com.ar\/principal\/wp-json\/wp\/v2\/types\/post"}],"author":[{"embeddable":true,"href":"https:\/\/www.hoymercedes.com.ar\/principal\/wp-json\/wp\/v2\/users\/1"}],"replies":[{"embeddable":true,"href":"https:\/\/www.hoymercedes.com.ar\/principal\/wp-json\/wp\/v2\/comments?post=7086"}],"version-history":[{"count":0,"href":"https:\/\/www.hoymercedes.com.ar\/principal\/wp-json\/wp\/v2\/posts\/7086\/revisions"}],"wp:attachment":[{"href":"https:\/\/www.hoymercedes.com.ar\/principal\/wp-json\/wp\/v2\/media?parent=7086"}],"wp:term":[{"taxonomy":"category","embeddable":true,"href":"https:\/\/www.hoymercedes.com.ar\/principal\/wp-json\/wp\/v2\/categories?post=7086"},{"taxonomy":"post_tag","embeddable":true,"href":"https:\/\/www.hoymercedes.com.ar\/principal\/wp-json\/wp\/v2\/tags?post=7086"}],"curies":[{"name":"wp","href":"https:\/\/api.w.org\/{rel}","templated":true}]}}