{"id":70860,"date":"2017-12-15T20:19:36","date_gmt":"2017-12-15T23:19:36","guid":{"rendered":"http:\/\/www.hoymercedes.com.ar\/principal\/?p=70860"},"modified":"2017-12-15T19:58:59","modified_gmt":"2017-12-15T22:58:59","slug":"entrega-de-certificados-de-curso-ecunmenico-a-los-internos-de-la-unidad-5","status":"publish","type":"post","link":"https:\/\/www.hoymercedes.com.ar\/principal\/2017\/12\/15\/entrega-de-certificados-de-curso-ecunmenico-a-los-internos-de-la-unidad-5\/","title":{"rendered":"Entrega de Certificados de Curso Ecum\u00e9nico a los internos de la Unidad 5"},"content":{"rendered":"<p>La Hermana Antoniana\u00a0Estela Buet acompa\u00f1ada por el Subdirector de Administraci\u00f3n Fabi\u00e1n G\u00f3mez, entreg\u00f3 certificados a m\u00e1s de 40 internos, que durante todo el a\u00f1o 2017 asistieron al curso, los d\u00edas mi\u00e9rcoles a partir de las 11 horas y hasta las 13.30 horas. Los encuentros son semanales \u00a0\u201cB\u00edblico Ecum\u00e9nico, es decir, participan personas que son de Iglesias evang\u00e9licas o \u201cprotestantes\u201d en general. Adem\u00e1s de los cat\u00f3licos, entre los cuales se encuentra.<\/p>\n<p>El objetivo fundamental de estas reuniones, es presentar a Jes\u00fas y su mensaje. Por eso es considerado como el anuncio de la Palabra, m\u00e1s que una catequesis sacramental. Cuando surgen debates o diferentes posturas eclesiales sobre alg\u00fan tema, explica la visi\u00f3n cat\u00f3lica y se genera un dialogo.<\/p>\n<p>Seg\u00fan nos dijo la Hermana Estela, \u201clos encuentros semanales dan oportunidad de preguntas y as\u00ed se hace un ambiente muy distendido. Por lo general, la Biblia, como es Palabra de Vida, nos permite dialogar sobre temas de actualidad, desde la visi\u00f3n b\u00edblica. Mi tarea se enmarca dentro de la Pastoral Carcelaria Cat\u00f3lica Argentina, en la que participo desde hace varios a\u00f1os y he sido delegada regional de la Zona Norte de Buenos Aires. En lo personal, para esta ocasi\u00f3n espec\u00edfica de los encuentros b\u00edblicos ecum\u00e9nicos, tengo una certificaci\u00f3n de la Universidad Cat\u00f3lica de C\u00f3rdoba sobre la capacitaci\u00f3n que hice en el 2014, sobre ecumenismo.\u201d<\/p>\n<p>Esta pastoral depende del Episcopado Nacional. Tiene tres Obispos coordinadores y un Equipo Nacional. \u00a0La pr\u00f3xima reuni\u00f3n \u2013 como se hace anualmente \u2013 es en Villa Allende a partir del 3 de febrero. Ah\u00ed se encuentran representantes de las Di\u00f3cesis de todo el pa\u00eds. Cada tres a\u00f1os se organizan encuentros nacionales de Pastoral Carcelaria y desde Mercedes han participado en varios de ellos.<\/p>\n<p>&nbsp;<\/p>\n","protected":false},"excerpt":{"rendered":"<p>La Hermana Antoniana\u00a0Estela Buet acompa\u00f1ada por el Subdirector de Administraci\u00f3n Fabi\u00e1n G\u00f3mez, entreg\u00f3 certificados a m\u00e1s de 40 internos, que &#8230; <a title=\"Entrega de Certificados de Curso Ecum\u00e9nico a los internos de la Unidad 5\" class=\"read-more\" href=\"https:\/\/www.hoymercedes.com.ar\/principal\/2017\/12\/15\/entrega-de-certificados-de-curso-ecunmenico-a-los-internos-de-la-unidad-5\/\" aria-label=\"Leer m\u00e1s sobre Entrega de Certificados de Curso Ecum\u00e9nico a los internos de la Unidad 5\">Leer m\u00e1s<\/a><\/p>\n","protected":false},"author":1,"featured_media":70861,"comment_status":"closed","ping_status":"open","sticky":false,"template":"","format":"standard","meta":{"_monsterinsights_skip_tracking":false,"_monsterinsights_sitenote_active":false,"_monsterinsights_sitenote_note":"","_monsterinsights_sitenote_category":0,"jetpack_post_was_ever_published":false,"_jetpack_newsletter_access":"","_jetpack_dont_email_post_to_subs":false,"_jetpack_newsletter_tier_id":0,"_jetpack_memberships_contains_paywalled_content":false,"_jetpack_memberships_contains_paid_content":false,"footnotes":"","jetpack_publicize_message":"","jetpack_publicize_feature_enabled":true,"jetpack_social_post_already_shared":true,"jetpack_social_options":{"image_generator_settings":{"template":"highway","default_image_id":0,"font":"","enabled":false},"version":2},"_wpas_customize_per_network":false},"categories":[8],"tags":[1011,12417,7802,9002],"class_list":["post-70860","post","type-post","status-publish","format-standard","has-post-thumbnail","hentry","category-sociedad","tag-carcel","tag-encuentro-ecumenico","tag-sociedad","tag-unidad-n-5","generate-columns","tablet-grid-50","mobile-grid-100","grid-parent","grid-50"],"jetpack_publicize_connections":[],"jetpack_featured_media_url":"https:\/\/www.hoymercedes.com.ar\/principal\/wp-content\/uploads\/2017\/12\/15-carcel-ecumenico.jpg","wps_subtitle":"Distinciones en la c\u00e1rcel","jetpack_sharing_enabled":true,"_links":{"self":[{"href":"https:\/\/www.hoymercedes.com.ar\/principal\/wp-json\/wp\/v2\/posts\/70860","targetHints":{"allow":["GET"]}}],"collection":[{"href":"https:\/\/www.hoymercedes.com.ar\/principal\/wp-json\/wp\/v2\/posts"}],"about":[{"href":"https:\/\/www.hoymercedes.com.ar\/principal\/wp-json\/wp\/v2\/types\/post"}],"author":[{"embeddable":true,"href":"https:\/\/www.hoymercedes.com.ar\/principal\/wp-json\/wp\/v2\/users\/1"}],"replies":[{"embeddable":true,"href":"https:\/\/www.hoymercedes.com.ar\/principal\/wp-json\/wp\/v2\/comments?post=70860"}],"version-history":[{"count":0,"href":"https:\/\/www.hoymercedes.com.ar\/principal\/wp-json\/wp\/v2\/posts\/70860\/revisions"}],"wp:featuredmedia":[{"embeddable":true,"href":"https:\/\/www.hoymercedes.com.ar\/principal\/wp-json\/wp\/v2\/media\/70861"}],"wp:attachment":[{"href":"https:\/\/www.hoymercedes.com.ar\/principal\/wp-json\/wp\/v2\/media?parent=70860"}],"wp:term":[{"taxonomy":"category","embeddable":true,"href":"https:\/\/www.hoymercedes.com.ar\/principal\/wp-json\/wp\/v2\/categories?post=70860"},{"taxonomy":"post_tag","embeddable":true,"href":"https:\/\/www.hoymercedes.com.ar\/principal\/wp-json\/wp\/v2\/tags?post=70860"}],"curies":[{"name":"wp","href":"https:\/\/api.w.org\/{rel}","templated":true}]}}