{"id":70886,"date":"2017-12-16T16:24:53","date_gmt":"2017-12-16T19:24:53","guid":{"rendered":"http:\/\/www.hoymercedes.com.ar\/principal\/?p=70886"},"modified":"2017-12-16T14:39:00","modified_gmt":"2017-12-16T17:39:00","slug":"cierre-de-ano-en-el-jardin-maternal-municipal-n-3","status":"publish","type":"post","link":"https:\/\/www.hoymercedes.com.ar\/principal\/2017\/12\/16\/cierre-de-ano-en-el-jardin-maternal-municipal-n-3\/","title":{"rendered":"Cierre de a\u00f1o en el Jard\u00edn Maternal Municipal N\u00b0 3"},"content":{"rendered":"<p>El jard\u00edn maternal n\u00b0 3, que funciona en Barrio San Antonio, celebr\u00f3 el fin de a\u00f1o junto a toda la comunidad educativa, con un gran n\u00famero de padres, vecinos del lugar, y la presencia destacada del intendente de Mercedes, el Dr. Juan Ignacio Ustarroz.<\/p>\n<figure id=\"attachment_70887\" aria-describedby=\"caption-attachment-70887\" style=\"width: 620px\" class=\"wp-caption aligncenter\"><img loading=\"lazy\" decoding=\"async\" data-attachment-id=\"70887\" data-permalink=\"https:\/\/www.hoymercedes.com.ar\/principal\/2017\/12\/16\/cierre-de-ano-en-el-jardin-maternal-municipal-n-3\/16-maternal\/#main\" data-orig-file=\"https:\/\/www.hoymercedes.com.ar\/principal\/wp-content\/uploads\/2017\/12\/16-maternal-.jpg\" data-orig-size=\"750,502\" data-comments-opened=\"0\" data-image-meta=\"{&quot;aperture&quot;:&quot;0&quot;,&quot;credit&quot;:&quot;&quot;,&quot;camera&quot;:&quot;&quot;,&quot;caption&quot;:&quot;&quot;,&quot;created_timestamp&quot;:&quot;0&quot;,&quot;copyright&quot;:&quot;&quot;,&quot;focal_length&quot;:&quot;0&quot;,&quot;iso&quot;:&quot;0&quot;,&quot;shutter_speed&quot;:&quot;0&quot;,&quot;title&quot;:&quot;&quot;,&quot;orientation&quot;:&quot;0&quot;}\" data-image-title=\"16 maternal-\" data-image-description=\"\" data-image-caption=\"\" data-large-file=\"https:\/\/www.hoymercedes.com.ar\/principal\/wp-content\/uploads\/2017\/12\/16-maternal-.jpg\" class=\"size-medium wp-image-70887\" src=\"https:\/\/www.hoymercedes.com.ar\/principal\/wp-content\/uploads\/2017\/12\/16-maternal--630x422.jpg\" alt=\"\" width=\"630\" height=\"422\" srcset=\"https:\/\/www.hoymercedes.com.ar\/principal\/wp-content\/uploads\/2017\/12\/16-maternal--630x422.jpg 630w, https:\/\/www.hoymercedes.com.ar\/principal\/wp-content\/uploads\/2017\/12\/16-maternal--150x100.jpg 150w, https:\/\/www.hoymercedes.com.ar\/principal\/wp-content\/uploads\/2017\/12\/16-maternal-.jpg 750w\" sizes=\"auto, (max-width: 630px) 100vw, 630px\" \/><figcaption id=\"caption-attachment-70887\" class=\"wp-caption-text\">Cierre de a\u00f1o en el Jard\u00edn Maternal N\u00b0 3<\/figcaption><\/figure>\n<p>Cabe destacar, que el actual gobierno municipal, que lleva adelante el intendente Ustarroz, tiene como uno de sus ejes principales, el fortalecimiento de las instituciones educativas de la ciudad, apoyando e invirtiendo en los jardines maternales y es por ello que ya se inauguraron 4 Espacios de Jardines de Primera Infancia y otros varios ya fueron varios licitados en estos d\u00edas para seguir construyendo en distintos puntos de la ciudad.<\/p>\n<p>El intendente de nuestra ciudad destac\u00f3 el trabajo docente y dijo \u00abquiero agradecer la labor que han desempe\u00f1ado durante todo el a\u00f1o y felicitar por cuidar de lo m\u00e1s importante para nuestro futuro que son los ni\u00f1os\u00bb.<\/p>\n<p>Y agreg\u00f3 \u201cdesde el municipio asumimos el compromiso de sumar m\u00e1s servicios de calidad para todos los mercedinos\u00a0\u00a0y sabemos que este Jard\u00edn cumple con ese objetivo\u201d.<\/p>\n<p>Este es uno de los tres\u00a0\u00a0jardines maternales municipales, los cuales, son costeados \u00edntegramente por el Municipio de Mercedes.<\/p>\n<p>Fuente: Prensa Municipal<\/p>\n","protected":false},"excerpt":{"rendered":"<p>El jard\u00edn maternal n\u00b0 3, que funciona en Barrio San Antonio, celebr\u00f3 el fin de a\u00f1o junto a toda la &#8230; <a title=\"Cierre de a\u00f1o en el Jard\u00edn Maternal Municipal N\u00b0 3\" class=\"read-more\" href=\"https:\/\/www.hoymercedes.com.ar\/principal\/2017\/12\/16\/cierre-de-ano-en-el-jardin-maternal-municipal-n-3\/\" aria-label=\"Leer m\u00e1s sobre Cierre de a\u00f1o en el Jard\u00edn Maternal Municipal N\u00b0 3\">Leer m\u00e1s<\/a><\/p>\n","protected":false},"author":1,"featured_media":70887,"comment_status":"closed","ping_status":"open","sticky":false,"template":"","format":"standard","meta":{"_monsterinsights_skip_tracking":false,"_monsterinsights_sitenote_active":false,"_monsterinsights_sitenote_note":"","_monsterinsights_sitenote_category":0,"jetpack_post_was_ever_published":false,"_jetpack_newsletter_access":"","_jetpack_dont_email_post_to_subs":false,"_jetpack_newsletter_tier_id":0,"_jetpack_memberships_contains_paywalled_content":false,"_jetpack_memberships_contains_paid_content":false,"footnotes":"","jetpack_publicize_message":"","jetpack_publicize_feature_enabled":true,"jetpack_social_post_already_shared":true,"jetpack_social_options":{"image_generator_settings":{"template":"highway","default_image_id":0,"font":"","enabled":false},"version":2},"_wpas_customize_per_network":false},"categories":[30],"tags":[47,12422,10,244],"class_list":["post-70886","post","type-post","status-publish","format-standard","has-post-thumbnail","hentry","category-municipio","tag-educacion-2","tag-jardin-maternal-n-3","tag-mercedes","tag-municipio-2","generate-columns","tablet-grid-50","mobile-grid-100","grid-parent","grid-50"],"jetpack_publicize_connections":[],"jetpack_featured_media_url":"https:\/\/www.hoymercedes.com.ar\/principal\/wp-content\/uploads\/2017\/12\/16-maternal-.jpg","wps_subtitle":"En el Barrio San Antonio","jetpack_sharing_enabled":true,"_links":{"self":[{"href":"https:\/\/www.hoymercedes.com.ar\/principal\/wp-json\/wp\/v2\/posts\/70886","targetHints":{"allow":["GET"]}}],"collection":[{"href":"https:\/\/www.hoymercedes.com.ar\/principal\/wp-json\/wp\/v2\/posts"}],"about":[{"href":"https:\/\/www.hoymercedes.com.ar\/principal\/wp-json\/wp\/v2\/types\/post"}],"author":[{"embeddable":true,"href":"https:\/\/www.hoymercedes.com.ar\/principal\/wp-json\/wp\/v2\/users\/1"}],"replies":[{"embeddable":true,"href":"https:\/\/www.hoymercedes.com.ar\/principal\/wp-json\/wp\/v2\/comments?post=70886"}],"version-history":[{"count":0,"href":"https:\/\/www.hoymercedes.com.ar\/principal\/wp-json\/wp\/v2\/posts\/70886\/revisions"}],"wp:featuredmedia":[{"embeddable":true,"href":"https:\/\/www.hoymercedes.com.ar\/principal\/wp-json\/wp\/v2\/media\/70887"}],"wp:attachment":[{"href":"https:\/\/www.hoymercedes.com.ar\/principal\/wp-json\/wp\/v2\/media?parent=70886"}],"wp:term":[{"taxonomy":"category","embeddable":true,"href":"https:\/\/www.hoymercedes.com.ar\/principal\/wp-json\/wp\/v2\/categories?post=70886"},{"taxonomy":"post_tag","embeddable":true,"href":"https:\/\/www.hoymercedes.com.ar\/principal\/wp-json\/wp\/v2\/tags?post=70886"}],"curies":[{"name":"wp","href":"https:\/\/api.w.org\/{rel}","templated":true}]}}