{"id":70895,"date":"2017-12-17T12:02:05","date_gmt":"2017-12-17T15:02:05","guid":{"rendered":"http:\/\/www.hoymercedes.com.ar\/principal\/?p=70895"},"modified":"2017-12-17T21:12:14","modified_gmt":"2017-12-18T00:12:14","slug":"temporal-en-agote-se-volo-el-techo-del-caps","status":"publish","type":"post","link":"https:\/\/www.hoymercedes.com.ar\/principal\/2017\/12\/17\/temporal-en-agote-se-volo-el-techo-del-caps\/","title":{"rendered":"Temporal: en Goldney se vol\u00f3 el techo del CAPS"},"content":{"rendered":"<p>Las intensas lluvias y los fuertes vientos afectaron a toda la regi\u00f3n. Sin embargo los vecinos de las localidades rurales se llevaron la peor parte. En Goldney, Municipio confirm\u00f3 que se vol\u00f3 el techo del CAPS de dicha localidad.<\/p>\n<p><img loading=\"lazy\" decoding=\"async\" data-attachment-id=\"70920\" data-permalink=\"https:\/\/www.hoymercedes.com.ar\/principal\/2017\/12\/17\/temporal-en-agote-se-volo-el-techo-del-caps\/img-20171217-wa0004-768x1365\/#main\" data-orig-file=\"https:\/\/www.hoymercedes.com.ar\/principal\/wp-content\/uploads\/2017\/12\/IMG-20171217-WA0004-768x1365.jpg\" data-orig-size=\"768,1365\" data-comments-opened=\"0\" data-image-meta=\"{&quot;aperture&quot;:&quot;0&quot;,&quot;credit&quot;:&quot;&quot;,&quot;camera&quot;:&quot;&quot;,&quot;caption&quot;:&quot;&quot;,&quot;created_timestamp&quot;:&quot;0&quot;,&quot;copyright&quot;:&quot;&quot;,&quot;focal_length&quot;:&quot;0&quot;,&quot;iso&quot;:&quot;0&quot;,&quot;shutter_speed&quot;:&quot;0&quot;,&quot;title&quot;:&quot;&quot;,&quot;orientation&quot;:&quot;0&quot;}\" data-image-title=\"IMG-20171217-WA0004-768&amp;#215;1365\" data-image-description=\"\" data-image-caption=\"\" data-large-file=\"https:\/\/www.hoymercedes.com.ar\/principal\/wp-content\/uploads\/2017\/12\/IMG-20171217-WA0004-768x1365-576x1024.jpg\" class=\"aligncenter size-large wp-image-70920\" src=\"https:\/\/www.hoymercedes.com.ar\/principal\/wp-content\/uploads\/2017\/12\/IMG-20171217-WA0004-768x1365-576x1024.jpg\" alt=\"\" width=\"576\" height=\"1024\" srcset=\"https:\/\/www.hoymercedes.com.ar\/principal\/wp-content\/uploads\/2017\/12\/IMG-20171217-WA0004-768x1365-576x1024.jpg 576w, https:\/\/www.hoymercedes.com.ar\/principal\/wp-content\/uploads\/2017\/12\/IMG-20171217-WA0004-768x1365-84x150.jpg 84w, https:\/\/www.hoymercedes.com.ar\/principal\/wp-content\/uploads\/2017\/12\/IMG-20171217-WA0004-768x1365-349x620.jpg 349w, https:\/\/www.hoymercedes.com.ar\/principal\/wp-content\/uploads\/2017\/12\/IMG-20171217-WA0004-768x1365.jpg 768w\" sizes=\"auto, (max-width: 576px) 100vw, 576px\" \/><\/p>\n<p>En la ciudad de Mercedes, gajos de \u00e1rboles y ramas cortaron calles impidiendo la circulaci\u00f3n de los veh\u00edculos. Varios techos se vieron afectados. Asimismo, hubo zonas de la ciudad que estuvieron casi doce horas sin energ\u00eda el\u00e9ctrica.<\/p>\n<p><img loading=\"lazy\" decoding=\"async\" data-attachment-id=\"70896\" data-permalink=\"https:\/\/www.hoymercedes.com.ar\/principal\/2017\/12\/17\/temporal-en-agote-se-volo-el-techo-del-caps\/16-temporal\/#main\" data-orig-file=\"https:\/\/www.hoymercedes.com.ar\/principal\/wp-content\/uploads\/2017\/12\/16-temporal.jpg\" data-orig-size=\"750,450\" data-comments-opened=\"0\" data-image-meta=\"{&quot;aperture&quot;:&quot;2.6&quot;,&quot;credit&quot;:&quot;&quot;,&quot;camera&quot;:&quot;SM-G313MU&quot;,&quot;caption&quot;:&quot;&quot;,&quot;created_timestamp&quot;:&quot;1513525807&quot;,&quot;copyright&quot;:&quot;&quot;,&quot;focal_length&quot;:&quot;3.31&quot;,&quot;iso&quot;:&quot;50&quot;,&quot;shutter_speed&quot;:&quot;0.00089365504915103&quot;,&quot;title&quot;:&quot;&quot;,&quot;orientation&quot;:&quot;1&quot;}\" data-image-title=\"16 temporal\" data-image-description=\"\" data-image-caption=\"\" data-large-file=\"https:\/\/www.hoymercedes.com.ar\/principal\/wp-content\/uploads\/2017\/12\/16-temporal.jpg\" class=\"size-medium wp-image-70896 aligncenter\" src=\"https:\/\/www.hoymercedes.com.ar\/principal\/wp-content\/uploads\/2017\/12\/16-temporal-630x378.jpg\" alt=\"\" width=\"630\" height=\"378\" srcset=\"https:\/\/www.hoymercedes.com.ar\/principal\/wp-content\/uploads\/2017\/12\/16-temporal-630x378.jpg 630w, https:\/\/www.hoymercedes.com.ar\/principal\/wp-content\/uploads\/2017\/12\/16-temporal-150x90.jpg 150w, https:\/\/www.hoymercedes.com.ar\/principal\/wp-content\/uploads\/2017\/12\/16-temporal.jpg 750w\" sizes=\"auto, (max-width: 630px) 100vw, 630px\" \/><\/p>\n<p>Mientras que en Olivera, del partido de Luj\u00e1n, hubo muertes por las ca\u00eddas de los \u00e1rboles. El peaje y la ruta se vieron complicados durante toda la noche y la ma\u00f1ana del domingo.<\/p>\n<p>Los medios de la localidad de Luj\u00e1n informaron que dos personas murieron en la localidad de Olivera cuando estaban comiendo una vaquillona en un campo. De acuerdo a las declaraciones de los presentes, los dos hombres fallecidos son oriundos de General Rodr\u00edguez.<\/p>\n","protected":false},"excerpt":{"rendered":"<p>Las intensas lluvias y los fuertes vientos afectaron a toda la regi\u00f3n. Sin embargo los vecinos de las localidades rurales &#8230; <a title=\"Temporal: en Goldney se vol\u00f3 el techo del CAPS\" class=\"read-more\" href=\"https:\/\/www.hoymercedes.com.ar\/principal\/2017\/12\/17\/temporal-en-agote-se-volo-el-techo-del-caps\/\" aria-label=\"Leer m\u00e1s sobre Temporal: en Goldney se vol\u00f3 el techo del CAPS\">Leer m\u00e1s<\/a><\/p>\n","protected":false},"author":1,"featured_media":70922,"comment_status":"closed","ping_status":"open","sticky":false,"template":"","format":"standard","meta":{"_monsterinsights_skip_tracking":false,"_monsterinsights_sitenote_active":false,"_monsterinsights_sitenote_note":"","_monsterinsights_sitenote_category":0,"jetpack_post_was_ever_published":false,"_jetpack_newsletter_access":"","_jetpack_dont_email_post_to_subs":false,"_jetpack_newsletter_tier_id":0,"_jetpack_memberships_contains_paywalled_content":false,"_jetpack_memberships_contains_paid_content":false,"footnotes":"","jetpack_publicize_message":"Temporal: en Agote se vol\u00f3 el techo del CAPS","jetpack_publicize_feature_enabled":true,"jetpack_social_post_already_shared":true,"jetpack_social_options":{"image_generator_settings":{"template":"highway","default_image_id":0,"font":"","enabled":false},"version":2},"_wpas_customize_per_network":false},"categories":[8],"tags":[1981,1734,12424,10,2038],"class_list":["post-70895","post","type-post","status-publish","format-standard","has-post-thumbnail","hentry","category-sociedad","tag-agote","tag-ciudad-2","tag-destrozos","tag-mercedes","tag-temporal","generate-columns","tablet-grid-50","mobile-grid-100","grid-parent","grid-50"],"jetpack_publicize_connections":[],"jetpack_featured_media_url":"https:\/\/www.hoymercedes.com.ar\/principal\/wp-content\/uploads\/2017\/12\/IMG-20171217-WA0004-1-800x800.jpg","wps_subtitle":"Fuerte viento en la regi\u00f3n","jetpack_sharing_enabled":true,"_links":{"self":[{"href":"https:\/\/www.hoymercedes.com.ar\/principal\/wp-json\/wp\/v2\/posts\/70895","targetHints":{"allow":["GET"]}}],"collection":[{"href":"https:\/\/www.hoymercedes.com.ar\/principal\/wp-json\/wp\/v2\/posts"}],"about":[{"href":"https:\/\/www.hoymercedes.com.ar\/principal\/wp-json\/wp\/v2\/types\/post"}],"author":[{"embeddable":true,"href":"https:\/\/www.hoymercedes.com.ar\/principal\/wp-json\/wp\/v2\/users\/1"}],"replies":[{"embeddable":true,"href":"https:\/\/www.hoymercedes.com.ar\/principal\/wp-json\/wp\/v2\/comments?post=70895"}],"version-history":[{"count":0,"href":"https:\/\/www.hoymercedes.com.ar\/principal\/wp-json\/wp\/v2\/posts\/70895\/revisions"}],"wp:featuredmedia":[{"embeddable":true,"href":"https:\/\/www.hoymercedes.com.ar\/principal\/wp-json\/wp\/v2\/media\/70922"}],"wp:attachment":[{"href":"https:\/\/www.hoymercedes.com.ar\/principal\/wp-json\/wp\/v2\/media?parent=70895"}],"wp:term":[{"taxonomy":"category","embeddable":true,"href":"https:\/\/www.hoymercedes.com.ar\/principal\/wp-json\/wp\/v2\/categories?post=70895"},{"taxonomy":"post_tag","embeddable":true,"href":"https:\/\/www.hoymercedes.com.ar\/principal\/wp-json\/wp\/v2\/tags?post=70895"}],"curies":[{"name":"wp","href":"https:\/\/api.w.org\/{rel}","templated":true}]}}