{"id":71011,"date":"2017-12-21T15:40:19","date_gmt":"2017-12-21T18:40:19","guid":{"rendered":"http:\/\/www.hoymercedes.com.ar\/principal\/?p=71011"},"modified":"2017-12-21T15:59:06","modified_gmt":"2017-12-21T18:59:06","slug":"saquean-camiones-y-hay-19-detenidos-en-lujan-videos","status":"publish","type":"post","link":"https:\/\/www.hoymercedes.com.ar\/principal\/2017\/12\/21\/saquean-camiones-y-hay-19-detenidos-en-lujan-videos\/","title":{"rendered":"Saquean camiones y hay 19 detenidos en Luj\u00e1n (Videos)"},"content":{"rendered":"<p><span class=\"embed-youtube\" style=\"text-align:center; display: block;\"><iframe loading=\"lazy\" class=\"youtube-player\" width=\"1200\" height=\"675\" src=\"https:\/\/www.youtube.com\/embed\/k9lYQLvTa1E?version=3&#038;rel=1&#038;showsearch=0&#038;showinfo=1&#038;iv_load_policy=1&#038;fs=1&#038;hl=es-ES&#038;autohide=2&#038;wmode=transparent\" allowfullscreen=\"true\" style=\"border:0;\" sandbox=\"allow-scripts allow-same-origin allow-popups allow-presentation allow-popups-to-escape-sandbox\"><\/iframe><\/span><\/p>\n<p>Una jornada de tensi\u00f3n m\u00e1xima se vivi\u00f3 ayer en Luj\u00e1n con el intento de saqueo de Walmart y luego con el saqueo de un cami\u00f3n en plena ruta. Hay 19 detenidos que hoy ser\u00edan liberados, pero con causas judiciales. Tres de ellos son menores.<\/p>\n<p><strong>Detenidos<\/strong><\/p>\n<p>Ya alrededor de la medianoche del mi\u00e9rcoles 20 se supo que hab\u00eda 19 detenidos en la Comisar\u00eda de Luj\u00e1n. De los mismos 3 son menores. Algunos presentan heridas de bala de goma. La letrada Paola Delconte fue quien di\u00f3 detalles a la importante cantidad de vecinos que se congregaron en las afueras del lugar de detenci\u00f3n, en calle Las Heras de Luj\u00e1n.<\/p>\n<p>Se supo tambi\u00e9n que el delito que se les imputa a los adultos es \u2019robo simple\u2019. Hay algunos elementos que podr\u00edan ser de prueba, como objetos contundentes y un trozo de animal. Lo menores tendr\u00e1n acusaci\u00f3n de resistencia a la autoridad y da\u00f1os.<\/p>\n<p><span class=\"embed-youtube\" style=\"text-align:center; display: block;\"><iframe loading=\"lazy\" class=\"youtube-player\" width=\"1200\" height=\"675\" src=\"https:\/\/www.youtube.com\/embed\/TGlhkTXAQbU?version=3&#038;rel=1&#038;showsearch=0&#038;showinfo=1&#038;iv_load_policy=1&#038;fs=1&#038;hl=es-ES&#038;autohide=2&#038;wmode=transparent\" allowfullscreen=\"true\" style=\"border:0;\" sandbox=\"allow-scripts allow-same-origin allow-popups allow-presentation allow-popups-to-escape-sandbox\"><\/iframe><\/span><\/p>\n<p><strong>Camiones<\/strong><\/p>\n<p>Tambi\u00e9n se pudo ver filmaciones de vecinos que en acceso Oeste trataron de frenar camiones con mercader\u00eda. Unos cinco o seis de ellos lograron sortear el intento, mientras que uno finalmente fue alcanzado y le sustrajeron elementos. Con palos y en manada, lograron frenar a uno de los veh\u00edculos y lo desvalijaron en cuesti\u00f3n de segundos.<\/p>\n<p><strong>Redes<\/strong><\/p>\n<p>En las redes, por otra parte, circula la versi\u00f3n y casi invitaci\u00f3n a este s\u00e1bado estar atentos porque podr\u00edan darse nuevos intentos de saqueos.<\/p>\n","protected":false},"excerpt":{"rendered":"<p>Una jornada de tensi\u00f3n m\u00e1xima se vivi\u00f3 ayer en Luj\u00e1n con el intento de saqueo de Walmart y luego con &#8230; <a title=\"Saquean camiones y hay 19 detenidos en Luj\u00e1n (Videos)\" class=\"read-more\" href=\"https:\/\/www.hoymercedes.com.ar\/principal\/2017\/12\/21\/saquean-camiones-y-hay-19-detenidos-en-lujan-videos\/\" aria-label=\"Leer m\u00e1s sobre Saquean camiones y hay 19 detenidos en Luj\u00e1n (Videos)\">Leer m\u00e1s<\/a><\/p>\n","protected":false},"author":1,"featured_media":71012,"comment_status":"closed","ping_status":"open","sticky":false,"template":"","format":"standard","meta":{"_monsterinsights_skip_tracking":false,"_monsterinsights_sitenote_active":false,"_monsterinsights_sitenote_note":"","_monsterinsights_sitenote_category":0,"jetpack_post_was_ever_published":false,"_jetpack_newsletter_access":"","_jetpack_dont_email_post_to_subs":false,"_jetpack_newsletter_tier_id":0,"_jetpack_memberships_contains_paywalled_content":false,"_jetpack_memberships_contains_paid_content":false,"footnotes":"","jetpack_publicize_message":"","jetpack_publicize_feature_enabled":true,"jetpack_social_post_already_shared":true,"jetpack_social_options":{"image_generator_settings":{"template":"highway","default_image_id":0,"font":"","enabled":false},"version":2},"_wpas_customize_per_network":false},"categories":[85],"tags":[86,1057,12441,12443],"class_list":["post-71011","post","type-post","status-publish","format-standard","has-post-thumbnail","hentry","category-policial","tag-lujan","tag-regional","tag-saqueo-en-lujan","tag-videos","generate-columns","tablet-grid-50","mobile-grid-100","grid-parent","grid-50"],"jetpack_publicize_connections":[],"jetpack_featured_media_url":"https:\/\/www.hoymercedes.com.ar\/principal\/wp-content\/uploads\/2017\/12\/saqueo.jpg","wps_subtitle":"Fuerte actuaci\u00f3n policial","jetpack_sharing_enabled":true,"_links":{"self":[{"href":"https:\/\/www.hoymercedes.com.ar\/principal\/wp-json\/wp\/v2\/posts\/71011","targetHints":{"allow":["GET"]}}],"collection":[{"href":"https:\/\/www.hoymercedes.com.ar\/principal\/wp-json\/wp\/v2\/posts"}],"about":[{"href":"https:\/\/www.hoymercedes.com.ar\/principal\/wp-json\/wp\/v2\/types\/post"}],"author":[{"embeddable":true,"href":"https:\/\/www.hoymercedes.com.ar\/principal\/wp-json\/wp\/v2\/users\/1"}],"replies":[{"embeddable":true,"href":"https:\/\/www.hoymercedes.com.ar\/principal\/wp-json\/wp\/v2\/comments?post=71011"}],"version-history":[{"count":0,"href":"https:\/\/www.hoymercedes.com.ar\/principal\/wp-json\/wp\/v2\/posts\/71011\/revisions"}],"wp:featuredmedia":[{"embeddable":true,"href":"https:\/\/www.hoymercedes.com.ar\/principal\/wp-json\/wp\/v2\/media\/71012"}],"wp:attachment":[{"href":"https:\/\/www.hoymercedes.com.ar\/principal\/wp-json\/wp\/v2\/media?parent=71011"}],"wp:term":[{"taxonomy":"category","embeddable":true,"href":"https:\/\/www.hoymercedes.com.ar\/principal\/wp-json\/wp\/v2\/categories?post=71011"},{"taxonomy":"post_tag","embeddable":true,"href":"https:\/\/www.hoymercedes.com.ar\/principal\/wp-json\/wp\/v2\/tags?post=71011"}],"curies":[{"name":"wp","href":"https:\/\/api.w.org\/{rel}","templated":true}]}}