{"id":71037,"date":"2017-12-22T16:18:39","date_gmt":"2017-12-22T19:18:39","guid":{"rendered":"http:\/\/www.hoymercedes.com.ar\/principal\/?p=71037"},"modified":"2017-12-22T17:30:42","modified_gmt":"2017-12-22T20:30:42","slug":"ateneo-se-consagro-campeon-del-torneo-de-reserva","status":"publish","type":"post","link":"https:\/\/www.hoymercedes.com.ar\/principal\/2017\/12\/22\/ateneo-se-consagro-campeon-del-torneo-de-reserva\/","title":{"rendered":"Ateneo se consagr\u00f3 campe\u00f3n del torneo de Reserva"},"content":{"rendered":"<p><em><strong>El \u00faltimo partido de la temporada se jug\u00f3 este jueves y fue la final del torneo de Reserva entre Ateneo y Comunicaciones, que por lluvia se posterg\u00f3 el s\u00e1bado pasado y este mi\u00e9rcoles. Finalmente, el partido se disput\u00f3 y los de la Liga de Padres de Familia vencieron 2 a 0 al Cartero y se consagraron campeones con goles de Enzo medina y Leonardo Chaparro.<\/strong><\/em><\/p>\n<figure id=\"attachment_71038\" aria-describedby=\"caption-attachment-71038\" style=\"width: 950px\" class=\"wp-caption aligncenter\"><img loading=\"lazy\" decoding=\"async\" data-attachment-id=\"71038\" data-permalink=\"https:\/\/www.hoymercedes.com.ar\/principal\/2017\/12\/22\/ateneo-se-consagro-campeon-del-torneo-de-reserva\/ateneo-campeon-reserva\/#main\" data-orig-file=\"https:\/\/www.hoymercedes.com.ar\/principal\/wp-content\/uploads\/2017\/12\/Ateneo-Campe\u00f3n-Reserva.jpg\" data-orig-size=\"960,639\" data-comments-opened=\"0\" data-image-meta=\"{&quot;aperture&quot;:&quot;0&quot;,&quot;credit&quot;:&quot;&quot;,&quot;camera&quot;:&quot;&quot;,&quot;caption&quot;:&quot;&quot;,&quot;created_timestamp&quot;:&quot;0&quot;,&quot;copyright&quot;:&quot;&quot;,&quot;focal_length&quot;:&quot;0&quot;,&quot;iso&quot;:&quot;0&quot;,&quot;shutter_speed&quot;:&quot;0&quot;,&quot;title&quot;:&quot;&quot;,&quot;orientation&quot;:&quot;0&quot;}\" data-image-title=\"Ateneo Campe\u00f3n Reserva\" data-image-description=\"\" data-image-caption=\"\" data-large-file=\"https:\/\/www.hoymercedes.com.ar\/principal\/wp-content\/uploads\/2017\/12\/Ateneo-Campe\u00f3n-Reserva.jpg\" class=\"wp-image-71038 size-full\" src=\"https:\/\/www.hoymercedes.com.ar\/principal\/wp-content\/uploads\/2017\/12\/Ateneo-Campe\u00f3n-Reserva.jpg\" alt=\"\" width=\"960\" height=\"639\" srcset=\"https:\/\/www.hoymercedes.com.ar\/principal\/wp-content\/uploads\/2017\/12\/Ateneo-Campe\u00f3n-Reserva.jpg 960w, https:\/\/www.hoymercedes.com.ar\/principal\/wp-content\/uploads\/2017\/12\/Ateneo-Campe\u00f3n-Reserva-150x100.jpg 150w, https:\/\/www.hoymercedes.com.ar\/principal\/wp-content\/uploads\/2017\/12\/Ateneo-Campe\u00f3n-Reserva-630x419.jpg 630w\" sizes=\"auto, (max-width: 960px) 100vw, 960px\" \/><figcaption id=\"caption-attachment-71038\" class=\"wp-caption-text\">Ateneo es el nuevo campe\u00f3n de Reserva.<\/figcaption><\/figure>\n<p><strong>Comunicaciones 0:<\/strong>\u00a0Davis Br\u00edsoliz, Mart\u00edn Ag\u00fcero, Juan Torres, Iv\u00e1n Pedrazza, Franco Torres, Juli\u00e1n Ag\u00fcero, Alejandro Cousse, Mart\u00edn Torres, Nahuel Herrera, Mat\u00edas Giles y Federico Amaya.\u00a0<strong>DT:<\/strong>\u00a0Julio Torres.\u00a0<strong>Suplentes:<\/strong>\u00a0Mat\u00edas Ag\u00fcero. Gonzalo Herrera, Tom\u00e1s P\u00e9rez, Alexis S\u00e1nchez, Nahuel Torres, Jonathan Paj\u00f3n y Miguel Grambila.<br \/>\n<strong>Ateneo de la Juventud 2:<\/strong>\u00a0Thom\u00e1s Basualdo, Agust\u00edn Flaherty, Conenna, Maximiliano Arzani, Tom\u00e1s Puricelli, Enzo Medina, Juan P\u00e9rez, Claudio Carrizo, Leonardo Chaparro, Jer\u00f3nimo Puricelli y A. Chaparro.\u00a0\u00a0<strong>DT:<\/strong>\u00a0Maximiliano Gim\u00e9nez.\u00a0<strong>Suplentes:<\/strong>\u00a0Agust\u00edn Ramos, Manuel Culicino, Franco P\u00e9rez, Diego Gorocito, Pedro Cejas y Maximiliano Becerra.<br \/>\n<strong>Goles:<\/strong>\u00a0Enzo Medina y Chaparro para Ateneo.<br \/>\n<strong>Arbitro:<\/strong>\u00a0Luis L\u00f3pez (AAM).<\/p>\n","protected":false},"excerpt":{"rendered":"<p>El \u00faltimo partido de la temporada se jug\u00f3 este jueves y fue la final del torneo de Reserva entre Ateneo &#8230; <a title=\"Ateneo se consagr\u00f3 campe\u00f3n del torneo de Reserva\" class=\"read-more\" href=\"https:\/\/www.hoymercedes.com.ar\/principal\/2017\/12\/22\/ateneo-se-consagro-campeon-del-torneo-de-reserva\/\" aria-label=\"Leer m\u00e1s sobre Ateneo se consagr\u00f3 campe\u00f3n del torneo de Reserva\">Leer m\u00e1s<\/a><\/p>\n","protected":false},"author":1,"featured_media":71038,"comment_status":"closed","ping_status":"open","sticky":false,"template":"","format":"standard","meta":{"_monsterinsights_skip_tracking":false,"_monsterinsights_sitenote_active":false,"_monsterinsights_sitenote_note":"","_monsterinsights_sitenote_category":0,"jetpack_post_was_ever_published":false,"_jetpack_newsletter_access":"","_jetpack_dont_email_post_to_subs":false,"_jetpack_newsletter_tier_id":0,"_jetpack_memberships_contains_paywalled_content":false,"_jetpack_memberships_contains_paid_content":false,"footnotes":"","jetpack_publicize_message":"","jetpack_publicize_feature_enabled":true,"jetpack_social_post_already_shared":true,"jetpack_social_options":{"image_generator_settings":{"template":"highway","default_image_id":0,"font":"","enabled":false},"version":2},"_wpas_customize_per_network":false},"categories":[21],"tags":[2254,204,1003,1901,8775],"class_list":["post-71037","post","type-post","status-publish","format-standard","has-post-thumbnail","hentry","category-deportes","tag-ateneo","tag-deportes-2","tag-futbol","tag-liga-mercedina","tag-reserva","generate-columns","tablet-grid-50","mobile-grid-100","grid-parent","grid-50"],"jetpack_publicize_connections":[],"jetpack_featured_media_url":"https:\/\/www.hoymercedes.com.ar\/principal\/wp-content\/uploads\/2017\/12\/Ateneo-Campe\u00f3n-Reserva.jpg","wps_subtitle":"Liga Mercedina","jetpack_sharing_enabled":true,"_links":{"self":[{"href":"https:\/\/www.hoymercedes.com.ar\/principal\/wp-json\/wp\/v2\/posts\/71037","targetHints":{"allow":["GET"]}}],"collection":[{"href":"https:\/\/www.hoymercedes.com.ar\/principal\/wp-json\/wp\/v2\/posts"}],"about":[{"href":"https:\/\/www.hoymercedes.com.ar\/principal\/wp-json\/wp\/v2\/types\/post"}],"author":[{"embeddable":true,"href":"https:\/\/www.hoymercedes.com.ar\/principal\/wp-json\/wp\/v2\/users\/1"}],"replies":[{"embeddable":true,"href":"https:\/\/www.hoymercedes.com.ar\/principal\/wp-json\/wp\/v2\/comments?post=71037"}],"version-history":[{"count":0,"href":"https:\/\/www.hoymercedes.com.ar\/principal\/wp-json\/wp\/v2\/posts\/71037\/revisions"}],"wp:featuredmedia":[{"embeddable":true,"href":"https:\/\/www.hoymercedes.com.ar\/principal\/wp-json\/wp\/v2\/media\/71038"}],"wp:attachment":[{"href":"https:\/\/www.hoymercedes.com.ar\/principal\/wp-json\/wp\/v2\/media?parent=71037"}],"wp:term":[{"taxonomy":"category","embeddable":true,"href":"https:\/\/www.hoymercedes.com.ar\/principal\/wp-json\/wp\/v2\/categories?post=71037"},{"taxonomy":"post_tag","embeddable":true,"href":"https:\/\/www.hoymercedes.com.ar\/principal\/wp-json\/wp\/v2\/tags?post=71037"}],"curies":[{"name":"wp","href":"https:\/\/api.w.org\/{rel}","templated":true}]}}