{"id":71052,"date":"2017-12-23T09:40:38","date_gmt":"2017-12-23T12:40:38","guid":{"rendered":"http:\/\/www.hoymercedes.com.ar\/principal\/?p=71052"},"modified":"2017-12-22T16:57:13","modified_gmt":"2017-12-22T19:57:13","slug":"importantes-detenciones-de-estafadores-con-3-allanamientos-y-recoleccion-de-pruebas","status":"publish","type":"post","link":"https:\/\/www.hoymercedes.com.ar\/principal\/2017\/12\/23\/importantes-detenciones-de-estafadores-con-3-allanamientos-y-recoleccion-de-pruebas\/","title":{"rendered":"Importantes detenciones de estafadores con 3 allanamientos y recolecci\u00f3n de pruebas"},"content":{"rendered":"<figure id=\"attachment_71053\" aria-describedby=\"caption-attachment-71053\" style=\"width: 720px\" class=\"wp-caption aligncenter\"><img loading=\"lazy\" decoding=\"async\" data-attachment-id=\"71053\" data-permalink=\"https:\/\/www.hoymercedes.com.ar\/principal\/2017\/12\/23\/importantes-detenciones-de-estafadores-con-3-allanamientos-y-recoleccion-de-pruebas\/detenciones-policialcomunla-2017-12-1\/#main\" data-orig-file=\"https:\/\/www.hoymercedes.com.ar\/principal\/wp-content\/uploads\/2017\/12\/detenciones-policialcomunla-2017-12-1.jpg\" data-orig-size=\"730,604\" data-comments-opened=\"0\" data-image-meta=\"{&quot;aperture&quot;:&quot;0&quot;,&quot;credit&quot;:&quot;&quot;,&quot;camera&quot;:&quot;&quot;,&quot;caption&quot;:&quot;&quot;,&quot;created_timestamp&quot;:&quot;0&quot;,&quot;copyright&quot;:&quot;&quot;,&quot;focal_length&quot;:&quot;0&quot;,&quot;iso&quot;:&quot;0&quot;,&quot;shutter_speed&quot;:&quot;0&quot;,&quot;title&quot;:&quot;&quot;,&quot;orientation&quot;:&quot;0&quot;}\" data-image-title=\"detenciones-policialcomunla-2017-12-1\" data-image-description=\"\" data-image-caption=\"&lt;p&gt;Detenidos en Mercedes&lt;\/p&gt;\n\" data-large-file=\"https:\/\/www.hoymercedes.com.ar\/principal\/wp-content\/uploads\/2017\/12\/detenciones-policialcomunla-2017-12-1.jpg\" class=\"size-full wp-image-71053\" src=\"https:\/\/www.hoymercedes.com.ar\/principal\/wp-content\/uploads\/2017\/12\/detenciones-policialcomunla-2017-12-1.jpg\" alt=\"\" width=\"730\" height=\"604\" srcset=\"https:\/\/www.hoymercedes.com.ar\/principal\/wp-content\/uploads\/2017\/12\/detenciones-policialcomunla-2017-12-1.jpg 730w, https:\/\/www.hoymercedes.com.ar\/principal\/wp-content\/uploads\/2017\/12\/detenciones-policialcomunla-2017-12-1-150x124.jpg 150w, https:\/\/www.hoymercedes.com.ar\/principal\/wp-content\/uploads\/2017\/12\/detenciones-policialcomunla-2017-12-1-630x521.jpg 630w\" sizes=\"auto, (max-width: 730px) 100vw, 730px\" \/><figcaption id=\"caption-attachment-71053\" class=\"wp-caption-text\">Detenidos en Mercedes<\/figcaption><\/figure>\n<p>Un importante operativo permiti\u00f3 la detenci\u00f3n de tres masculinos que llevaban adelante en nuestra ciudad y toda la zona el llamado \u00abcuento del t\u00edo\u00bb, estafando y robando a nuestros adultos mayores. Desde el Centro de Monitoreo se detectan movimientos extra\u00f1os y dan alerga las fuerzas de seguridad, cont\u00f3 el Comisario Sergio Macedo en lo que fue una nueva actuaci\u00f3n en conjunto con la Polic\u00eda Local. El resultado fue nuevamente \u00f3ptimo para nuestros vecinos.<\/p>\n<p>El responsable de la Estaci\u00f3n Comunal Mercedes, que desde hace tiempo viene llevando a cabo importantes detenciones e investigaciones con actuaciones tanto en Mercedes como en otras localidades, cont\u00f3 que se \u00abse logr\u00f3 evitar el robo a vecinos, en este caso adultos mayores\u00bb destacando que \u00abnuevamente el personal de calle, trabajando mancomunadamente con otras fuerzas, lograron llevar tranquilidad a los mercedinos\u00bb coment\u00f3 el Comisario.<\/p>\n<figure id=\"attachment_71054\" aria-describedby=\"caption-attachment-71054\" style=\"width: 764px\" class=\"wp-caption aligncenter\"><img loading=\"lazy\" decoding=\"async\" data-attachment-id=\"71054\" data-permalink=\"https:\/\/www.hoymercedes.com.ar\/principal\/2017\/12\/23\/importantes-detenciones-de-estafadores-con-3-allanamientos-y-recoleccion-de-pruebas\/detenciones-policialcomunla-2017-12-2\/#main\" data-orig-file=\"https:\/\/www.hoymercedes.com.ar\/principal\/wp-content\/uploads\/2017\/12\/detenciones-policialcomunla-2017-12-2.jpg\" data-orig-size=\"774,678\" data-comments-opened=\"0\" data-image-meta=\"{&quot;aperture&quot;:&quot;0&quot;,&quot;credit&quot;:&quot;&quot;,&quot;camera&quot;:&quot;&quot;,&quot;caption&quot;:&quot;&quot;,&quot;created_timestamp&quot;:&quot;0&quot;,&quot;copyright&quot;:&quot;&quot;,&quot;focal_length&quot;:&quot;0&quot;,&quot;iso&quot;:&quot;0&quot;,&quot;shutter_speed&quot;:&quot;0&quot;,&quot;title&quot;:&quot;&quot;,&quot;orientation&quot;:&quot;0&quot;}\" data-image-title=\"detenciones-policialcomunla-2017-12-2\" data-image-description=\"\" data-image-caption=\"&lt;p&gt;Estafaban especialmente a Adultos Mayores&lt;\/p&gt;\n\" data-large-file=\"https:\/\/www.hoymercedes.com.ar\/principal\/wp-content\/uploads\/2017\/12\/detenciones-policialcomunla-2017-12-2.jpg\" class=\"size-full wp-image-71054\" src=\"https:\/\/www.hoymercedes.com.ar\/principal\/wp-content\/uploads\/2017\/12\/detenciones-policialcomunla-2017-12-2.jpg\" alt=\"\" width=\"774\" height=\"678\" srcset=\"https:\/\/www.hoymercedes.com.ar\/principal\/wp-content\/uploads\/2017\/12\/detenciones-policialcomunla-2017-12-2.jpg 774w, https:\/\/www.hoymercedes.com.ar\/principal\/wp-content\/uploads\/2017\/12\/detenciones-policialcomunla-2017-12-2-150x131.jpg 150w, https:\/\/www.hoymercedes.com.ar\/principal\/wp-content\/uploads\/2017\/12\/detenciones-policialcomunla-2017-12-2-630x552.jpg 630w\" sizes=\"auto, (max-width: 774px) 100vw, 774px\" \/><figcaption id=\"caption-attachment-71054\" class=\"wp-caption-text\">Estafaban especialmente a Adultos Mayores<\/figcaption><\/figure>\n<p>M\u00e1s adelante remarc\u00f3 que \u00abse logr\u00f3 sorprender y reducir a los sospechosos\u00bb deteni\u00e9ndolos y secuestrando dinero, tel\u00e9fonos, ticket de peaje que demuestran cuando entraron y salieron de la ciudad, donde adem\u00e1s \u00abse realizaron tres allanamientos, en Moreno y Rodriguez\u00bb quedando ahora los detenidos a disposici\u00f3n de la justicia.<\/p>\n<p>As\u00ed como en casos anteriores y resonantes, como fueron los robos a Ben\u00edtez y Noelandia, la fina investigaci\u00f3n y el trabajo en conjunto con otras \u00e1reas del Estado, como el Centro de Monitoreo, la Polic\u00eda Comunal logra desbaratan una banda que comet\u00eda il\u00edcitos en la zona y por supuesto tambi\u00e9n en Mercedes.<br \/>\nLa situaci\u00f3n, permiti\u00f3 nuevamente poner tras las rejas a quienes se aprovechan de la buena fe de los vecinos y dando adem\u00e1s un nuevo golpe a quienes cometen acciones fuera de la ley.<\/p>\n<figure id=\"attachment_71055\" aria-describedby=\"caption-attachment-71055\" style=\"width: 720px\" class=\"wp-caption aligncenter\"><img loading=\"lazy\" decoding=\"async\" data-attachment-id=\"71055\" data-permalink=\"https:\/\/www.hoymercedes.com.ar\/principal\/2017\/12\/23\/importantes-detenciones-de-estafadores-con-3-allanamientos-y-recoleccion-de-pruebas\/detenciones-policialcomunla-2017-12-3\/#main\" data-orig-file=\"https:\/\/www.hoymercedes.com.ar\/principal\/wp-content\/uploads\/2017\/12\/detenciones-policialcomunla-2017-12-3.jpg\" data-orig-size=\"730,743\" data-comments-opened=\"0\" data-image-meta=\"{&quot;aperture&quot;:&quot;0&quot;,&quot;credit&quot;:&quot;&quot;,&quot;camera&quot;:&quot;&quot;,&quot;caption&quot;:&quot;&quot;,&quot;created_timestamp&quot;:&quot;0&quot;,&quot;copyright&quot;:&quot;&quot;,&quot;focal_length&quot;:&quot;0&quot;,&quot;iso&quot;:&quot;0&quot;,&quot;shutter_speed&quot;:&quot;0&quot;,&quot;title&quot;:&quot;&quot;,&quot;orientation&quot;:&quot;0&quot;}\" data-image-title=\"detenciones-policialcomunla-2017-12-3\" data-image-description=\"\" data-image-caption=\"\" data-large-file=\"https:\/\/www.hoymercedes.com.ar\/principal\/wp-content\/uploads\/2017\/12\/detenciones-policialcomunla-2017-12-3.jpg\" class=\"wp-image-71055 size-full\" src=\"https:\/\/www.hoymercedes.com.ar\/principal\/wp-content\/uploads\/2017\/12\/detenciones-policialcomunla-2017-12-3.jpg\" alt=\"\" width=\"730\" height=\"743\" srcset=\"https:\/\/www.hoymercedes.com.ar\/principal\/wp-content\/uploads\/2017\/12\/detenciones-policialcomunla-2017-12-3.jpg 730w, https:\/\/www.hoymercedes.com.ar\/principal\/wp-content\/uploads\/2017\/12\/detenciones-policialcomunla-2017-12-3-147x150.jpg 147w, https:\/\/www.hoymercedes.com.ar\/principal\/wp-content\/uploads\/2017\/12\/detenciones-policialcomunla-2017-12-3-609x620.jpg 609w\" sizes=\"auto, (max-width: 730px) 100vw, 730px\" \/><figcaption id=\"caption-attachment-71055\" class=\"wp-caption-text\">Elementos de prueba en su poder<\/figcaption><\/figure>\n<figure id=\"attachment_71056\" aria-describedby=\"caption-attachment-71056\" style=\"width: 140px\" class=\"wp-caption aligncenter\"><img loading=\"lazy\" decoding=\"async\" data-attachment-id=\"71056\" data-permalink=\"https:\/\/www.hoymercedes.com.ar\/principal\/2017\/12\/23\/importantes-detenciones-de-estafadores-con-3-allanamientos-y-recoleccion-de-pruebas\/detenciones-policialcomunla-2017-12-4\/#main\" data-orig-file=\"https:\/\/www.hoymercedes.com.ar\/principal\/wp-content\/uploads\/2017\/12\/detenciones-policialcomunla-2017-12-4.jpg\" data-orig-size=\"730,465\" data-comments-opened=\"0\" data-image-meta=\"{&quot;aperture&quot;:&quot;0&quot;,&quot;credit&quot;:&quot;&quot;,&quot;camera&quot;:&quot;&quot;,&quot;caption&quot;:&quot;&quot;,&quot;created_timestamp&quot;:&quot;0&quot;,&quot;copyright&quot;:&quot;&quot;,&quot;focal_length&quot;:&quot;0&quot;,&quot;iso&quot;:&quot;0&quot;,&quot;shutter_speed&quot;:&quot;0&quot;,&quot;title&quot;:&quot;&quot;,&quot;orientation&quot;:&quot;0&quot;}\" data-image-title=\"detenciones-policialcomunla-2017-12-4\" data-image-description=\"\" data-image-caption=\"\" data-large-file=\"https:\/\/www.hoymercedes.com.ar\/principal\/wp-content\/uploads\/2017\/12\/detenciones-policialcomunla-2017-12-4.jpg\" class=\"wp-image-71056 size-thumbnail\" src=\"https:\/\/www.hoymercedes.com.ar\/principal\/wp-content\/uploads\/2017\/12\/detenciones-policialcomunla-2017-12-4-150x96.jpg\" alt=\"\" width=\"150\" height=\"96\" srcset=\"https:\/\/www.hoymercedes.com.ar\/principal\/wp-content\/uploads\/2017\/12\/detenciones-policialcomunla-2017-12-4-150x96.jpg 150w, https:\/\/www.hoymercedes.com.ar\/principal\/wp-content\/uploads\/2017\/12\/detenciones-policialcomunla-2017-12-4-630x401.jpg 630w, https:\/\/www.hoymercedes.com.ar\/principal\/wp-content\/uploads\/2017\/12\/detenciones-policialcomunla-2017-12-4.jpg 730w\" sizes=\"auto, (max-width: 150px) 100vw, 150px\" \/><figcaption id=\"caption-attachment-71056\" class=\"wp-caption-text\">Tel\u00e9fonos utilizados por la banda<\/figcaption><\/figure>\n","protected":false},"excerpt":{"rendered":"<p>Un importante operativo permiti\u00f3 la detenci\u00f3n de tres masculinos que llevaban adelante en nuestra ciudad y toda la zona el &#8230; <a title=\"Importantes detenciones de estafadores con 3 allanamientos y recolecci\u00f3n de pruebas\" class=\"read-more\" href=\"https:\/\/www.hoymercedes.com.ar\/principal\/2017\/12\/23\/importantes-detenciones-de-estafadores-con-3-allanamientos-y-recoleccion-de-pruebas\/\" aria-label=\"Leer m\u00e1s sobre Importantes detenciones de estafadores con 3 allanamientos y recolecci\u00f3n de pruebas\">Leer m\u00e1s<\/a><\/p>\n","protected":false},"author":1,"featured_media":71054,"comment_status":"closed","ping_status":"open","sticky":false,"template":"","format":"standard","meta":{"_monsterinsights_skip_tracking":false,"_monsterinsights_sitenote_active":false,"_monsterinsights_sitenote_note":"","_monsterinsights_sitenote_category":0,"jetpack_post_was_ever_published":false,"_jetpack_newsletter_access":"","_jetpack_dont_email_post_to_subs":false,"_jetpack_newsletter_tier_id":0,"_jetpack_memberships_contains_paywalled_content":false,"_jetpack_memberships_contains_paid_content":false,"footnotes":"","jetpack_publicize_message":"","jetpack_publicize_feature_enabled":true,"jetpack_social_post_already_shared":true,"jetpack_social_options":{"image_generator_settings":{"template":"highway","default_image_id":0,"font":"","enabled":false},"version":2},"_wpas_customize_per_network":false},"categories":[85],"tags":[12447,5766,10277],"class_list":["post-71052","post","type-post","status-publish","format-standard","has-post-thumbnail","hentry","category-policial","tag-detienen-a-banda-de-estafadores","tag-policia-comunal","tag-sergio-macedo","generate-columns","tablet-grid-50","mobile-grid-100","grid-parent","grid-50"],"jetpack_publicize_connections":[],"jetpack_featured_media_url":"https:\/\/www.hoymercedes.com.ar\/principal\/wp-content\/uploads\/2017\/12\/detenciones-policialcomunla-2017-12-2.jpg","wps_subtitle":"En nuestra ciudad ","jetpack_sharing_enabled":true,"_links":{"self":[{"href":"https:\/\/www.hoymercedes.com.ar\/principal\/wp-json\/wp\/v2\/posts\/71052","targetHints":{"allow":["GET"]}}],"collection":[{"href":"https:\/\/www.hoymercedes.com.ar\/principal\/wp-json\/wp\/v2\/posts"}],"about":[{"href":"https:\/\/www.hoymercedes.com.ar\/principal\/wp-json\/wp\/v2\/types\/post"}],"author":[{"embeddable":true,"href":"https:\/\/www.hoymercedes.com.ar\/principal\/wp-json\/wp\/v2\/users\/1"}],"replies":[{"embeddable":true,"href":"https:\/\/www.hoymercedes.com.ar\/principal\/wp-json\/wp\/v2\/comments?post=71052"}],"version-history":[{"count":0,"href":"https:\/\/www.hoymercedes.com.ar\/principal\/wp-json\/wp\/v2\/posts\/71052\/revisions"}],"wp:featuredmedia":[{"embeddable":true,"href":"https:\/\/www.hoymercedes.com.ar\/principal\/wp-json\/wp\/v2\/media\/71054"}],"wp:attachment":[{"href":"https:\/\/www.hoymercedes.com.ar\/principal\/wp-json\/wp\/v2\/media?parent=71052"}],"wp:term":[{"taxonomy":"category","embeddable":true,"href":"https:\/\/www.hoymercedes.com.ar\/principal\/wp-json\/wp\/v2\/categories?post=71052"},{"taxonomy":"post_tag","embeddable":true,"href":"https:\/\/www.hoymercedes.com.ar\/principal\/wp-json\/wp\/v2\/tags?post=71052"}],"curies":[{"name":"wp","href":"https:\/\/api.w.org\/{rel}","templated":true}]}}