{"id":71099,"date":"2017-12-24T13:15:32","date_gmt":"2017-12-24T16:15:32","guid":{"rendered":"http:\/\/www.hoymercedes.com.ar\/principal\/?p=71099"},"modified":"2017-12-24T10:19:36","modified_gmt":"2017-12-24T13:19:36","slug":"vamos-pal-norte-en-el-mamm","status":"publish","type":"post","link":"https:\/\/www.hoymercedes.com.ar\/principal\/2017\/12\/24\/vamos-pal-norte-en-el-mamm\/","title":{"rendered":"Vamos Pa&#8217;l Norte en el MAMM"},"content":{"rendered":"<p>En el Museo de Arte \u00abMunicipalidad de Mercedes\u00bb cerrar\u00e1n el a\u00f1o con una propuesta musical a beneficio del espacio cultural. El viernes 29 de diciembre, desde la hora 20:30, actuar\u00e1n\u00a0Marilina Erramuspe, Virginia Altube, Mariel Solari y Tiago Camerano y como m\u00fasico invitado, Marcelo Giorgione.<\/p>\n<p>Esta propuesta invita a recorrer el paisaje y el entorno norte\u00f1o desde la m\u00fasica y el canto, a trav\u00e9s de un repertorio de cuecas, zambas, huaynos, coplas\u2026\u00a0Voces, guitarras, charango, percusi\u00f3n, acorde\u00f3n y caja, se unen por esa noche, para expresar el sentir de una cultura ancestral, muy identificada con la madre tierra.<\/p>\n<p>Bono contribuci\u00f3n $100<\/p>\n<p><img loading=\"lazy\" decoding=\"async\" data-attachment-id=\"71100\" data-permalink=\"https:\/\/www.hoymercedes.com.ar\/principal\/2017\/12\/24\/vamos-pal-norte-en-el-mamm\/24-vamo-pal-norte\/#main\" data-orig-file=\"https:\/\/www.hoymercedes.com.ar\/principal\/wp-content\/uploads\/2017\/12\/24-vamo-pal-norte.jpg\" data-orig-size=\"740,620\" data-comments-opened=\"0\" data-image-meta=\"{&quot;aperture&quot;:&quot;0&quot;,&quot;credit&quot;:&quot;&quot;,&quot;camera&quot;:&quot;&quot;,&quot;caption&quot;:&quot;&quot;,&quot;created_timestamp&quot;:&quot;1513241880&quot;,&quot;copyright&quot;:&quot;&quot;,&quot;focal_length&quot;:&quot;0&quot;,&quot;iso&quot;:&quot;0&quot;,&quot;shutter_speed&quot;:&quot;0&quot;,&quot;title&quot;:&quot;&quot;,&quot;orientation&quot;:&quot;1&quot;}\" data-image-title=\"24 vamo pal norte\" data-image-description=\"\" data-image-caption=\"\" data-large-file=\"https:\/\/www.hoymercedes.com.ar\/principal\/wp-content\/uploads\/2017\/12\/24-vamo-pal-norte.jpg\" class=\"size-medium wp-image-71100 aligncenter\" src=\"https:\/\/www.hoymercedes.com.ar\/principal\/wp-content\/uploads\/2017\/12\/24-vamo-pal-norte-630x528.jpg\" alt=\"\" width=\"630\" height=\"528\" srcset=\"https:\/\/www.hoymercedes.com.ar\/principal\/wp-content\/uploads\/2017\/12\/24-vamo-pal-norte-630x528.jpg 630w, https:\/\/www.hoymercedes.com.ar\/principal\/wp-content\/uploads\/2017\/12\/24-vamo-pal-norte-150x126.jpg 150w, https:\/\/www.hoymercedes.com.ar\/principal\/wp-content\/uploads\/2017\/12\/24-vamo-pal-norte.jpg 740w\" sizes=\"auto, (max-width: 630px) 100vw, 630px\" \/><\/p>\n","protected":false},"excerpt":{"rendered":"<p>En el Museo de Arte \u00abMunicipalidad de Mercedes\u00bb cerrar\u00e1n el a\u00f1o con una propuesta musical a beneficio del espacio cultural. &#8230; <a title=\"Vamos Pa&#8217;l Norte en el MAMM\" class=\"read-more\" href=\"https:\/\/www.hoymercedes.com.ar\/principal\/2017\/12\/24\/vamos-pal-norte-en-el-mamm\/\" aria-label=\"Leer m\u00e1s sobre Vamos Pa&#8217;l Norte en el MAMM\">Leer m\u00e1s<\/a><\/p>\n","protected":false},"author":1,"featured_media":0,"comment_status":"closed","ping_status":"open","sticky":false,"template":"","format":"standard","meta":{"_monsterinsights_skip_tracking":false,"_monsterinsights_sitenote_active":false,"_monsterinsights_sitenote_note":"","_monsterinsights_sitenote_category":0,"jetpack_post_was_ever_published":false,"_jetpack_newsletter_access":"","_jetpack_dont_email_post_to_subs":false,"_jetpack_newsletter_tier_id":0,"_jetpack_memberships_contains_paywalled_content":false,"_jetpack_memberships_contains_paid_content":false,"footnotes":"","jetpack_publicize_message":"","jetpack_publicize_feature_enabled":true,"jetpack_social_post_already_shared":true,"jetpack_social_options":{"image_generator_settings":{"template":"highway","default_image_id":0,"font":"","enabled":false},"version":2},"_wpas_customize_per_network":false},"categories":[104],"tags":[7805,8674,12455,8539],"class_list":["post-71099","post","type-post","status-publish","format-standard","hentry","category-cultura","tag-cultura","tag-mamm","tag-merc3edes","tag-musica","generate-columns","tablet-grid-50","mobile-grid-100","grid-parent","grid-50"],"jetpack_publicize_connections":[],"jetpack_featured_media_url":"","wps_subtitle":"","jetpack_sharing_enabled":true,"_links":{"self":[{"href":"https:\/\/www.hoymercedes.com.ar\/principal\/wp-json\/wp\/v2\/posts\/71099","targetHints":{"allow":["GET"]}}],"collection":[{"href":"https:\/\/www.hoymercedes.com.ar\/principal\/wp-json\/wp\/v2\/posts"}],"about":[{"href":"https:\/\/www.hoymercedes.com.ar\/principal\/wp-json\/wp\/v2\/types\/post"}],"author":[{"embeddable":true,"href":"https:\/\/www.hoymercedes.com.ar\/principal\/wp-json\/wp\/v2\/users\/1"}],"replies":[{"embeddable":true,"href":"https:\/\/www.hoymercedes.com.ar\/principal\/wp-json\/wp\/v2\/comments?post=71099"}],"version-history":[{"count":0,"href":"https:\/\/www.hoymercedes.com.ar\/principal\/wp-json\/wp\/v2\/posts\/71099\/revisions"}],"wp:attachment":[{"href":"https:\/\/www.hoymercedes.com.ar\/principal\/wp-json\/wp\/v2\/media?parent=71099"}],"wp:term":[{"taxonomy":"category","embeddable":true,"href":"https:\/\/www.hoymercedes.com.ar\/principal\/wp-json\/wp\/v2\/categories?post=71099"},{"taxonomy":"post_tag","embeddable":true,"href":"https:\/\/www.hoymercedes.com.ar\/principal\/wp-json\/wp\/v2\/tags?post=71099"}],"curies":[{"name":"wp","href":"https:\/\/api.w.org\/{rel}","templated":true}]}}