{"id":71136,"date":"2017-12-26T17:12:32","date_gmt":"2017-12-26T20:12:32","guid":{"rendered":"http:\/\/www.hoymercedes.com.ar\/principal\/?p=71136"},"modified":"2017-12-26T16:43:22","modified_gmt":"2017-12-26T19:43:22","slug":"matias-dematei-aseguro-que-se-trabajara-mas-fuerte-en-los-controles","status":"publish","type":"post","link":"https:\/\/www.hoymercedes.com.ar\/principal\/2017\/12\/26\/matias-dematei-aseguro-que-se-trabajara-mas-fuerte-en-los-controles\/","title":{"rendered":"Mat\u00edas Dematei asegur\u00f3 que se trabajar\u00e1 \u00abm\u00e1s fuerte\u00bb en los controles"},"content":{"rendered":"<p>Las cr\u00edticas de los vecinos por la cantidad de pirotecnia sonora vendida y escuchada durante la noche de Navidad se escucharon y leyeron en varios sitios y medios de la ciudad. Por redes sociales o por medios de comunicaci\u00f3n, se pudo ver o escuchar fuerte cr\u00edticas.<\/p>\n<p>Esto motiv\u00f3 a que el Concejal Mat\u00edas Dematei de Frente Mercedina para la Victoria \u2013 Unidad Ciudadana expresase su preocupaci\u00f3n ante la venta clandestina de pirotecnia sonora prohibida por Ordenanza Municipal aprobada cuando ejerc\u00eda \u00e9l la presidencia del Concejo Deliberante.<\/p>\n<p>\u201cSabemos que es una medida dif\u00edcil. Sabemos que llevar\u00e1 tiempo la concientizaci\u00f3n. Pero la hemos trabajado con los Concejales y con el Intendente Ustarroz, pensando en un mont\u00f3n de gente que la pasa mal con los sonidos y estruendos de la pirotecnia. Vimos c\u00f3mo reaccionaban los j\u00f3venes cuando les cont\u00e1bamos qu\u00e9 le pasaba a esas personas afectadas por los ruidos de la pirotecnia y hubo un compromiso\u201d, expres\u00f3 en medios radiales.<\/p>\n<p>\u201cMucha gente si hizo eco y se solidariz\u00f3 con el cumplimiento de la ordenanza. La acat\u00f3 y adem\u00e1s denunci\u00f3 la venta en varios comercios. Est\u00e1 permitida la pirotecnia no sonora. Los comerciantes tuvieron que sacar un permiso para vender la pirotecnia. Pero el Municipio igual decomis\u00f3 junto a Explosivos de la Provincia, que tambi\u00e9n daban la autorizaci\u00f3n, varios comercios que igual vend\u00edan. Se sacaba lo que estaba a la vista. Se dejaba lo que s\u00ed estaba permitido. Por nuevas denuncias, se volv\u00eda a ir y se volv\u00eda a decomisar. Los rumores aseguran que vend\u00edan de manera clandestina\u201d, cont\u00f3 Dematei que se \u201csinti\u00f3 involucrado\u201d por ser una ordenanza trabajada durante sus a\u00f1os como titular del departamento legislativo.<\/p>\n<p>\u201cMe extra\u00f1\u00f3 mucho de algunos comerciantes. Se labraron las actas de infracci\u00f3n que puede rondar en una multa mayor a 20 mil pesos, porque no se puede clausurar, \u00a0y el secuestro de la pirotecnia.\u00a0 Continuamente iban los inspectores. Por lo menos a cinco comerciantes se les labraron actas de inspecci\u00f3n. Me apena porque esos comerciantes por el af\u00e1n de ganar dinero, perjudican a muchas personas que se ponen mal con la pirotecnia sonora\u201d, agreg\u00f3 en un medio radial.<\/p>\n<p>Finalmente, Dematei asegur\u00f3 que para el pr\u00f3ximo fin de semana, se trabajar\u00e1 \u201cm\u00e1s fuerte\u201d y propone a los vecinos la colaboraci\u00f3n en denuncias a los comerciantes que \u201cse pasan de vivo\u201d. \u201cMuchos acataron e hicieron bien las cosas. Pero los pocos que se aprovecharon tendr\u00e1n que ser multados de manera m\u00e1s severa\u201d, agreg\u00f3 el presidente del bloque del FMpV-UC.<\/p>\n<p>&nbsp;<\/p>\n","protected":false},"excerpt":{"rendered":"<p>Las cr\u00edticas de los vecinos por la cantidad de pirotecnia sonora vendida y escuchada durante la noche de Navidad se &#8230; <a title=\"Mat\u00edas Dematei asegur\u00f3 que se trabajar\u00e1 \u00abm\u00e1s fuerte\u00bb en los controles\" class=\"read-more\" href=\"https:\/\/www.hoymercedes.com.ar\/principal\/2017\/12\/26\/matias-dematei-aseguro-que-se-trabajara-mas-fuerte-en-los-controles\/\" aria-label=\"Leer m\u00e1s sobre Mat\u00edas Dematei asegur\u00f3 que se trabajar\u00e1 \u00abm\u00e1s fuerte\u00bb en los controles\">Leer m\u00e1s<\/a><\/p>\n","protected":false},"author":1,"featured_media":71137,"comment_status":"closed","ping_status":"open","sticky":false,"template":"","format":"standard","meta":{"_monsterinsights_skip_tracking":false,"_monsterinsights_sitenote_active":false,"_monsterinsights_sitenote_note":"","_monsterinsights_sitenote_category":0,"jetpack_post_was_ever_published":false,"_jetpack_newsletter_access":"","_jetpack_dont_email_post_to_subs":false,"_jetpack_newsletter_tier_id":0,"_jetpack_memberships_contains_paywalled_content":false,"_jetpack_memberships_contains_paid_content":false,"footnotes":"","jetpack_publicize_message":"","jetpack_publicize_feature_enabled":true,"jetpack_social_post_already_shared":true,"jetpack_social_options":{"image_generator_settings":{"template":"highway","default_image_id":0,"font":"","enabled":false},"version":2},"_wpas_customize_per_network":false},"categories":[5],"tags":[15,3810,244,9653,12460,5319],"class_list":["post-71136","post","type-post","status-publish","format-standard","has-post-thumbnail","hentry","category-politica","tag-hcd","tag-matias-dematei","tag-municipio-2","tag-ordenanza","tag-pirotecnia-sonora-cero","tag-politica-2","generate-columns","tablet-grid-50","mobile-grid-100","grid-parent","grid-50"],"jetpack_publicize_connections":[],"jetpack_featured_media_url":"https:\/\/www.hoymercedes.com.ar\/principal\/wp-content\/uploads\/2017\/12\/26-matias-dematei.jpg","wps_subtitle":"Pirotecnia Sonora Cero","jetpack_sharing_enabled":true,"_links":{"self":[{"href":"https:\/\/www.hoymercedes.com.ar\/principal\/wp-json\/wp\/v2\/posts\/71136","targetHints":{"allow":["GET"]}}],"collection":[{"href":"https:\/\/www.hoymercedes.com.ar\/principal\/wp-json\/wp\/v2\/posts"}],"about":[{"href":"https:\/\/www.hoymercedes.com.ar\/principal\/wp-json\/wp\/v2\/types\/post"}],"author":[{"embeddable":true,"href":"https:\/\/www.hoymercedes.com.ar\/principal\/wp-json\/wp\/v2\/users\/1"}],"replies":[{"embeddable":true,"href":"https:\/\/www.hoymercedes.com.ar\/principal\/wp-json\/wp\/v2\/comments?post=71136"}],"version-history":[{"count":0,"href":"https:\/\/www.hoymercedes.com.ar\/principal\/wp-json\/wp\/v2\/posts\/71136\/revisions"}],"wp:featuredmedia":[{"embeddable":true,"href":"https:\/\/www.hoymercedes.com.ar\/principal\/wp-json\/wp\/v2\/media\/71137"}],"wp:attachment":[{"href":"https:\/\/www.hoymercedes.com.ar\/principal\/wp-json\/wp\/v2\/media?parent=71136"}],"wp:term":[{"taxonomy":"category","embeddable":true,"href":"https:\/\/www.hoymercedes.com.ar\/principal\/wp-json\/wp\/v2\/categories?post=71136"},{"taxonomy":"post_tag","embeddable":true,"href":"https:\/\/www.hoymercedes.com.ar\/principal\/wp-json\/wp\/v2\/tags?post=71136"}],"curies":[{"name":"wp","href":"https:\/\/api.w.org\/{rel}","templated":true}]}}