{"id":71198,"date":"2017-12-28T22:03:08","date_gmt":"2017-12-29T01:03:08","guid":{"rendered":"http:\/\/www.hoymercedes.com.ar\/principal\/?p=71198"},"modified":"2017-12-28T22:03:08","modified_gmt":"2017-12-29T01:03:08","slug":"dos-estrellas-recuerdan-a-mas-victimas-de-siniestros-viales","status":"publish","type":"post","link":"https:\/\/www.hoymercedes.com.ar\/principal\/2017\/12\/28\/dos-estrellas-recuerdan-a-mas-victimas-de-siniestros-viales\/","title":{"rendered":"Dos estrellas recuerdan a m\u00e1s v\u00edctimas de siniestros viales"},"content":{"rendered":"<p>Dos familias homenajearon y recordaron a su ser querido fallecido luego de un siniestro vial colocando estrellas amarillas en los caminos y buscando concientizar a todos los mercedinos en el respeto por las leyes de tr\u00e1nsito. Este jueves 28 de diciembre se record\u00f3 a Manuel Francisco Carrera en la intersecci\u00f3n de 2 y 107 con una se\u00f1alizaci\u00f3n vertical, y a Marcelo Paez con una estrella amarilla pintada sobre el asfalto en calle 24 y 7.<\/p>\n<p>En horas del mediod\u00eda de este jueves, los familiares y amigos de Manuel Francisco Carrera se dieron cita en la 2 y 107. All\u00ed, en 2005, Manuel fue v\u00edctima fatal de un siniestro vial. para homenajearlo y recordarlo se coloc\u00f3 una se\u00f1al vertical pidi\u00e9ndole a los conductores y transe\u00fantes que sean prudentes. El Grupo Estrellas Amarillas Mercedes y el \u00e1rea de Tr\u00e1nsito de la Municipalidad fueron quienes tomaron la palabra en un momento emotivo del cual tambi\u00e9n participaron algunos Concejales.<\/p>\n<figure id=\"attachment_71199\" aria-describedby=\"caption-attachment-71199\" style=\"width: 620px\" class=\"wp-caption aligncenter\"><img loading=\"lazy\" decoding=\"async\" data-attachment-id=\"71199\" data-permalink=\"https:\/\/www.hoymercedes.com.ar\/principal\/2017\/12\/28\/dos-estrellas-recuerdan-a-mas-victimas-de-siniestros-viales\/28-estrella-carrera-1\/#main\" data-orig-file=\"https:\/\/www.hoymercedes.com.ar\/principal\/wp-content\/uploads\/2017\/12\/28-estrella-carrera-1.jpg\" data-orig-size=\"750,563\" data-comments-opened=\"0\" data-image-meta=\"{&quot;aperture&quot;:&quot;0&quot;,&quot;credit&quot;:&quot;&quot;,&quot;camera&quot;:&quot;&quot;,&quot;caption&quot;:&quot;&quot;,&quot;created_timestamp&quot;:&quot;0&quot;,&quot;copyright&quot;:&quot;&quot;,&quot;focal_length&quot;:&quot;0&quot;,&quot;iso&quot;:&quot;0&quot;,&quot;shutter_speed&quot;:&quot;0&quot;,&quot;title&quot;:&quot;&quot;,&quot;orientation&quot;:&quot;0&quot;}\" data-image-title=\"28 estrella carrera 1\" data-image-description=\"\" data-image-caption=\"&lt;p&gt;En 107 y 2 se record\u00f3 a Manuel Carrera que falleci\u00f3 en 2005&lt;\/p&gt;\n\" data-large-file=\"https:\/\/www.hoymercedes.com.ar\/principal\/wp-content\/uploads\/2017\/12\/28-estrella-carrera-1.jpg\" class=\"size-medium wp-image-71199\" src=\"https:\/\/www.hoymercedes.com.ar\/principal\/wp-content\/uploads\/2017\/12\/28-estrella-carrera-1-630x473.jpg\" alt=\"\" width=\"630\" height=\"473\" srcset=\"https:\/\/www.hoymercedes.com.ar\/principal\/wp-content\/uploads\/2017\/12\/28-estrella-carrera-1-630x473.jpg 630w, https:\/\/www.hoymercedes.com.ar\/principal\/wp-content\/uploads\/2017\/12\/28-estrella-carrera-1-150x113.jpg 150w, https:\/\/www.hoymercedes.com.ar\/principal\/wp-content\/uploads\/2017\/12\/28-estrella-carrera-1.jpg 750w\" sizes=\"auto, (max-width: 630px) 100vw, 630px\" \/><figcaption id=\"caption-attachment-71199\" class=\"wp-caption-text\">En 107 y 2 se record\u00f3 a Manuel Carrera que falleci\u00f3 en 2005<\/figcaption><\/figure>\n<p>Por la tarde, en la intersecci\u00f3n de 24 y 7, Marcelo Paez ser\u00eda recordado principalmente por sus hermanas, Lorena y Ver\u00f3nica. Marcelo iba en moto con un amigo el 17 de marzo de 2008. Embistieron con una camioneta. Estuvo nueve meses internado tanto en General Rodr\u00edguez como en Mercedes. A causa del siniestro vial, Marcelo, de 21 a\u00f1os, qued\u00f3 cuadripl\u00e9jico hasta que falleci\u00f3 el 30 de diciembre de 2008. Familia y amigos lo recordaron pintando una estrella amarilla sobre el asfalto y soltando algunos globos en su memoria. Tambi\u00e9n estuvieron presentes funcionarios del \u00e1rea de Tr\u00e1nsito y Concejales<\/p>\n<figure id=\"attachment_71202\" aria-describedby=\"caption-attachment-71202\" style=\"width: 620px\" class=\"wp-caption aligncenter\"><img loading=\"lazy\" decoding=\"async\" data-attachment-id=\"71202\" data-permalink=\"https:\/\/www.hoymercedes.com.ar\/principal\/2017\/12\/28\/dos-estrellas-recuerdan-a-mas-victimas-de-siniestros-viales\/28-estrella-paez-2\/#main\" data-orig-file=\"https:\/\/www.hoymercedes.com.ar\/principal\/wp-content\/uploads\/2017\/12\/28-estrella-paez-2.jpg\" data-orig-size=\"750,501\" data-comments-opened=\"0\" data-image-meta=\"{&quot;aperture&quot;:&quot;0&quot;,&quot;credit&quot;:&quot;&quot;,&quot;camera&quot;:&quot;&quot;,&quot;caption&quot;:&quot;&quot;,&quot;created_timestamp&quot;:&quot;0&quot;,&quot;copyright&quot;:&quot;&quot;,&quot;focal_length&quot;:&quot;0&quot;,&quot;iso&quot;:&quot;0&quot;,&quot;shutter_speed&quot;:&quot;0&quot;,&quot;title&quot;:&quot;&quot;,&quot;orientation&quot;:&quot;0&quot;}\" data-image-title=\"28 estrella paez 2\" data-image-description=\"\" data-image-caption=\"\" data-large-file=\"https:\/\/www.hoymercedes.com.ar\/principal\/wp-content\/uploads\/2017\/12\/28-estrella-paez-2.jpg\" class=\"wp-image-71202 size-medium\" src=\"https:\/\/www.hoymercedes.com.ar\/principal\/wp-content\/uploads\/2017\/12\/28-estrella-paez-2-630x421.jpg\" alt=\"\" width=\"630\" height=\"421\" srcset=\"https:\/\/www.hoymercedes.com.ar\/principal\/wp-content\/uploads\/2017\/12\/28-estrella-paez-2-630x421.jpg 630w, https:\/\/www.hoymercedes.com.ar\/principal\/wp-content\/uploads\/2017\/12\/28-estrella-paez-2-150x100.jpg 150w, https:\/\/www.hoymercedes.com.ar\/principal\/wp-content\/uploads\/2017\/12\/28-estrella-paez-2.jpg 750w\" sizes=\"auto, (max-width: 630px) 100vw, 630px\" \/><figcaption id=\"caption-attachment-71202\" class=\"wp-caption-text\">Las hermanas de Marcelo Paez lo recordaron en el lugar donde choc\u00f3 con su moto nueve meses antes de su fallecimiento<\/figcaption><\/figure>\n<p>\u00abNuestro objetivo es transformar este dolor que sentimos en amor. Para nosotros, los familiares, es importante el acompa\u00f1amiento. Nosotros salimos a concientizar en honor a ellos, para que no le pase a otros los que les pas\u00f3 a ellos. Salimos a la vida y que todos tomen conciencia. Tomar conciencia de que tienen que bajar la velocidad, que tienen que usar casco, que respetar las se\u00f1ales de tr\u00e1nsito. Lo vemos todos los d\u00edas. Si cada uno pone su granito de arena, tal vez en nuestra ciudad esto cambie\u00bb, destacaron desde el Grupo Estrellas Amarillas Mercedes.<\/p>\n<figure id=\"attachment_71200\" aria-describedby=\"caption-attachment-71200\" style=\"width: 620px\" class=\"wp-caption aligncenter\"><img loading=\"lazy\" decoding=\"async\" data-attachment-id=\"71200\" data-permalink=\"https:\/\/www.hoymercedes.com.ar\/principal\/2017\/12\/28\/dos-estrellas-recuerdan-a-mas-victimas-de-siniestros-viales\/28-estrella-carrera-2\/#main\" data-orig-file=\"https:\/\/www.hoymercedes.com.ar\/principal\/wp-content\/uploads\/2017\/12\/28-estrella-carrera-2.jpg\" data-orig-size=\"750,500\" data-comments-opened=\"0\" data-image-meta=\"{&quot;aperture&quot;:&quot;0&quot;,&quot;credit&quot;:&quot;&quot;,&quot;camera&quot;:&quot;&quot;,&quot;caption&quot;:&quot;&quot;,&quot;created_timestamp&quot;:&quot;0&quot;,&quot;copyright&quot;:&quot;&quot;,&quot;focal_length&quot;:&quot;0&quot;,&quot;iso&quot;:&quot;0&quot;,&quot;shutter_speed&quot;:&quot;0&quot;,&quot;title&quot;:&quot;&quot;,&quot;orientation&quot;:&quot;0&quot;}\" data-image-title=\"28 estrella carrera 2\" data-image-description=\"\" data-image-caption=\"\" data-large-file=\"https:\/\/www.hoymercedes.com.ar\/principal\/wp-content\/uploads\/2017\/12\/28-estrella-carrera-2.jpg\" class=\"wp-image-71200 size-medium\" src=\"https:\/\/www.hoymercedes.com.ar\/principal\/wp-content\/uploads\/2017\/12\/28-estrella-carrera-2-630x420.jpg\" alt=\"\" width=\"630\" height=\"420\" srcset=\"https:\/\/www.hoymercedes.com.ar\/principal\/wp-content\/uploads\/2017\/12\/28-estrella-carrera-2-630x420.jpg 630w, https:\/\/www.hoymercedes.com.ar\/principal\/wp-content\/uploads\/2017\/12\/28-estrella-carrera-2-150x100.jpg 150w, https:\/\/www.hoymercedes.com.ar\/principal\/wp-content\/uploads\/2017\/12\/28-estrella-carrera-2.jpg 750w\" sizes=\"auto, (max-width: 630px) 100vw, 630px\" \/><figcaption id=\"caption-attachment-71200\" class=\"wp-caption-text\">Durante el mediod\u00eda del jueves, se record\u00f3 a Manuel Carrerra v\u00edctima fatal de un siniestro vial.<\/figcaption><\/figure>\n<p>&nbsp;<\/p>\n<p>&nbsp;<\/p>\n","protected":false},"excerpt":{"rendered":"<p>Dos familias homenajearon y recordaron a su ser querido fallecido luego de un siniestro vial colocando estrellas amarillas en los &#8230; <a title=\"Dos estrellas recuerdan a m\u00e1s v\u00edctimas de siniestros viales\" class=\"read-more\" href=\"https:\/\/www.hoymercedes.com.ar\/principal\/2017\/12\/28\/dos-estrellas-recuerdan-a-mas-victimas-de-siniestros-viales\/\" aria-label=\"Leer m\u00e1s sobre Dos estrellas recuerdan a m\u00e1s v\u00edctimas de siniestros viales\">Leer m\u00e1s<\/a><\/p>\n","protected":false},"author":1,"featured_media":71201,"comment_status":"closed","ping_status":"open","sticky":false,"template":"","format":"standard","meta":{"_monsterinsights_skip_tracking":false,"_monsterinsights_sitenote_active":false,"_monsterinsights_sitenote_note":"","_monsterinsights_sitenote_category":0,"jetpack_post_was_ever_published":false,"_jetpack_newsletter_access":"","_jetpack_dont_email_post_to_subs":false,"_jetpack_newsletter_tier_id":0,"_jetpack_memberships_contains_paywalled_content":false,"_jetpack_memberships_contains_paid_content":false,"footnotes":"","jetpack_publicize_message":"","jetpack_publicize_feature_enabled":true,"jetpack_social_post_already_shared":true,"jetpack_social_options":{"image_generator_settings":{"template":"highway","default_image_id":0,"font":"","enabled":false},"version":2},"_wpas_customize_per_network":false},"categories":[8],"tags":[9451,10,10395,5907],"class_list":["post-71198","post","type-post","status-publish","format-standard","has-post-thumbnail","hentry","category-sociedad","tag-estrellas-amarillas","tag-mercedes","tag-siniestro-vial","tag-transito","generate-columns","tablet-grid-50","mobile-grid-100","grid-parent","grid-50"],"jetpack_publicize_connections":[],"jetpack_featured_media_url":"https:\/\/www.hoymercedes.com.ar\/principal\/wp-content\/uploads\/2017\/12\/28-estrella-paez-1.jpg","wps_subtitle":"Concientizar a la sociedad","jetpack_sharing_enabled":true,"_links":{"self":[{"href":"https:\/\/www.hoymercedes.com.ar\/principal\/wp-json\/wp\/v2\/posts\/71198","targetHints":{"allow":["GET"]}}],"collection":[{"href":"https:\/\/www.hoymercedes.com.ar\/principal\/wp-json\/wp\/v2\/posts"}],"about":[{"href":"https:\/\/www.hoymercedes.com.ar\/principal\/wp-json\/wp\/v2\/types\/post"}],"author":[{"embeddable":true,"href":"https:\/\/www.hoymercedes.com.ar\/principal\/wp-json\/wp\/v2\/users\/1"}],"replies":[{"embeddable":true,"href":"https:\/\/www.hoymercedes.com.ar\/principal\/wp-json\/wp\/v2\/comments?post=71198"}],"version-history":[{"count":0,"href":"https:\/\/www.hoymercedes.com.ar\/principal\/wp-json\/wp\/v2\/posts\/71198\/revisions"}],"wp:featuredmedia":[{"embeddable":true,"href":"https:\/\/www.hoymercedes.com.ar\/principal\/wp-json\/wp\/v2\/media\/71201"}],"wp:attachment":[{"href":"https:\/\/www.hoymercedes.com.ar\/principal\/wp-json\/wp\/v2\/media?parent=71198"}],"wp:term":[{"taxonomy":"category","embeddable":true,"href":"https:\/\/www.hoymercedes.com.ar\/principal\/wp-json\/wp\/v2\/categories?post=71198"},{"taxonomy":"post_tag","embeddable":true,"href":"https:\/\/www.hoymercedes.com.ar\/principal\/wp-json\/wp\/v2\/tags?post=71198"}],"curies":[{"name":"wp","href":"https:\/\/api.w.org\/{rel}","templated":true}]}}