{"id":71208,"date":"2017-12-29T09:00:51","date_gmt":"2017-12-29T12:00:51","guid":{"rendered":"http:\/\/www.hoymercedes.com.ar\/principal\/?p=71208"},"modified":"2017-12-29T00:08:03","modified_gmt":"2017-12-29T03:08:03","slug":"justicia-mercedina-interviene-en-robo-de-cerdos-en-s-a-de-giles","status":"publish","type":"post","link":"https:\/\/www.hoymercedes.com.ar\/principal\/2017\/12\/29\/justicia-mercedina-interviene-en-robo-de-cerdos-en-s-a-de-giles\/","title":{"rendered":"Justicia mercedina interviene en robo de cerdos en S.A de Giles"},"content":{"rendered":"<figure id=\"attachment_71210\" aria-describedby=\"caption-attachment-71210\" style=\"width: 720px\" class=\"wp-caption aligncenter\"><img loading=\"lazy\" decoding=\"async\" data-attachment-id=\"71210\" data-permalink=\"https:\/\/www.hoymercedes.com.ar\/principal\/2017\/12\/29\/justicia-mercedina-interviene-en-robo-de-cerdos-en-s-a-de-giles\/detenido-giles\/#main\" data-orig-file=\"https:\/\/www.hoymercedes.com.ar\/principal\/wp-content\/uploads\/2017\/12\/detenido-giles.jpg\" data-orig-size=\"730,411\" data-comments-opened=\"0\" data-image-meta=\"{&quot;aperture&quot;:&quot;0&quot;,&quot;credit&quot;:&quot;&quot;,&quot;camera&quot;:&quot;&quot;,&quot;caption&quot;:&quot;&quot;,&quot;created_timestamp&quot;:&quot;0&quot;,&quot;copyright&quot;:&quot;&quot;,&quot;focal_length&quot;:&quot;0&quot;,&quot;iso&quot;:&quot;0&quot;,&quot;shutter_speed&quot;:&quot;0&quot;,&quot;title&quot;:&quot;&quot;,&quot;orientation&quot;:&quot;0&quot;}\" data-image-title=\"detenido-giles\" data-image-description=\"\" data-image-caption=\"&lt;p&gt;Robo de cerdos en Giles. Interviene justifcia mercedina. &lt;\/p&gt;\n\" data-large-file=\"https:\/\/www.hoymercedes.com.ar\/principal\/wp-content\/uploads\/2017\/12\/detenido-giles.jpg\" class=\"size-full wp-image-71210\" src=\"https:\/\/www.hoymercedes.com.ar\/principal\/wp-content\/uploads\/2017\/12\/detenido-giles.jpg\" alt=\"\" width=\"730\" height=\"411\" srcset=\"https:\/\/www.hoymercedes.com.ar\/principal\/wp-content\/uploads\/2017\/12\/detenido-giles.jpg 730w, https:\/\/www.hoymercedes.com.ar\/principal\/wp-content\/uploads\/2017\/12\/detenido-giles-150x84.jpg 150w, https:\/\/www.hoymercedes.com.ar\/principal\/wp-content\/uploads\/2017\/12\/detenido-giles-630x355.jpg 630w\" sizes=\"auto, (max-width: 730px) 100vw, 730px\" \/><figcaption id=\"caption-attachment-71210\" class=\"wp-caption-text\">Robo de cerdos en Giles. Interviene justifcia mercedina.<\/figcaption><\/figure>\n<p>Un detenido qued\u00f3 a cargo de la Justicia Mercedina acusado de ser al autor de robo de cerdos en la vecina localidad de San Andr\u00e9s de Giles. Seg\u00fan se inform\u00f3, los animales fueron vendidos a vecinos de Pilar. Mario Caletti se llama el masculino detenido por la Polic\u00eda Rural de Giles.<\/p>\n<p>El comunicado oficial emitido por dicha fuerza de seguridad sostiene:<\/p>\n<p>D\u00edas atr\u00e1s en el Comando de Prevenci\u00f3n Rural Local se inician actuaciones por el delito de ABIGEATO en el que resulta ser v\u00edctima el se\u00f1or CARLOS AMBRUNE\u00a0 y JUAN CARLOS RAMIREZ, donde se denuncia la sustracci\u00f3n por autores ignorados de un total de 36 cerdos.<\/p>\n<p>De tareas investigativas realizadas por dicho Comando, se establece que un empleado del lugar, MARCELO CALETTI, hab\u00eda procedido a la venta de los cerdos a personas domiciliadas en las cercan\u00edas de la Localidad de Pilar, por lo cual en horas de la tarde del d\u00eda en curso, se hace efectiva la detenci\u00f3n para con CALETTI, solicitada mediante la Ayudant\u00eda Fiscal local ante el Juzgado de Garant\u00edas n\u00famero 3 y Unidad Funcional de Instrucci\u00f3n n\u00famero 7, ambos de Mercedes.<\/p>\n","protected":false},"excerpt":{"rendered":"<p>Un detenido qued\u00f3 a cargo de la Justicia Mercedina acusado de ser al autor de robo de cerdos en la &#8230; <a title=\"Justicia mercedina interviene en robo de cerdos en S.A de Giles\" class=\"read-more\" href=\"https:\/\/www.hoymercedes.com.ar\/principal\/2017\/12\/29\/justicia-mercedina-interviene-en-robo-de-cerdos-en-s-a-de-giles\/\" aria-label=\"Leer m\u00e1s sobre Justicia mercedina interviene en robo de cerdos en S.A de Giles\">Leer m\u00e1s<\/a><\/p>\n","protected":false},"author":1,"featured_media":71210,"comment_status":"closed","ping_status":"open","sticky":false,"template":"","format":"standard","meta":{"_monsterinsights_skip_tracking":false,"_monsterinsights_sitenote_active":false,"_monsterinsights_sitenote_note":"","_monsterinsights_sitenote_category":0,"jetpack_post_was_ever_published":false,"_jetpack_newsletter_access":"","_jetpack_dont_email_post_to_subs":false,"_jetpack_newsletter_tier_id":0,"_jetpack_memberships_contains_paywalled_content":false,"_jetpack_memberships_contains_paid_content":false,"footnotes":"","jetpack_publicize_message":"","jetpack_publicize_feature_enabled":true,"jetpack_social_post_already_shared":true,"jetpack_social_options":{"image_generator_settings":{"template":"highway","default_image_id":0,"font":"","enabled":false},"version":2},"_wpas_customize_per_network":false},"categories":[85],"tags":[12474,12473],"class_list":["post-71208","post","type-post","status-publish","format-standard","has-post-thumbnail","hentry","category-policial","tag-justicia-de-mercedes","tag-robos-en-giles","generate-columns","tablet-grid-50","mobile-grid-100","grid-parent","grid-50"],"jetpack_publicize_connections":[],"jetpack_featured_media_url":"https:\/\/www.hoymercedes.com.ar\/principal\/wp-content\/uploads\/2017\/12\/detenido-giles.jpg","wps_subtitle":"36 animales sustraidos ","jetpack_sharing_enabled":true,"_links":{"self":[{"href":"https:\/\/www.hoymercedes.com.ar\/principal\/wp-json\/wp\/v2\/posts\/71208","targetHints":{"allow":["GET"]}}],"collection":[{"href":"https:\/\/www.hoymercedes.com.ar\/principal\/wp-json\/wp\/v2\/posts"}],"about":[{"href":"https:\/\/www.hoymercedes.com.ar\/principal\/wp-json\/wp\/v2\/types\/post"}],"author":[{"embeddable":true,"href":"https:\/\/www.hoymercedes.com.ar\/principal\/wp-json\/wp\/v2\/users\/1"}],"replies":[{"embeddable":true,"href":"https:\/\/www.hoymercedes.com.ar\/principal\/wp-json\/wp\/v2\/comments?post=71208"}],"version-history":[{"count":0,"href":"https:\/\/www.hoymercedes.com.ar\/principal\/wp-json\/wp\/v2\/posts\/71208\/revisions"}],"wp:featuredmedia":[{"embeddable":true,"href":"https:\/\/www.hoymercedes.com.ar\/principal\/wp-json\/wp\/v2\/media\/71210"}],"wp:attachment":[{"href":"https:\/\/www.hoymercedes.com.ar\/principal\/wp-json\/wp\/v2\/media?parent=71208"}],"wp:term":[{"taxonomy":"category","embeddable":true,"href":"https:\/\/www.hoymercedes.com.ar\/principal\/wp-json\/wp\/v2\/categories?post=71208"},{"taxonomy":"post_tag","embeddable":true,"href":"https:\/\/www.hoymercedes.com.ar\/principal\/wp-json\/wp\/v2\/tags?post=71208"}],"curies":[{"name":"wp","href":"https:\/\/api.w.org\/{rel}","templated":true}]}}