{"id":71221,"date":"2017-12-30T08:04:28","date_gmt":"2017-12-30T11:04:28","guid":{"rendered":"http:\/\/www.hoymercedes.com.ar\/principal\/?p=71221"},"modified":"2017-12-30T11:11:10","modified_gmt":"2017-12-30T14:11:10","slug":"la-lmf-ya-tiene-su-app-propia","status":"publish","type":"post","link":"https:\/\/www.hoymercedes.com.ar\/principal\/2017\/12\/30\/la-lmf-ya-tiene-su-app-propia\/","title":{"rendered":"La LMF ya tiene su App propia"},"content":{"rendered":"<p><em><strong>En la noche de este mi\u00e9rcoles la actual Conducci\u00f3n de la Liga Mercedina de F\u00fatbol hizo la presentaci\u00f3n ante los dirigentes de todos los clubes afiliados de una nueva herramienta de comunicaci\u00f3n, y que caus\u00f3 el benepl\u00e1cito de los presentes. Se trata de una aplicaci\u00f3n m\u00f3vil, dirigida fundamentalmente a que la misma pueda ser descargada en los tel\u00e9fonos celulares.<\/strong><\/em><\/p>\n<p><img loading=\"lazy\" decoding=\"async\" data-attachment-id=\"71222\" data-permalink=\"https:\/\/www.hoymercedes.com.ar\/principal\/2017\/12\/30\/la-lmf-ya-tiene-su-app-propia\/screenshot_20171229-181722\/#main\" data-orig-file=\"https:\/\/www.hoymercedes.com.ar\/principal\/wp-content\/uploads\/2017\/12\/Screenshot_20171229-181722.png\" data-orig-size=\"720,1280\" data-comments-opened=\"0\" data-image-meta=\"{&quot;aperture&quot;:&quot;0&quot;,&quot;credit&quot;:&quot;&quot;,&quot;camera&quot;:&quot;&quot;,&quot;caption&quot;:&quot;&quot;,&quot;created_timestamp&quot;:&quot;0&quot;,&quot;copyright&quot;:&quot;&quot;,&quot;focal_length&quot;:&quot;0&quot;,&quot;iso&quot;:&quot;0&quot;,&quot;shutter_speed&quot;:&quot;0&quot;,&quot;title&quot;:&quot;&quot;,&quot;orientation&quot;:&quot;0&quot;}\" data-image-title=\"Screenshot_20171229-181722\" data-image-description=\"\" data-image-caption=\"\" data-large-file=\"https:\/\/www.hoymercedes.com.ar\/principal\/wp-content\/uploads\/2017\/12\/Screenshot_20171229-181722-576x1024.png\" class=\"aligncenter size-large wp-image-71222\" src=\"https:\/\/www.hoymercedes.com.ar\/principal\/wp-content\/uploads\/2017\/12\/Screenshot_20171229-181722-576x1024.png\" alt=\"\" width=\"576\" height=\"1024\" srcset=\"https:\/\/www.hoymercedes.com.ar\/principal\/wp-content\/uploads\/2017\/12\/Screenshot_20171229-181722-576x1024.png 576w, https:\/\/www.hoymercedes.com.ar\/principal\/wp-content\/uploads\/2017\/12\/Screenshot_20171229-181722-84x150.png 84w, https:\/\/www.hoymercedes.com.ar\/principal\/wp-content\/uploads\/2017\/12\/Screenshot_20171229-181722-349x620.png 349w, https:\/\/www.hoymercedes.com.ar\/principal\/wp-content\/uploads\/2017\/12\/Screenshot_20171229-181722.png 720w\" sizes=\"auto, (max-width: 576px) 100vw, 576px\" \/><\/p>\n<p>El logro se basa en un acuerdo alcanzado entre el Presidente de la Liga Mercedina y la cartera de Modernizaci\u00f3n del Estado de la Municipalidad de Mercedes y en un hecho con que no muchas ligas del interior del pa\u00eds cuentan.<br \/>\nDesde hace algunos meses, con la anuencia del Intendente de la ciudad, Dr. Juan Ustarroz, el titular de la cartera de Modernizaci\u00f3n Ezequiel Russo comenz\u00f3 a analizar junto al Presidente de la Liga la posibilidad de encarar el desarrollo de esta nueva alternativa.<\/p>\n<p>A partir de ir realizando distintos an\u00e1lisis, se lleg\u00f3 a la creaci\u00f3n de la aplicaci\u00f3n (APP) la cual ya est\u00e1 disponible en el play store para poder ser descargada (buscando liga mercedina). Seg\u00fan indic\u00f3 el Presidente Esteban Marcelo, es un paso grande que vendr\u00e1 acompa\u00f1ado de nuevos programas de informaci\u00f3n para el seguimiento de cada uno de los torneos.<br \/>\nDe hecho ya se puede observar en la p\u00e1gina web y en la app un seguimiento pormenorizado de lo que ser\u00e1 la pr\u00f3xima edici\u00f3n del Torneo Federaci\u00f3n Norte, donde la ciudad de Mercedes tendr\u00e1 la representaci\u00f3n de AMEFIP, V\u00e9lez Sarsfield, Palometas, Defensores y Pabell\u00f3n Argentino de Marcos Paz.<\/p>\n<p>Aunque no fue confirmado, a la brevedad, autoridades de la Liga y de la Municipalidad alcanzar\u00eda la firma de un convenio para reafirmar la tarea por el deporte local.<\/p>\n","protected":false},"excerpt":{"rendered":"<p>En la noche de este mi\u00e9rcoles la actual Conducci\u00f3n de la Liga Mercedina de F\u00fatbol hizo la presentaci\u00f3n ante los &#8230; <a title=\"La LMF ya tiene su App propia\" class=\"read-more\" href=\"https:\/\/www.hoymercedes.com.ar\/principal\/2017\/12\/30\/la-lmf-ya-tiene-su-app-propia\/\" aria-label=\"Leer m\u00e1s sobre La LMF ya tiene su App propia\">Leer m\u00e1s<\/a><\/p>\n","protected":false},"author":1,"featured_media":71222,"comment_status":"closed","ping_status":"open","sticky":false,"template":"","format":"standard","meta":{"_monsterinsights_skip_tracking":false,"_monsterinsights_sitenote_active":false,"_monsterinsights_sitenote_note":"","_monsterinsights_sitenote_category":0,"jetpack_post_was_ever_published":false,"_jetpack_newsletter_access":"","_jetpack_dont_email_post_to_subs":false,"_jetpack_newsletter_tier_id":0,"_jetpack_memberships_contains_paywalled_content":false,"_jetpack_memberships_contains_paid_content":false,"footnotes":"","jetpack_publicize_message":"","jetpack_publicize_feature_enabled":true,"jetpack_social_post_already_shared":true,"jetpack_social_options":{"image_generator_settings":{"template":"highway","default_image_id":0,"font":"","enabled":false},"version":2},"_wpas_customize_per_network":false},"categories":[21],"tags":[204,1003,413,10],"class_list":["post-71221","post","type-post","status-publish","format-standard","has-post-thumbnail","hentry","category-deportes","tag-deportes-2","tag-futbol","tag-liga-mercedina-de-futbol","tag-mercedes","generate-columns","tablet-grid-50","mobile-grid-100","grid-parent","grid-50"],"jetpack_publicize_connections":[],"jetpack_featured_media_url":"https:\/\/www.hoymercedes.com.ar\/principal\/wp-content\/uploads\/2017\/12\/Screenshot_20171229-181722.png","wps_subtitle":"Liga Mercedina","jetpack_sharing_enabled":true,"_links":{"self":[{"href":"https:\/\/www.hoymercedes.com.ar\/principal\/wp-json\/wp\/v2\/posts\/71221","targetHints":{"allow":["GET"]}}],"collection":[{"href":"https:\/\/www.hoymercedes.com.ar\/principal\/wp-json\/wp\/v2\/posts"}],"about":[{"href":"https:\/\/www.hoymercedes.com.ar\/principal\/wp-json\/wp\/v2\/types\/post"}],"author":[{"embeddable":true,"href":"https:\/\/www.hoymercedes.com.ar\/principal\/wp-json\/wp\/v2\/users\/1"}],"replies":[{"embeddable":true,"href":"https:\/\/www.hoymercedes.com.ar\/principal\/wp-json\/wp\/v2\/comments?post=71221"}],"version-history":[{"count":0,"href":"https:\/\/www.hoymercedes.com.ar\/principal\/wp-json\/wp\/v2\/posts\/71221\/revisions"}],"wp:featuredmedia":[{"embeddable":true,"href":"https:\/\/www.hoymercedes.com.ar\/principal\/wp-json\/wp\/v2\/media\/71222"}],"wp:attachment":[{"href":"https:\/\/www.hoymercedes.com.ar\/principal\/wp-json\/wp\/v2\/media?parent=71221"}],"wp:term":[{"taxonomy":"category","embeddable":true,"href":"https:\/\/www.hoymercedes.com.ar\/principal\/wp-json\/wp\/v2\/categories?post=71221"},{"taxonomy":"post_tag","embeddable":true,"href":"https:\/\/www.hoymercedes.com.ar\/principal\/wp-json\/wp\/v2\/tags?post=71221"}],"curies":[{"name":"wp","href":"https:\/\/api.w.org\/{rel}","templated":true}]}}