{"id":71277,"date":"2018-01-02T19:33:43","date_gmt":"2018-01-02T22:33:43","guid":{"rendered":"http:\/\/www.hoymercedes.com.ar\/principal\/?p=71277"},"modified":"2018-01-02T15:39:19","modified_gmt":"2018-01-02T18:39:19","slug":"municipio-y-arzobispado-firman-importante-convenio-para-accion-social","status":"publish","type":"post","link":"https:\/\/www.hoymercedes.com.ar\/principal\/2018\/01\/02\/municipio-y-arzobispado-firman-importante-convenio-para-accion-social\/","title":{"rendered":"Municipio y Arzobispado firman importante convenio para acci\u00f3n social"},"content":{"rendered":"<figure id=\"attachment_71278\" aria-describedby=\"caption-attachment-71278\" style=\"width: 720px\" class=\"wp-caption aligncenter\"><img loading=\"lazy\" decoding=\"async\" data-attachment-id=\"71278\" data-permalink=\"https:\/\/www.hoymercedes.com.ar\/principal\/2018\/01\/02\/municipio-y-arzobispado-firman-importante-convenio-para-accion-social\/radrizzani-ustaroz\/#main\" data-orig-file=\"https:\/\/www.hoymercedes.com.ar\/principal\/wp-content\/uploads\/2018\/01\/Radrizzani-Ustaroz.jpg\" data-orig-size=\"730,487\" data-comments-opened=\"0\" data-image-meta=\"{&quot;aperture&quot;:&quot;0&quot;,&quot;credit&quot;:&quot;&quot;,&quot;camera&quot;:&quot;&quot;,&quot;caption&quot;:&quot;&quot;,&quot;created_timestamp&quot;:&quot;0&quot;,&quot;copyright&quot;:&quot;&quot;,&quot;focal_length&quot;:&quot;0&quot;,&quot;iso&quot;:&quot;0&quot;,&quot;shutter_speed&quot;:&quot;0&quot;,&quot;title&quot;:&quot;&quot;,&quot;orientation&quot;:&quot;0&quot;}\" data-image-title=\"Radrizzani-Ustaroz\" data-image-description=\"\" data-image-caption=\"&lt;p&gt;Intendente rubrica convenio con Arzobispado&lt;\/p&gt;\n\" data-large-file=\"https:\/\/www.hoymercedes.com.ar\/principal\/wp-content\/uploads\/2018\/01\/Radrizzani-Ustaroz.jpg\" class=\"size-full wp-image-71278\" src=\"https:\/\/www.hoymercedes.com.ar\/principal\/wp-content\/uploads\/2018\/01\/Radrizzani-Ustaroz.jpg\" alt=\"\" width=\"730\" height=\"487\" srcset=\"https:\/\/www.hoymercedes.com.ar\/principal\/wp-content\/uploads\/2018\/01\/Radrizzani-Ustaroz.jpg 730w, https:\/\/www.hoymercedes.com.ar\/principal\/wp-content\/uploads\/2018\/01\/Radrizzani-Ustaroz-150x100.jpg 150w, https:\/\/www.hoymercedes.com.ar\/principal\/wp-content\/uploads\/2018\/01\/Radrizzani-Ustaroz-630x420.jpg 630w\" sizes=\"auto, (max-width: 730px) 100vw, 730px\" \/><figcaption id=\"caption-attachment-71278\" class=\"wp-caption-text\">Intendente rubrica convenio con Arzobispado<\/figcaption><\/figure>\n<p class=\"m_-2676744982318377480m_4397563602923722828m_3667331442930899433gmail-MsoNormal\">\u201cAqu\u00ed en Mercedes no existe brecha, no la hemos tejido, sino que esta mutua colaboraci\u00f3n permite que la sociedad pueda crecer\u201d expres\u00f3 Monse\u00f1or Radrizzani al firmar convenio con la Municipalidad de Mercedes representada por el Dr. Juan Ignacio Ustarroz. Se trata de un convenio para trabajar en conjunto temas de deportes y adicciones en distintas zonas. A su vez, el arzobispado de Mercedes, cedi\u00f3 un terreno al Municipio para que se trabaje en la prevenci\u00f3n y recuperaci\u00f3n de esta terrible enfermedad.<\/p>\n<p class=\"m_-2676744982318377480m_4397563602923722828m_3667331442930899433gmail-MsoNormal\">El intendente de nuestra ciudad, el Dr. Ustarroz expres\u00f3 \u201cel Municipio se encuentra muy agradecido por la generosidad, el compromiso y la vocaci\u00f3n de trabajo del arzobispado, qui\u00e9n desde el primer d\u00eda de la gesti\u00f3n nos ha apoyado, y ese apoyo, se ve plasmado en acciones que contribuyen para que Mercedes sea una ciudad mejor y de todos\u201d.<\/p>\n<p class=\"m_-2676744982318377480m_4397563602923722828m_3667331442930899433gmail-MsoNormal\">Adem\u00e1s, hizo referencia a la mancomuni\u00f3n que existe entre las dos instituciones \u201cHace un tiempo que venimos trabajando en conjunto el tema adicciones, y en este caso, el arzobispado le cede al Municipio de Mercedes un terreno para que podamos seguir por ese camino\u201d y agreg\u00f3 \u201cesto habla a las claras que ambas instituciones tienen objetivos claros, sabiendo que para lograr las cosas hay que trabajar, con esfuerzo, sacrificio y entre todos\u201d.<\/p>\n<p class=\"m_-2676744982318377480m_4397563602923722828m_3667331442930899433gmail-MsoNormal\">\u201cEste trabajo en conjunto es muy importante para la ciudad de Mercedes, porque los que estamos en gestiones pasamos y lo que quedan son las obras, por eso, mientras m\u00e1s podamos hacer mejor, y la forma de hacer es entre todos\u201d concluy\u00f3 el Intendente.<\/p>\n<figure id=\"attachment_71279\" aria-describedby=\"caption-attachment-71279\" style=\"width: 720px\" class=\"wp-caption aligncenter\"><img loading=\"lazy\" decoding=\"async\" data-attachment-id=\"71279\" data-permalink=\"https:\/\/www.hoymercedes.com.ar\/principal\/2018\/01\/02\/municipio-y-arzobispado-firman-importante-convenio-para-accion-social\/radrizzani-ustaroz-2\/#main\" data-orig-file=\"https:\/\/www.hoymercedes.com.ar\/principal\/wp-content\/uploads\/2018\/01\/Radrizzani-Ustaroz-2.jpg\" data-orig-size=\"730,487\" data-comments-opened=\"0\" data-image-meta=\"{&quot;aperture&quot;:&quot;0&quot;,&quot;credit&quot;:&quot;&quot;,&quot;camera&quot;:&quot;&quot;,&quot;caption&quot;:&quot;&quot;,&quot;created_timestamp&quot;:&quot;0&quot;,&quot;copyright&quot;:&quot;&quot;,&quot;focal_length&quot;:&quot;0&quot;,&quot;iso&quot;:&quot;0&quot;,&quot;shutter_speed&quot;:&quot;0&quot;,&quot;title&quot;:&quot;&quot;,&quot;orientation&quot;:&quot;0&quot;}\" data-image-title=\"Radrizzani-Ustaroz-2\" data-image-description=\"\" data-image-caption=\"&lt;p&gt;Radrizzani firma convenio&lt;\/p&gt;\n\" data-large-file=\"https:\/\/www.hoymercedes.com.ar\/principal\/wp-content\/uploads\/2018\/01\/Radrizzani-Ustaroz-2.jpg\" class=\"size-full wp-image-71279\" src=\"https:\/\/www.hoymercedes.com.ar\/principal\/wp-content\/uploads\/2018\/01\/Radrizzani-Ustaroz-2.jpg\" alt=\"\" width=\"730\" height=\"487\" srcset=\"https:\/\/www.hoymercedes.com.ar\/principal\/wp-content\/uploads\/2018\/01\/Radrizzani-Ustaroz-2.jpg 730w, https:\/\/www.hoymercedes.com.ar\/principal\/wp-content\/uploads\/2018\/01\/Radrizzani-Ustaroz-2-150x100.jpg 150w, https:\/\/www.hoymercedes.com.ar\/principal\/wp-content\/uploads\/2018\/01\/Radrizzani-Ustaroz-2-630x420.jpg 630w\" sizes=\"auto, (max-width: 730px) 100vw, 730px\" \/><figcaption id=\"caption-attachment-71279\" class=\"wp-caption-text\">Radrizzani firma convenio<\/figcaption><\/figure>\n<p class=\"m_-2676744982318377480m_4397563602923722828m_3667331442930899433gmail-MsoNormal\">Por su parte, Monse\u00f1or Agust\u00edn Radrizzani, valor\u00f3 el trabajo que se vienen haciendo entre ambas entidades y dijo \u201cyo creo que nosotros estamos pasando de una situaci\u00f3n de sociedad de enfrentamientos a una sociedad de colaboraci\u00f3n, ojal\u00e1 este sea un bot\u00f3n de muestra de lo que se debe hacer a nivel nacional\u201d.<\/p>\n<p class=\"m_-2676744982318377480m_4397563602923722828m_3667331442930899433gmail-MsoNormal\">Y puntualiz\u00f3 \u201caqu\u00ed no existe brecha, no la hemos tejido, sino que esta mutua colaboraci\u00f3n permite que la sociedad pueda crecer\u201d.<\/p>\n<p class=\"m_-2676744982318377480m_4397563602923722828m_3667331442930899433gmail-MsoNormal\">De esta manera, el Municipio de Mercedes sigue trabajando y generando lazos con las instituciones de la ciudad, buscando el beneficio y el bien com\u00fan para todos los mercedinos. Estuvieron presentes los representantes legales de ambas instituciones quienes ultimaron los detalles de la nueva vinculaci\u00f3n.<\/p>\n<p>&nbsp;<\/p>\n<p><span style=\"color: #808080;\">Fuente: Municipio<\/span><\/p>\n","protected":false},"excerpt":{"rendered":"<p>\u201cAqu\u00ed en Mercedes no existe brecha, no la hemos tejido, sino que esta mutua colaboraci\u00f3n permite que la sociedad pueda &#8230; <a title=\"Municipio y Arzobispado firman importante convenio para acci\u00f3n social\" class=\"read-more\" href=\"https:\/\/www.hoymercedes.com.ar\/principal\/2018\/01\/02\/municipio-y-arzobispado-firman-importante-convenio-para-accion-social\/\" aria-label=\"Leer m\u00e1s sobre Municipio y Arzobispado firman importante convenio para acci\u00f3n social\">Leer m\u00e1s<\/a><\/p>\n","protected":false},"author":1,"featured_media":71278,"comment_status":"closed","ping_status":"open","sticky":false,"template":"","format":"standard","meta":{"_monsterinsights_skip_tracking":false,"_monsterinsights_sitenote_active":false,"_monsterinsights_sitenote_note":"","_monsterinsights_sitenote_category":0,"jetpack_post_was_ever_published":false,"_jetpack_newsletter_access":"","_jetpack_dont_email_post_to_subs":false,"_jetpack_newsletter_tier_id":0,"_jetpack_memberships_contains_paywalled_content":false,"_jetpack_memberships_contains_paid_content":false,"footnotes":"","jetpack_publicize_message":"","jetpack_publicize_feature_enabled":true,"jetpack_social_post_already_shared":true,"jetpack_social_options":{"image_generator_settings":{"template":"highway","default_image_id":0,"font":"","enabled":false},"version":2},"_wpas_customize_per_network":false},"categories":[30],"tags":[3014,585,290],"class_list":["post-71277","post","type-post","status-publish","format-standard","has-post-thumbnail","hentry","category-municipio","tag-arzobispado-mercedes-lujan","tag-juan-ustarroz","tag-radrizzani","generate-columns","tablet-grid-50","mobile-grid-100","grid-parent","grid-50"],"jetpack_publicize_connections":[],"jetpack_featured_media_url":"https:\/\/www.hoymercedes.com.ar\/principal\/wp-content\/uploads\/2018\/01\/Radrizzani-Ustaroz.jpg","wps_subtitle":"Ustarroz y Radrizzani","jetpack_sharing_enabled":true,"_links":{"self":[{"href":"https:\/\/www.hoymercedes.com.ar\/principal\/wp-json\/wp\/v2\/posts\/71277","targetHints":{"allow":["GET"]}}],"collection":[{"href":"https:\/\/www.hoymercedes.com.ar\/principal\/wp-json\/wp\/v2\/posts"}],"about":[{"href":"https:\/\/www.hoymercedes.com.ar\/principal\/wp-json\/wp\/v2\/types\/post"}],"author":[{"embeddable":true,"href":"https:\/\/www.hoymercedes.com.ar\/principal\/wp-json\/wp\/v2\/users\/1"}],"replies":[{"embeddable":true,"href":"https:\/\/www.hoymercedes.com.ar\/principal\/wp-json\/wp\/v2\/comments?post=71277"}],"version-history":[{"count":0,"href":"https:\/\/www.hoymercedes.com.ar\/principal\/wp-json\/wp\/v2\/posts\/71277\/revisions"}],"wp:featuredmedia":[{"embeddable":true,"href":"https:\/\/www.hoymercedes.com.ar\/principal\/wp-json\/wp\/v2\/media\/71278"}],"wp:attachment":[{"href":"https:\/\/www.hoymercedes.com.ar\/principal\/wp-json\/wp\/v2\/media?parent=71277"}],"wp:term":[{"taxonomy":"category","embeddable":true,"href":"https:\/\/www.hoymercedes.com.ar\/principal\/wp-json\/wp\/v2\/categories?post=71277"},{"taxonomy":"post_tag","embeddable":true,"href":"https:\/\/www.hoymercedes.com.ar\/principal\/wp-json\/wp\/v2\/tags?post=71277"}],"curies":[{"name":"wp","href":"https:\/\/api.w.org\/{rel}","templated":true}]}}