{"id":71291,"date":"2018-01-03T07:45:59","date_gmt":"2018-01-03T10:45:59","guid":{"rendered":"http:\/\/www.hoymercedes.com.ar\/principal\/?p=71291"},"modified":"2018-01-02T21:10:18","modified_gmt":"2018-01-03T00:10:18","slug":"cuadrilla-de-la-policia-comunal-logra-detener-acusado-de-abuso-sexual","status":"publish","type":"post","link":"https:\/\/www.hoymercedes.com.ar\/principal\/2018\/01\/03\/cuadrilla-de-la-policia-comunal-logra-detener-acusado-de-abuso-sexual\/","title":{"rendered":"Cuadrilla de la Polic\u00eda Comunal logra detener acusado de abuso sexual"},"content":{"rendered":"<figure id=\"attachment_71292\" aria-describedby=\"caption-attachment-71292\" style=\"width: 710px\" class=\"wp-caption aligncenter\"><img loading=\"lazy\" decoding=\"async\" data-attachment-id=\"71292\" data-permalink=\"https:\/\/www.hoymercedes.com.ar\/principal\/2018\/01\/03\/cuadrilla-de-la-policia-comunal-logra-detener-acusado-de-abuso-sexual\/detenido-abuso\/#main\" data-orig-file=\"https:\/\/www.hoymercedes.com.ar\/principal\/wp-content\/uploads\/2018\/01\/detenido-abuso.jpg\" data-orig-size=\"720,906\" data-comments-opened=\"0\" data-image-meta=\"{&quot;aperture&quot;:&quot;0&quot;,&quot;credit&quot;:&quot;&quot;,&quot;camera&quot;:&quot;&quot;,&quot;caption&quot;:&quot;&quot;,&quot;created_timestamp&quot;:&quot;0&quot;,&quot;copyright&quot;:&quot;&quot;,&quot;focal_length&quot;:&quot;0&quot;,&quot;iso&quot;:&quot;0&quot;,&quot;shutter_speed&quot;:&quot;0&quot;,&quot;title&quot;:&quot;&quot;,&quot;orientation&quot;:&quot;0&quot;}\" data-image-title=\"detenido-abuso\" data-image-description=\"\" data-image-caption=\"&lt;p&gt;Detenido por Polic\u00eda Comunal &lt;\/p&gt;\n\" data-large-file=\"https:\/\/www.hoymercedes.com.ar\/principal\/wp-content\/uploads\/2018\/01\/detenido-abuso.jpg\" class=\"size-full wp-image-71292\" src=\"https:\/\/www.hoymercedes.com.ar\/principal\/wp-content\/uploads\/2018\/01\/detenido-abuso.jpg\" alt=\"\" width=\"720\" height=\"906\" srcset=\"https:\/\/www.hoymercedes.com.ar\/principal\/wp-content\/uploads\/2018\/01\/detenido-abuso.jpg 720w, https:\/\/www.hoymercedes.com.ar\/principal\/wp-content\/uploads\/2018\/01\/detenido-abuso-119x150.jpg 119w, https:\/\/www.hoymercedes.com.ar\/principal\/wp-content\/uploads\/2018\/01\/detenido-abuso-493x620.jpg 493w\" sizes=\"auto, (max-width: 720px) 100vw, 720px\" \/><figcaption id=\"caption-attachment-71292\" class=\"wp-caption-text\">Detenido por Polic\u00eda ComunalM<\/figcaption><\/figure>\n<p>La Polic\u00eda Comunal Mercedes a cargo del Comisario Sergio Macedo volvi\u00f3 a cumplir con una sentida demanda social y judicial al detener a un masculino acusado de abuso sexual que ten\u00eda pedido de detenci\u00f3n y andaba \u201clibre\u201d recorriendo la ciudad. La atenta mirada de los uniformados permiti\u00f3 que ahora el acusado est\u00e9 tras las rejas y a disposici\u00f3n de la justicia local.<\/p>\n<p>Personal de cuadrilla de calle, que desde hace tiempo viene efectuando m\u00faltiples actividades preventivas, en esta ocasi\u00f3n logr\u00f3 dar tranquilidad a los involucrados y respuesta a la justicia con la detenci\u00f3n de un masculino cuya car\u00e1tula de pedido de detenci\u00f3n era \u201cAbuso sexual con acceso carnal en tentativa con motivos para sospechar haber participado en comisi\u00f3n\u201d con fecha reciente dado que desde el mes de diciembre ten\u00eda el pedido de detenci\u00f3n.<\/p>\n<p>Los efectivos de la fuerza de seguridad lograron identificarlo mientras circulaba por calle 27 y 26 dando aviso a la justicia y poni\u00e9ndolo a disposici\u00f3n de la Fiscal\u00eda de Instrucci\u00f3n N\u00b02 a cargo del Sr Fiscal Leandro Marquiegui.<\/p>\n<p>Por su parte, el Comisario Macedo, tuvo palabras de elogio y felicitaci\u00f3n para el personal que adem\u00e1s de efectuar las correspondientes y habituales cuadrillas se encontraban atentos y teniendo presente el hecho permitieron dar una respuesta r\u00e1pida y llevando tranquilidad a la ciudadan\u00eda.<\/p>\n","protected":false},"excerpt":{"rendered":"<p>La Polic\u00eda Comunal Mercedes a cargo del Comisario Sergio Macedo volvi\u00f3 a cumplir con una sentida demanda social y judicial &#8230; <a title=\"Cuadrilla de la Polic\u00eda Comunal logra detener acusado de abuso sexual\" class=\"read-more\" href=\"https:\/\/www.hoymercedes.com.ar\/principal\/2018\/01\/03\/cuadrilla-de-la-policia-comunal-logra-detener-acusado-de-abuso-sexual\/\" aria-label=\"Leer m\u00e1s sobre Cuadrilla de la Polic\u00eda Comunal logra detener acusado de abuso sexual\">Leer m\u00e1s<\/a><\/p>\n","protected":false},"author":1,"featured_media":71292,"comment_status":"closed","ping_status":"open","sticky":false,"template":"","format":"standard","meta":{"_monsterinsights_skip_tracking":false,"_monsterinsights_sitenote_active":false,"_monsterinsights_sitenote_note":"","_monsterinsights_sitenote_category":0,"jetpack_post_was_ever_published":false,"_jetpack_newsletter_access":"","_jetpack_dont_email_post_to_subs":false,"_jetpack_newsletter_tier_id":0,"_jetpack_memberships_contains_paywalled_content":false,"_jetpack_memberships_contains_paid_content":false,"footnotes":"","jetpack_publicize_message":"","jetpack_publicize_feature_enabled":true,"jetpack_social_post_already_shared":true,"jetpack_social_options":{"image_generator_settings":{"template":"highway","default_image_id":0,"font":"","enabled":false},"version":2},"_wpas_customize_per_network":false},"categories":[85],"tags":[11144,12485],"class_list":["post-71291","post","type-post","status-publish","format-standard","has-post-thumbnail","hentry","category-policial","tag-comisario-sergio-macedo","tag-detenido-por-abuso","generate-columns","tablet-grid-50","mobile-grid-100","grid-parent","grid-50"],"jetpack_publicize_connections":[],"jetpack_featured_media_url":"https:\/\/www.hoymercedes.com.ar\/principal\/wp-content\/uploads\/2018\/01\/detenido-abuso.jpg","wps_subtitle":"En radio c\u00e9ntrico","jetpack_sharing_enabled":true,"_links":{"self":[{"href":"https:\/\/www.hoymercedes.com.ar\/principal\/wp-json\/wp\/v2\/posts\/71291","targetHints":{"allow":["GET"]}}],"collection":[{"href":"https:\/\/www.hoymercedes.com.ar\/principal\/wp-json\/wp\/v2\/posts"}],"about":[{"href":"https:\/\/www.hoymercedes.com.ar\/principal\/wp-json\/wp\/v2\/types\/post"}],"author":[{"embeddable":true,"href":"https:\/\/www.hoymercedes.com.ar\/principal\/wp-json\/wp\/v2\/users\/1"}],"replies":[{"embeddable":true,"href":"https:\/\/www.hoymercedes.com.ar\/principal\/wp-json\/wp\/v2\/comments?post=71291"}],"version-history":[{"count":0,"href":"https:\/\/www.hoymercedes.com.ar\/principal\/wp-json\/wp\/v2\/posts\/71291\/revisions"}],"wp:featuredmedia":[{"embeddable":true,"href":"https:\/\/www.hoymercedes.com.ar\/principal\/wp-json\/wp\/v2\/media\/71292"}],"wp:attachment":[{"href":"https:\/\/www.hoymercedes.com.ar\/principal\/wp-json\/wp\/v2\/media?parent=71291"}],"wp:term":[{"taxonomy":"category","embeddable":true,"href":"https:\/\/www.hoymercedes.com.ar\/principal\/wp-json\/wp\/v2\/categories?post=71291"},{"taxonomy":"post_tag","embeddable":true,"href":"https:\/\/www.hoymercedes.com.ar\/principal\/wp-json\/wp\/v2\/tags?post=71291"}],"curies":[{"name":"wp","href":"https:\/\/api.w.org\/{rel}","templated":true}]}}