{"id":71318,"date":"2018-01-04T12:04:45","date_gmt":"2018-01-04T15:04:45","guid":{"rendered":"http:\/\/www.hoymercedes.com.ar\/principal\/?p=71318"},"modified":"2018-01-04T11:16:38","modified_gmt":"2018-01-04T14:16:38","slug":"tres-escritoras-de-mercedes-ganan-premios-en-junin","status":"publish","type":"post","link":"https:\/\/www.hoymercedes.com.ar\/principal\/2018\/01\/04\/tres-escritoras-de-mercedes-ganan-premios-en-junin\/","title":{"rendered":"Tres escritoras de Mercedes ganan premios en Jun\u00edn"},"content":{"rendered":"<p>Desde SADE Mercedes informaron los resultados del certamen literario que organiza\u00a0el Instituto Cultural Latinoamericano de Jun\u00edn dirigido por la Profesora Rosana Silva. En la edici\u00f3n 2018 del 60\u00b0 Certamen Internacional Literario 2018 resultaron premiadas tres escritoras integrantes de la Sociedad Argentina de Escritores filial Mercedes.<\/p>\n<p>Se trata de la prof. Alicia Bustos por su obra \u00abTibia tiene el alma\u00bb en Poes\u00eda; la soci\u00f3loga Leonor Ocampo por su obra \u00abLa imagen de la Sociedad a trav\u00e9s de la Literatura\u00bb en Narrativa y de Teresita Gallardo de Marenco por su obra \u00abCoraz\u00f3n\u00bb tambi\u00e9n en Poes\u00eda.<\/p>\n<p>La entrega de todos los premios se realizar\u00e1 en la gala del d\u00eda 7 de abril, a la hora 19 en la localidad bonaerense de Jun\u00edn.<\/p>\n<figure id=\"attachment_71319\" aria-describedby=\"caption-attachment-71319\" style=\"width: 620px\" class=\"wp-caption aligncenter\"><img loading=\"lazy\" decoding=\"async\" data-attachment-id=\"71319\" data-permalink=\"https:\/\/www.hoymercedes.com.ar\/principal\/2018\/01\/04\/tres-escritoras-de-mercedes-ganan-premios-en-junin\/04-sade-mujeres\/#main\" data-orig-file=\"https:\/\/www.hoymercedes.com.ar\/principal\/wp-content\/uploads\/2018\/01\/04-SADE-mujeres.jpg\" data-orig-size=\"960,388\" data-comments-opened=\"0\" data-image-meta=\"{&quot;aperture&quot;:&quot;0&quot;,&quot;credit&quot;:&quot;&quot;,&quot;camera&quot;:&quot;&quot;,&quot;caption&quot;:&quot;&quot;,&quot;created_timestamp&quot;:&quot;0&quot;,&quot;copyright&quot;:&quot;&quot;,&quot;focal_length&quot;:&quot;0&quot;,&quot;iso&quot;:&quot;0&quot;,&quot;shutter_speed&quot;:&quot;0&quot;,&quot;title&quot;:&quot;&quot;,&quot;orientation&quot;:&quot;0&quot;}\" data-image-title=\"04 SADE mujeres\" data-image-description=\"\" data-image-caption=\"&lt;p&gt;Alicia Bustos, Leonor Ocampo y Teresita Gallardo&lt;\/p&gt;\n\" data-large-file=\"https:\/\/www.hoymercedes.com.ar\/principal\/wp-content\/uploads\/2018\/01\/04-SADE-mujeres.jpg\" class=\"size-medium wp-image-71319\" src=\"https:\/\/www.hoymercedes.com.ar\/principal\/wp-content\/uploads\/2018\/01\/04-SADE-mujeres-630x255.jpg\" alt=\"\" width=\"630\" height=\"255\" srcset=\"https:\/\/www.hoymercedes.com.ar\/principal\/wp-content\/uploads\/2018\/01\/04-SADE-mujeres-630x255.jpg 630w, https:\/\/www.hoymercedes.com.ar\/principal\/wp-content\/uploads\/2018\/01\/04-SADE-mujeres-150x61.jpg 150w, https:\/\/www.hoymercedes.com.ar\/principal\/wp-content\/uploads\/2018\/01\/04-SADE-mujeres.jpg 960w\" sizes=\"auto, (max-width: 630px) 100vw, 630px\" \/><figcaption id=\"caption-attachment-71319\" class=\"wp-caption-text\">Alicia Bustos, Leonor Ocampo y Teresita Gallardo<\/figcaption><\/figure>\n","protected":false},"excerpt":{"rendered":"<p>Desde SADE Mercedes informaron los resultados del certamen literario que organiza\u00a0el Instituto Cultural Latinoamericano de Jun\u00edn dirigido por la Profesora &#8230; <a title=\"Tres escritoras de Mercedes ganan premios en Jun\u00edn\" class=\"read-more\" href=\"https:\/\/www.hoymercedes.com.ar\/principal\/2018\/01\/04\/tres-escritoras-de-mercedes-ganan-premios-en-junin\/\" aria-label=\"Leer m\u00e1s sobre Tres escritoras de Mercedes ganan premios en Jun\u00edn\">Leer m\u00e1s<\/a><\/p>\n","protected":false},"author":1,"featured_media":71319,"comment_status":"closed","ping_status":"open","sticky":false,"template":"","format":"standard","meta":{"_monsterinsights_skip_tracking":false,"_monsterinsights_sitenote_active":false,"_monsterinsights_sitenote_note":"","_monsterinsights_sitenote_category":0,"jetpack_post_was_ever_published":false,"_jetpack_newsletter_access":"","_jetpack_dont_email_post_to_subs":false,"_jetpack_newsletter_tier_id":0,"_jetpack_memberships_contains_paywalled_content":false,"_jetpack_memberships_contains_paid_content":false,"footnotes":"","jetpack_publicize_message":"","jetpack_publicize_feature_enabled":true,"jetpack_social_post_already_shared":true,"jetpack_social_options":{"image_generator_settings":{"template":"highway","default_image_id":0,"font":"","enabled":false},"version":2},"_wpas_customize_per_network":false},"categories":[104],"tags":[12494,7805,565,5148],"class_list":["post-71318","post","type-post","status-publish","format-standard","has-post-thumbnail","hentry","category-cultura","tag-certamen-literario-junin","tag-cultura","tag-premios","tag-sade-mercedes","generate-columns","tablet-grid-50","mobile-grid-100","grid-parent","grid-50"],"jetpack_publicize_connections":[],"jetpack_featured_media_url":"https:\/\/www.hoymercedes.com.ar\/principal\/wp-content\/uploads\/2018\/01\/04-SADE-mujeres.jpg","wps_subtitle":"Certamen Literario","jetpack_sharing_enabled":true,"_links":{"self":[{"href":"https:\/\/www.hoymercedes.com.ar\/principal\/wp-json\/wp\/v2\/posts\/71318","targetHints":{"allow":["GET"]}}],"collection":[{"href":"https:\/\/www.hoymercedes.com.ar\/principal\/wp-json\/wp\/v2\/posts"}],"about":[{"href":"https:\/\/www.hoymercedes.com.ar\/principal\/wp-json\/wp\/v2\/types\/post"}],"author":[{"embeddable":true,"href":"https:\/\/www.hoymercedes.com.ar\/principal\/wp-json\/wp\/v2\/users\/1"}],"replies":[{"embeddable":true,"href":"https:\/\/www.hoymercedes.com.ar\/principal\/wp-json\/wp\/v2\/comments?post=71318"}],"version-history":[{"count":0,"href":"https:\/\/www.hoymercedes.com.ar\/principal\/wp-json\/wp\/v2\/posts\/71318\/revisions"}],"wp:featuredmedia":[{"embeddable":true,"href":"https:\/\/www.hoymercedes.com.ar\/principal\/wp-json\/wp\/v2\/media\/71319"}],"wp:attachment":[{"href":"https:\/\/www.hoymercedes.com.ar\/principal\/wp-json\/wp\/v2\/media?parent=71318"}],"wp:term":[{"taxonomy":"category","embeddable":true,"href":"https:\/\/www.hoymercedes.com.ar\/principal\/wp-json\/wp\/v2\/categories?post=71318"},{"taxonomy":"post_tag","embeddable":true,"href":"https:\/\/www.hoymercedes.com.ar\/principal\/wp-json\/wp\/v2\/tags?post=71318"}],"curies":[{"name":"wp","href":"https:\/\/api.w.org\/{rel}","templated":true}]}}