{"id":71337,"date":"2018-01-04T21:03:09","date_gmt":"2018-01-05T00:03:09","guid":{"rendered":"http:\/\/www.hoymercedes.com.ar\/principal\/?p=71337"},"modified":"2018-01-05T09:12:25","modified_gmt":"2018-01-05T12:12:25","slug":"finalizo-curso-realizado-entre-municipio-y-unlu-con-entrega-de-certificados","status":"publish","type":"post","link":"https:\/\/www.hoymercedes.com.ar\/principal\/2018\/01\/04\/finalizo-curso-realizado-entre-municipio-y-unlu-con-entrega-de-certificados\/","title":{"rendered":"Finaliz\u00f3 curso realizado entre Municipio y UNLu con entrega de certificados"},"content":{"rendered":"<figure id=\"attachment_71338\" aria-describedby=\"caption-attachment-71338\" style=\"width: 620px\" class=\"wp-caption aligncenter\"><img loading=\"lazy\" decoding=\"async\" data-attachment-id=\"71338\" data-permalink=\"https:\/\/www.hoymercedes.com.ar\/principal\/2018\/01\/04\/finalizo-curso-realizado-entre-municipio-y-unlu-con-entrega-de-certificados\/dsc_0042\/#main\" data-orig-file=\"https:\/\/www.hoymercedes.com.ar\/principal\/wp-content\/uploads\/2018\/01\/DSC_0042.jpg\" data-orig-size=\"730,487\" data-comments-opened=\"0\" data-image-meta=\"{&quot;aperture&quot;:&quot;0&quot;,&quot;credit&quot;:&quot;&quot;,&quot;camera&quot;:&quot;&quot;,&quot;caption&quot;:&quot;&quot;,&quot;created_timestamp&quot;:&quot;0&quot;,&quot;copyright&quot;:&quot;&quot;,&quot;focal_length&quot;:&quot;0&quot;,&quot;iso&quot;:&quot;0&quot;,&quot;shutter_speed&quot;:&quot;0&quot;,&quot;title&quot;:&quot;&quot;,&quot;orientation&quot;:&quot;0&quot;}\" data-image-title=\"adultos mayores.\" data-image-description=\"\" data-image-caption=\"&lt;p&gt;Curso de adultos mayores&lt;\/p&gt;\n\" data-large-file=\"https:\/\/www.hoymercedes.com.ar\/principal\/wp-content\/uploads\/2018\/01\/DSC_0042.jpg\" class=\"size-medium wp-image-71338\" src=\"https:\/\/www.hoymercedes.com.ar\/principal\/wp-content\/uploads\/2018\/01\/DSC_0042-630x420.jpg\" alt=\"\" width=\"630\" height=\"420\" srcset=\"https:\/\/www.hoymercedes.com.ar\/principal\/wp-content\/uploads\/2018\/01\/DSC_0042-630x420.jpg 630w, https:\/\/www.hoymercedes.com.ar\/principal\/wp-content\/uploads\/2018\/01\/DSC_0042-150x100.jpg 150w, https:\/\/www.hoymercedes.com.ar\/principal\/wp-content\/uploads\/2018\/01\/DSC_0042.jpg 730w\" sizes=\"auto, (max-width: 630px) 100vw, 630px\" \/><figcaption id=\"caption-attachment-71338\" class=\"wp-caption-text\">Curso de adultos mayores<\/figcaption><\/figure>\n<p class=\"gmail-MsoNormal\">Se llev\u00f3 a cabo la entrega de certificados para nuestros adultos mayores que realizaron el curso de inform\u00e1tica llevado a cabo por la Municipalidad de Mercedes y la Universidad de Luj\u00e1n. La actividad cont\u00f3 con una importante participaci\u00f3n y se llev\u00f3 a cabo en la flamante aula inform\u00e1tica del C.U.R. Mercedes.<\/p>\n<p class=\"gmail-MsoNormal\">Mediante un convenio realizado entre la Direcci\u00f3n de Adultos Mayores de la Municipalidad de Mercedes y la Universidad Nacional de Luj\u00e1n se llev\u00f3 a cabo la preparaci\u00f3n de los Adultos Mayores interesados en incursionar en materia de inform\u00e1tica, el mismo tuvo una duraci\u00f3n de 16hs c\u00e1tedras y se realiz\u00f3 en las instalaciones del Centro Universitario Regional.<\/p>\n<p class=\"gmail-MsoNormal\">El intendente Dr. Juan Ignacio Ustarroz estuvo presente junto a la Directora de Tercera Edad, Victoria O\u00b4Dell, el Coordinador del CUR Sergio Carini y los docentes que estuvieron a cargo del curso Claudio Perround, Gustavo Ju\u00e1rez y Federico Perreti provenientes de la mencionada Casa de Altos Estudios.<\/p>\n<p class=\"gmail-MsoNormal\">Los Adultos Mayores que recibieron el certificado fueron Albarracin Nora, Almir\u00f3n Irene, Bartolomeo Mabel, Bernardez Marta, Cagnone Miguel, C\u00f3rdoba Delia, De Andrea Carlos, Dematei Susana, Escobar Oscar, Espinosa Ana Mar\u00eda, Ferreyra Catalina, Flores Mar\u00eda, Genoni Graciela, Guti\u00e9rrez Cristina, Leiva Rub\u00e9n, Lippi Elvio, Lucero Elda, Martini Gladys, Min\u00f3n Nora, Monta\u00f1ez Ana Mar\u00eda, Morello Nora, Opazo Luengo Laura, Paoletta Liliana, Peci\u00f1a Mirta, Peppe Mar\u00eda, Poleschi N\u00e9lida, Porras Lidia, Rodr\u00edguez Hilda y Vautretto Gladys, todos ellos finalizando la etapa completa de las cursadas.<\/p>\n<p class=\"gmail-MsoNormal\">\u00abDesde la Direcci\u00f3n de Adultos Mayores estamos contentos y agradecidos con las diferentes \u00e1reas municipales que estuvieron colaborando con nosotros en llevar adelante este curso, agradecemos a la Universidad de Luj\u00e1n a trav\u00e9s de su Profesora Claudia Perroud que nos ayud\u00f3 a finalizar este curso que dur\u00f3 dos meses donde pudimos dar herramientas b\u00e1sicas en el manejo de las m\u00e1quinas, repasando las partes de las computadoras, usos de redes, office y hasta poder sacar turnos on line, algo que nos parec\u00eda sumamente importante. Hemos tenido un espacio en el Centro Universitario Regional y con una certificaci\u00f3n de la UNLu. Queremos felicitar a los participantes de este primer grupo por cumplir con este objetivo que ellos mismos se plantearon y pudieron culminar. Desde la Direcci\u00f3n renovamos el compromiso y ya estamos dise\u00f1ando el segundo nivel a partir del gran inter\u00e9s que demostraron los que realizaron el curso como aquellos que no lo pudieron hacer y lo realizaran este a\u00f1o.\u00bb afirm\u00f3 la directora de Adultos Mayores Victoria O\u00b4Dell<\/p>\n<p class=\"gmail-MsoNormal\">Por su parte el intendente manifest\u00f3 su agradecimiento y sostuvo que \u201cnuestra inversi\u00f3n en educaci\u00f3n es en todos los niveles, ac\u00e1 queda demostrado. Lo hacemos en primera infancia con los jardines que ya son 4, en primaria y secundaria donde el 90% de las obras las realiza el municipio, en universidad con nuevas carreras y tambi\u00e9n desde otros canales, como esta capacitaci\u00f3n\u201d sostuvo y narr\u00f3 que \u201ces muy valioso lo que se vivi\u00f3. Nuestros adultos mayores logran as\u00ed m\u00e1s autonom\u00eda, m\u00e1s entretenimiento, v\u00ednculos familiares, en \u00e9pocas en que cada d\u00eda m\u00e1s los tr\u00e1mites pasan por la red\u201d y destac\u00f3 que \u201cquiero felicitar a todos los que participaron e invitarlos a que sigan siendo parte de las diferentes propuestas del \u00e1rea donde en estos d\u00edas tambi\u00e9n se lanza dentro del ciclo \u201cViv\u00ed Mercedes\u201d actividades recreativas y deportivas en el Mart\u00edn Rodr\u00edguez dos d\u00edas por semana\u201d<\/p>\n<p>El ciclo se llev\u00f3 a cabo en el Centro Regional Universitario de calle 47 y 28 donde la UNLu tiene una excelente aula inform\u00e1tica montada por la Municipalidad de Mercedes recientemente inaugurada con pc\u00b4s, proyectores, aire acondicionado, pantallas, sonido, es decir, todo lo necesario para un correcto proceso de ense\u00f1anza aprendizaje.<\/p>\n<div>\n<div class=\"gmail_signature\">\n<div dir=\"ltr\">\n<div>\n<div dir=\"ltr\">\n<div>\n<div dir=\"ltr\">\n<div>\n<div dir=\"ltr\">\n<div>\n<div dir=\"ltr\">\n<div>\n<div dir=\"ltr\">\n<div>\n<div dir=\"ltr\">\n<div><span style=\"color: #808080;\">Fuente: Municipio<\/span><\/div>\n<\/div>\n<\/div>\n<\/div>\n<\/div>\n<\/div>\n<\/div>\n<\/div>\n<\/div>\n<\/div>\n<\/div>\n<\/div>\n<\/div>\n<\/div>\n<\/div>\n<\/div>\n","protected":false},"excerpt":{"rendered":"<p>Se llev\u00f3 a cabo la entrega de certificados para nuestros adultos mayores que realizaron el curso de inform\u00e1tica llevado a &#8230; <a title=\"Finaliz\u00f3 curso realizado entre Municipio y UNLu con entrega de certificados\" class=\"read-more\" href=\"https:\/\/www.hoymercedes.com.ar\/principal\/2018\/01\/04\/finalizo-curso-realizado-entre-municipio-y-unlu-con-entrega-de-certificados\/\" aria-label=\"Leer m\u00e1s sobre Finaliz\u00f3 curso realizado entre Municipio y UNLu con entrega de certificados\">Leer m\u00e1s<\/a><\/p>\n","protected":false},"author":1,"featured_media":71338,"comment_status":"closed","ping_status":"open","sticky":false,"template":"","format":"standard","meta":{"_monsterinsights_skip_tracking":false,"_monsterinsights_sitenote_active":false,"_monsterinsights_sitenote_note":"","_monsterinsights_sitenote_category":0,"jetpack_post_was_ever_published":false,"_jetpack_newsletter_access":"","_jetpack_dont_email_post_to_subs":false,"_jetpack_newsletter_tier_id":0,"_jetpack_memberships_contains_paywalled_content":false,"_jetpack_memberships_contains_paid_content":false,"footnotes":"","jetpack_publicize_message":"","jetpack_publicize_feature_enabled":true,"jetpack_social_post_already_shared":true,"jetpack_social_options":{"image_generator_settings":{"template":"highway","default_image_id":0,"font":"","enabled":false},"version":2},"_wpas_customize_per_network":false},"categories":[23],"tags":[8752,47,585,10,244],"class_list":["post-71337","post","type-post","status-publish","format-standard","has-post-thumbnail","hentry","category-educacion","tag-adultos-mayores","tag-educacion-2","tag-juan-ustarroz","tag-mercedes","tag-municipio-2","generate-columns","tablet-grid-50","mobile-grid-100","grid-parent","grid-50"],"jetpack_publicize_connections":[],"jetpack_featured_media_url":"https:\/\/www.hoymercedes.com.ar\/principal\/wp-content\/uploads\/2018\/01\/DSC_0042.jpg","wps_subtitle":"Educaci\u00f3n","jetpack_sharing_enabled":true,"_links":{"self":[{"href":"https:\/\/www.hoymercedes.com.ar\/principal\/wp-json\/wp\/v2\/posts\/71337","targetHints":{"allow":["GET"]}}],"collection":[{"href":"https:\/\/www.hoymercedes.com.ar\/principal\/wp-json\/wp\/v2\/posts"}],"about":[{"href":"https:\/\/www.hoymercedes.com.ar\/principal\/wp-json\/wp\/v2\/types\/post"}],"author":[{"embeddable":true,"href":"https:\/\/www.hoymercedes.com.ar\/principal\/wp-json\/wp\/v2\/users\/1"}],"replies":[{"embeddable":true,"href":"https:\/\/www.hoymercedes.com.ar\/principal\/wp-json\/wp\/v2\/comments?post=71337"}],"version-history":[{"count":0,"href":"https:\/\/www.hoymercedes.com.ar\/principal\/wp-json\/wp\/v2\/posts\/71337\/revisions"}],"wp:featuredmedia":[{"embeddable":true,"href":"https:\/\/www.hoymercedes.com.ar\/principal\/wp-json\/wp\/v2\/media\/71338"}],"wp:attachment":[{"href":"https:\/\/www.hoymercedes.com.ar\/principal\/wp-json\/wp\/v2\/media?parent=71337"}],"wp:term":[{"taxonomy":"category","embeddable":true,"href":"https:\/\/www.hoymercedes.com.ar\/principal\/wp-json\/wp\/v2\/categories?post=71337"},{"taxonomy":"post_tag","embeddable":true,"href":"https:\/\/www.hoymercedes.com.ar\/principal\/wp-json\/wp\/v2\/tags?post=71337"}],"curies":[{"name":"wp","href":"https:\/\/api.w.org\/{rel}","templated":true}]}}