{"id":71340,"date":"2018-01-04T21:50:38","date_gmt":"2018-01-05T00:50:38","guid":{"rendered":"http:\/\/www.hoymercedes.com.ar\/principal\/?p=71340"},"modified":"2018-01-05T09:11:50","modified_gmt":"2018-01-05T12:11:50","slug":"vidal-despide-200-empleados-del-area-encargada-de-la-obra-de-escuela-normal","status":"publish","type":"post","link":"https:\/\/www.hoymercedes.com.ar\/principal\/2018\/01\/04\/vidal-despide-200-empleados-del-area-encargada-de-la-obra-de-escuela-normal\/","title":{"rendered":"Vidal despide 200 empleados del \u00e1rea encargada de la obra de Escuela Normal"},"content":{"rendered":"<p>\u00bfQu\u00e9 pasar\u00e1 con la escuela Normal? Es la gran pregunta. La gobernadora Vidal decidi\u00f3 desarmar la \u201cUnidad Ejecutora Provincial\u201d de la cartera educativa de la cual dependen obras como la que en enero se iba a licitar para la Escuela Normal de Mercedes. EL 29 de diciembre les avis\u00f3 por email a 200 trabajadores que quedaban desempleados. Incertidumbre en Mercedes por lo que suceder\u00e1.<\/p>\n<p>Ante la situaci\u00f3n, las asambleas y los reclamos luego desde la Direcci\u00f3n de Cultura y Educaci\u00f3n a cargo de Sanchez Zinny informaron que iban a evaluar cada caso y ver de reincorporar, pero, la realidad es que este fin de a\u00f1o es muy doloroso para los trabajadores y de incertidumbre para el \u00e1mbito educativo.<\/p>\n<p>Consultado al respecto, el consejero escolar Jos\u00e9 Lu\u00eds Pisano, sostuvo que \u201cla situaci\u00f3n es preocupante. De 380 empleados en la Unidad Ejecutora que ven\u00eda haciendo proyectos grandes en las escuelas de la provincia por medio de financiamiento del Estado Nacional u organismos internacionales despidi\u00f3 200, generando una preocupaci\u00f3n enorme por los despidos con una resoluci\u00f3n con fecha del 29 de diciembre donde disuelve la Unidad en su totalidad\u201d coment\u00f3 remarcando que \u201ces grande la preocupaci\u00f3n porque tampoco tenemos novedades sobre c\u00f3mo se van a canalizar obras que estaban con fecha de licitaci\u00f3n\u201d sostuvo el referente educativo.<\/p>\n<p>\u201cSe suma al cese de 7000 docentes que seg\u00fan el ciclo lectivo y el estatuto del docente deber\u00eda ser el 28 de febrero y a pesar de no tener el titulo tienen habilitaci\u00f3n tomar horas y cubrir cuando hace poco el gobierno provincial quiso tomar voluntarios para dar clases sin que tengan ninguna formaci\u00f3n docente\u201d sostuvo sin olvidar que \u201cmuchos de esos estudiantes se forman y son mejores profesionales gracias a este trabajo, que adem\u00e1s son vitales para el sistema educativo, donde la pasi\u00f3n que le ponen es ejemplar\u201d<\/p>\n<p>A los mercedinos, por otro parte, preocupa enormemente, y ya empezaron algunos incluso a preguntarse en las redes, sobre lo que suceder\u00e1 con la obra en Escuela Normal cuya licitaci\u00f3n estaba prevista para el 12 de enero pr\u00f3ximo. De esta manera el interrogante es enorme ya que no hay informaci\u00f3n oficial sobre c\u00f3mo se ejecutar\u00e1n los compromisos existentes sobre infraestructura escolar, am\u00e9n de lo que significa desmantelar un \u00e1rea de trabajo y gesti\u00f3n el \u00faltimo d\u00eda h\u00e1bil del a\u00f1o.<\/p>\n<p>Fuente: UC<\/p>\n","protected":false},"excerpt":{"rendered":"<p>\u00bfQu\u00e9 pasar\u00e1 con la escuela Normal? Es la gran pregunta. La gobernadora Vidal decidi\u00f3 desarmar la \u201cUnidad Ejecutora Provincial\u201d de &#8230; <a title=\"Vidal despide 200 empleados del \u00e1rea encargada de la obra de Escuela Normal\" class=\"read-more\" href=\"https:\/\/www.hoymercedes.com.ar\/principal\/2018\/01\/04\/vidal-despide-200-empleados-del-area-encargada-de-la-obra-de-escuela-normal\/\" aria-label=\"Leer m\u00e1s sobre Vidal despide 200 empleados del \u00e1rea encargada de la obra de Escuela Normal\">Leer m\u00e1s<\/a><\/p>\n","protected":false},"author":1,"featured_media":39809,"comment_status":"closed","ping_status":"open","sticky":false,"template":"","format":"standard","meta":{"_monsterinsights_skip_tracking":false,"_monsterinsights_sitenote_active":false,"_monsterinsights_sitenote_note":"","_monsterinsights_sitenote_category":0,"jetpack_post_was_ever_published":false,"_jetpack_newsletter_access":"","_jetpack_dont_email_post_to_subs":false,"_jetpack_newsletter_tier_id":0,"_jetpack_memberships_contains_paywalled_content":false,"_jetpack_memberships_contains_paid_content":false,"footnotes":"","jetpack_publicize_message":"","jetpack_publicize_feature_enabled":true,"jetpack_social_post_already_shared":true,"jetpack_social_options":{"image_generator_settings":{"template":"highway","default_image_id":0,"font":"","enabled":false},"version":2},"_wpas_customize_per_network":false},"categories":[5],"tags":[1317,1869,10,5319],"class_list":["post-71340","post","type-post","status-publish","format-standard","has-post-thumbnail","hentry","category-politica","tag-consejo-escolar","tag-jose-luis-pisano","tag-mercedes","tag-politica-2","generate-columns","tablet-grid-50","mobile-grid-100","grid-parent","grid-50"],"jetpack_publicize_connections":[],"jetpack_featured_media_url":"https:\/\/www.hoymercedes.com.ar\/principal\/wp-content\/uploads\/2015\/02\/JoseLuisPisano.jpg","wps_subtitle":"Debate","jetpack_sharing_enabled":true,"_links":{"self":[{"href":"https:\/\/www.hoymercedes.com.ar\/principal\/wp-json\/wp\/v2\/posts\/71340","targetHints":{"allow":["GET"]}}],"collection":[{"href":"https:\/\/www.hoymercedes.com.ar\/principal\/wp-json\/wp\/v2\/posts"}],"about":[{"href":"https:\/\/www.hoymercedes.com.ar\/principal\/wp-json\/wp\/v2\/types\/post"}],"author":[{"embeddable":true,"href":"https:\/\/www.hoymercedes.com.ar\/principal\/wp-json\/wp\/v2\/users\/1"}],"replies":[{"embeddable":true,"href":"https:\/\/www.hoymercedes.com.ar\/principal\/wp-json\/wp\/v2\/comments?post=71340"}],"version-history":[{"count":0,"href":"https:\/\/www.hoymercedes.com.ar\/principal\/wp-json\/wp\/v2\/posts\/71340\/revisions"}],"wp:featuredmedia":[{"embeddable":true,"href":"https:\/\/www.hoymercedes.com.ar\/principal\/wp-json\/wp\/v2\/media\/39809"}],"wp:attachment":[{"href":"https:\/\/www.hoymercedes.com.ar\/principal\/wp-json\/wp\/v2\/media?parent=71340"}],"wp:term":[{"taxonomy":"category","embeddable":true,"href":"https:\/\/www.hoymercedes.com.ar\/principal\/wp-json\/wp\/v2\/categories?post=71340"},{"taxonomy":"post_tag","embeddable":true,"href":"https:\/\/www.hoymercedes.com.ar\/principal\/wp-json\/wp\/v2\/tags?post=71340"}],"curies":[{"name":"wp","href":"https:\/\/api.w.org\/{rel}","templated":true}]}}