{"id":71343,"date":"2018-01-05T08:07:49","date_gmt":"2018-01-05T11:07:49","guid":{"rendered":"http:\/\/www.hoymercedes.com.ar\/principal\/?p=71343"},"modified":"2018-01-05T09:11:29","modified_gmt":"2018-01-05T12:11:29","slug":"para-lucia-capaccio-fue-un-gran-2017-para-la-cultura-mercedina","status":"publish","type":"post","link":"https:\/\/www.hoymercedes.com.ar\/principal\/2018\/01\/05\/para-lucia-capaccio-fue-un-gran-2017-para-la-cultura-mercedina\/","title":{"rendered":"Para Luc\u00eda Capaccio fue un gran 2017 para la cultura mercedina"},"content":{"rendered":"<p>&nbsp;<\/p>\n<figure id=\"attachment_71344\" aria-describedby=\"caption-attachment-71344\" style=\"width: 620px\" class=\"wp-caption aligncenter\"><img loading=\"lazy\" decoding=\"async\" data-attachment-id=\"71344\" data-permalink=\"https:\/\/www.hoymercedes.com.ar\/principal\/2018\/01\/05\/para-lucia-capaccio-fue-un-gran-2017-para-la-cultura-mercedina\/luciacapaccio\/#main\" data-orig-file=\"https:\/\/www.hoymercedes.com.ar\/principal\/wp-content\/uploads\/2018\/01\/LuciaCapaccio.jpg\" data-orig-size=\"730,485\" data-comments-opened=\"0\" data-image-meta=\"{&quot;aperture&quot;:&quot;0&quot;,&quot;credit&quot;:&quot;SEBASTIAN_AMBROSSIO&quot;,&quot;camera&quot;:&quot;&quot;,&quot;caption&quot;:&quot;&quot;,&quot;created_timestamp&quot;:&quot;0&quot;,&quot;copyright&quot;:&quot;Sebastian Ambrossio_&quot;,&quot;focal_length&quot;:&quot;0&quot;,&quot;iso&quot;:&quot;0&quot;,&quot;shutter_speed&quot;:&quot;0&quot;,&quot;title&quot;:&quot;&quot;,&quot;orientation&quot;:&quot;0&quot;}\" data-image-title=\"LuciaCapaccio\" data-image-description=\"\" data-image-caption=\"&lt;p&gt;Lucia Capaccio, directora de Cultura&lt;\/p&gt;\n\" data-large-file=\"https:\/\/www.hoymercedes.com.ar\/principal\/wp-content\/uploads\/2018\/01\/LuciaCapaccio.jpg\" class=\"size-medium wp-image-71344\" src=\"https:\/\/www.hoymercedes.com.ar\/principal\/wp-content\/uploads\/2018\/01\/LuciaCapaccio-630x419.jpg\" alt=\"\" width=\"630\" height=\"419\" srcset=\"https:\/\/www.hoymercedes.com.ar\/principal\/wp-content\/uploads\/2018\/01\/LuciaCapaccio-630x419.jpg 630w, https:\/\/www.hoymercedes.com.ar\/principal\/wp-content\/uploads\/2018\/01\/LuciaCapaccio-150x100.jpg 150w, https:\/\/www.hoymercedes.com.ar\/principal\/wp-content\/uploads\/2018\/01\/LuciaCapaccio.jpg 730w\" sizes=\"auto, (max-width: 630px) 100vw, 630px\" \/><figcaption id=\"caption-attachment-71344\" class=\"wp-caption-text\">Lucia Capaccio, directora de Cultura<\/figcaption><\/figure>\n<p>Luc\u00eda Capaccio analiz\u00f3 el trabajo de todas las dependencias culturales en este a\u00f1o. Destac\u00f3 el actuar en equipo con los trabajadores del \u00e1rea y los artistas. Se cumplieron objetivos que seguir\u00e1n siendo prioridad en 2018 y se proyectan nuevas acciones.<\/p>\n<p>La Direcci\u00f3n de Cultura transit\u00f3 un a\u00f1o de desaf\u00edos y logros constantes que le permitieron culminar una temporada m\u00e1s que satisfactoria. Su Directora, Luc\u00eda Capaccio, analiz\u00f3 lo ocurrido en este 2017 y destac\u00f3 el trabajo realizado por la cartera cultural y por cada uno de sus trabajadores.<\/p>\n<p>En los distintos espacios que dependen del \u00e1rea, se han realizado tareas y actividades en sus diversos formatos. Propuestas est\u00e1ticas y din\u00e1micas sobre las cuales estuvo presente la contenci\u00f3n y el apoyo de la Municipalidad de Mercedes.<\/p>\n<p>\u201cPensamos que era necesario profesionalizar el trabajo de los artistas y es por eso que nos mantuvimos cerca de ellos, escuchando sus necesidades, contratando sus servicios y orient\u00e1ndolos para que puedan hacerse sus propios monotributos. Esto hizo que como Estado logremos el objetivo de estar atentos a las demandas culturales\u201d, analiz\u00f3 Capaccio, a la vez que recalc\u00f3 la gran cantidad de cenas solidarias hechas en beneficio de distintos m\u00fasicos, ballets e instituciones en general.<\/p>\n<p>Tanto en el ex Teatro Argentino como en el C. C. La Trocha, las presentaciones que este a\u00f1o tuvieron su lugar fueron, en la mayor\u00eda de los casos, gratuitas. Esto tambi\u00e9n se debe a que existe la necesidad de convocar a un p\u00fablico cautivo que a lo largo del a\u00f1o acompa\u00f1o las propuestas.<\/p>\n<p>Los grandes eventos populares que marcan la mayor agenda cultural del a\u00f1o se desarrollaron con total normalidad y \u00e9xito: la Fiesta del Salame y del Durazno, las jornadas educativas de Folklore, los ciclos de m\u00fasica como los de rock, tango, cumbia y las pe\u00f1as son un claro ejemplo de ello, sumado a la importante cantidad de actividades programadas durante las vacaciones de invierno donde pasaron m\u00e1s de mil chicos de nuestra ciudad y alrededores.<\/p>\n<p>\u201cTrabajamos mucho para que este a\u00f1o podamos tener una nueva sala de teatro en el Galp\u00f3n de la Trocha para uso de elencos y tambi\u00e9n, presentaciones especiales y lo logramos. All\u00ed fue el estreno de una de las cuatro obras teatrales de la Comedia Municipal que result\u00f3 ser otra de las apuestas fuertes del a\u00f1o cultural\u201d, enfatiz\u00f3 la funcionaria.<\/p>\n<p>Se piensa en un 2018 con los mismos lineamientos de este a\u00f1o y las correcciones necesarias de toda \u00e1rea que buscar cubrir las demandas de una sociedad \u00e1vida de expresiones art\u00edsticas.<\/p>\n<p>\u201cVamos a seguir muy cerca de la cultura y sus manifestaciones, porque creemos que es un recurso positivo que sirve para ir todos en un mismo rumbo. Y lo queremos hacer en una construcci\u00f3n conjunta para que todos estemos c\u00f3modos a la hora de trabajar\u201d, culmin\u00f3 Capaccio.<\/p>\n<p><span style=\"color: #808080;\">Fuente: Municipio<\/span><\/p>\n","protected":false},"excerpt":{"rendered":"<p>&nbsp; Luc\u00eda Capaccio analiz\u00f3 el trabajo de todas las dependencias culturales en este a\u00f1o. Destac\u00f3 el actuar en equipo con &#8230; <a title=\"Para Luc\u00eda Capaccio fue un gran 2017 para la cultura mercedina\" class=\"read-more\" href=\"https:\/\/www.hoymercedes.com.ar\/principal\/2018\/01\/05\/para-lucia-capaccio-fue-un-gran-2017-para-la-cultura-mercedina\/\" aria-label=\"Leer m\u00e1s sobre Para Luc\u00eda Capaccio fue un gran 2017 para la cultura mercedina\">Leer m\u00e1s<\/a><\/p>\n","protected":false},"author":1,"featured_media":71344,"comment_status":"closed","ping_status":"open","sticky":false,"template":"","format":"standard","meta":{"_monsterinsights_skip_tracking":false,"_monsterinsights_sitenote_active":false,"_monsterinsights_sitenote_note":"","_monsterinsights_sitenote_category":0,"jetpack_post_was_ever_published":false,"_jetpack_newsletter_access":"","_jetpack_dont_email_post_to_subs":false,"_jetpack_newsletter_tier_id":0,"_jetpack_memberships_contains_paywalled_content":false,"_jetpack_memberships_contains_paid_content":false,"footnotes":"","jetpack_publicize_message":"","jetpack_publicize_feature_enabled":true,"jetpack_social_post_already_shared":true,"jetpack_social_options":{"image_generator_settings":{"template":"highway","default_image_id":0,"font":"","enabled":false},"version":2},"_wpas_customize_per_network":false},"categories":[104],"tags":[10007,7805,739,8589,10],"class_list":["post-71343","post","type-post","status-publish","format-standard","has-post-thumbnail","hentry","category-cultura","tag-balance","tag-cultura","tag-direccion-de-cultura","tag-lucia-capaccio","tag-mercedes","generate-columns","tablet-grid-50","mobile-grid-100","grid-parent","grid-50"],"jetpack_publicize_connections":[],"jetpack_featured_media_url":"https:\/\/www.hoymercedes.com.ar\/principal\/wp-content\/uploads\/2018\/01\/LuciaCapaccio.jpg","wps_subtitle":"Arte, taller, teatro, m\u00fasica.","jetpack_sharing_enabled":true,"_links":{"self":[{"href":"https:\/\/www.hoymercedes.com.ar\/principal\/wp-json\/wp\/v2\/posts\/71343","targetHints":{"allow":["GET"]}}],"collection":[{"href":"https:\/\/www.hoymercedes.com.ar\/principal\/wp-json\/wp\/v2\/posts"}],"about":[{"href":"https:\/\/www.hoymercedes.com.ar\/principal\/wp-json\/wp\/v2\/types\/post"}],"author":[{"embeddable":true,"href":"https:\/\/www.hoymercedes.com.ar\/principal\/wp-json\/wp\/v2\/users\/1"}],"replies":[{"embeddable":true,"href":"https:\/\/www.hoymercedes.com.ar\/principal\/wp-json\/wp\/v2\/comments?post=71343"}],"version-history":[{"count":0,"href":"https:\/\/www.hoymercedes.com.ar\/principal\/wp-json\/wp\/v2\/posts\/71343\/revisions"}],"wp:featuredmedia":[{"embeddable":true,"href":"https:\/\/www.hoymercedes.com.ar\/principal\/wp-json\/wp\/v2\/media\/71344"}],"wp:attachment":[{"href":"https:\/\/www.hoymercedes.com.ar\/principal\/wp-json\/wp\/v2\/media?parent=71343"}],"wp:term":[{"taxonomy":"category","embeddable":true,"href":"https:\/\/www.hoymercedes.com.ar\/principal\/wp-json\/wp\/v2\/categories?post=71343"},{"taxonomy":"post_tag","embeddable":true,"href":"https:\/\/www.hoymercedes.com.ar\/principal\/wp-json\/wp\/v2\/tags?post=71343"}],"curies":[{"name":"wp","href":"https:\/\/api.w.org\/{rel}","templated":true}]}}