{"id":71374,"date":"2018-01-08T09:00:37","date_gmt":"2018-01-08T12:00:37","guid":{"rendered":"http:\/\/www.hoymercedes.com.ar\/principal\/?p=71374"},"modified":"2018-01-07T23:53:28","modified_gmt":"2018-01-08T02:53:28","slug":"ustarroz-somos-muy-defensores-de-la-policia-local-aca-nos-da-resultados-positivos","status":"publish","type":"post","link":"https:\/\/www.hoymercedes.com.ar\/principal\/2018\/01\/08\/ustarroz-somos-muy-defensores-de-la-policia-local-aca-nos-da-resultados-positivos\/","title":{"rendered":"Ustarroz: \u201csomos muy defensores de la Polic\u00eda Local, ac\u00e1 nos da resultados positivos\u201d"},"content":{"rendered":"<figure id=\"attachment_71376\" aria-describedby=\"caption-attachment-71376\" style=\"width: 620px\" class=\"wp-caption aligncenter\"><img loading=\"lazy\" decoding=\"async\" data-attachment-id=\"71376\" data-permalink=\"https:\/\/www.hoymercedes.com.ar\/principal\/2018\/01\/08\/ustarroz-somos-muy-defensores-de-la-policia-local-aca-nos-da-resultados-positivos\/dsc_0008\/#main\" data-orig-file=\"https:\/\/www.hoymercedes.com.ar\/principal\/wp-content\/uploads\/2018\/01\/DSC_0008.jpg\" data-orig-size=\"730,487\" data-comments-opened=\"0\" data-image-meta=\"{&quot;aperture&quot;:&quot;0&quot;,&quot;credit&quot;:&quot;&quot;,&quot;camera&quot;:&quot;&quot;,&quot;caption&quot;:&quot;&quot;,&quot;created_timestamp&quot;:&quot;0&quot;,&quot;copyright&quot;:&quot;&quot;,&quot;focal_length&quot;:&quot;0&quot;,&quot;iso&quot;:&quot;0&quot;,&quot;shutter_speed&quot;:&quot;0&quot;,&quot;title&quot;:&quot;&quot;,&quot;orientation&quot;:&quot;0&quot;}\" data-image-title=\"ustarroz-gimeno-rossi-kelly\" data-image-description=\"\" data-image-caption=\"&lt;p&gt;Ustarroz junto a Rossi, Kelly y Gimeno&lt;\/p&gt;\n\" data-large-file=\"https:\/\/www.hoymercedes.com.ar\/principal\/wp-content\/uploads\/2018\/01\/DSC_0008.jpg\" class=\"size-medium wp-image-71376\" src=\"https:\/\/www.hoymercedes.com.ar\/principal\/wp-content\/uploads\/2018\/01\/DSC_0008-630x420.jpg\" alt=\"\" width=\"630\" height=\"420\" srcset=\"https:\/\/www.hoymercedes.com.ar\/principal\/wp-content\/uploads\/2018\/01\/DSC_0008-630x420.jpg 630w, https:\/\/www.hoymercedes.com.ar\/principal\/wp-content\/uploads\/2018\/01\/DSC_0008-150x100.jpg 150w, https:\/\/www.hoymercedes.com.ar\/principal\/wp-content\/uploads\/2018\/01\/DSC_0008.jpg 730w\" sizes=\"auto, (max-width: 630px) 100vw, 630px\" \/><figcaption id=\"caption-attachment-71376\" class=\"wp-caption-text\">Ustarroz junto a Rossi, Kelly y Gimeno<\/figcaption><\/figure>\n<p><strong>\u00a0<\/strong><\/p>\n<p>El intendnete Juan Ignacio Ustarroz present\u00f3 estad\u00edsticas oficiales sobre la baja del delito en Mercedes con algunos datos sobresalientes, como la disminuci\u00f3n en 50% en robos de autos o el secuestro de m\u00e1s de 2kg de marihuana en 23 procedimientos, entre otros datos. Defendi\u00f3 fuertemente la existencia y sostenimiento de la Polic\u00eda Local. Adelant\u00f3 que se reunir\u00e1 con Ritondo por el tema y que est\u00e1n muy avanzadas las gestiones para colocar un destacamento de la fuerza en la Estaci\u00f3n de trenes.<\/p>\n<p>En 2016 se hab\u00edan logrado buenos resultados. En 2017 con inversiones superiores a los 13 millones de pesos se sostuvo la decisi\u00f3n pol\u00edtica de equipar y fortalecer las fuerzas locales.<\/p>\n<p>En conferencia de prensa, el Jefe Comunal, Dr. Juan Ignacio Ustarroz, expuso las novedades destacando que \u201cno existe un estado ideal en tema de seguridad, siempre hay cosas para trabajar, pero es muy positivo todo lo que se ha logrado y la reducci\u00f3n efectiva y fuerte del delito en Mercedes y en especial por la actuaci\u00f3n cotidiana de la Polic\u00eda Local\u201d. La presentaci\u00f3n de datos la realiz\u00f3 acompa\u00f1ado de la Secretaria de Seguridad, Dr. Josefina Kelly, el Director del \u00e1rea, Esteban Rossi y el comisario de la Polic\u00eda Local, Jos\u00e9 Lu\u00eds Gimeno.<\/p>\n<figure id=\"attachment_71377\" aria-describedby=\"caption-attachment-71377\" style=\"width: 620px\" class=\"wp-caption aligncenter\"><img loading=\"lazy\" decoding=\"async\" data-attachment-id=\"71377\" data-permalink=\"https:\/\/www.hoymercedes.com.ar\/principal\/2018\/01\/08\/ustarroz-somos-muy-defensores-de-la-policia-local-aca-nos-da-resultados-positivos\/dsc_00018\/#main\" data-orig-file=\"https:\/\/www.hoymercedes.com.ar\/principal\/wp-content\/uploads\/2018\/01\/DSC_00018.jpg\" data-orig-size=\"730,411\" data-comments-opened=\"0\" data-image-meta=\"{&quot;aperture&quot;:&quot;0&quot;,&quot;credit&quot;:&quot;&quot;,&quot;camera&quot;:&quot;&quot;,&quot;caption&quot;:&quot;&quot;,&quot;created_timestamp&quot;:&quot;0&quot;,&quot;copyright&quot;:&quot;&quot;,&quot;focal_length&quot;:&quot;0&quot;,&quot;iso&quot;:&quot;0&quot;,&quot;shutter_speed&quot;:&quot;0&quot;,&quot;title&quot;:&quot;&quot;,&quot;orientation&quot;:&quot;0&quot;}\" data-image-title=\"centro de monitoreo\" data-image-description=\"\" data-image-caption=\"&lt;p&gt;Centro de Monitoreo&lt;\/p&gt;\n\" data-large-file=\"https:\/\/www.hoymercedes.com.ar\/principal\/wp-content\/uploads\/2018\/01\/DSC_00018.jpg\" class=\"size-medium wp-image-71377\" src=\"https:\/\/www.hoymercedes.com.ar\/principal\/wp-content\/uploads\/2018\/01\/DSC_00018-630x355.jpg\" alt=\"\" width=\"630\" height=\"355\" srcset=\"https:\/\/www.hoymercedes.com.ar\/principal\/wp-content\/uploads\/2018\/01\/DSC_00018-630x355.jpg 630w, https:\/\/www.hoymercedes.com.ar\/principal\/wp-content\/uploads\/2018\/01\/DSC_00018-150x84.jpg 150w, https:\/\/www.hoymercedes.com.ar\/principal\/wp-content\/uploads\/2018\/01\/DSC_00018.jpg 730w\" sizes=\"auto, (max-width: 630px) 100vw, 630px\" \/><figcaption id=\"caption-attachment-71377\" class=\"wp-caption-text\">Centro de Monitoreo<\/figcaption><\/figure>\n<p><strong>M\u00e1s herramientas<\/strong><\/p>\n<p>Destacaron que importante fue el hecho de haber invertido mucho en el \u00e1rea, en asuntos como el centro de monitoreo que demand\u00f3 una inversi\u00f3n de $4.500.000, las 14 motos y los 12 patrulleros incorporados, las 3 postas m\u00f3viles y los 2 p\u00f3rticos de acceso, que dan sin duda un marco y herramientas adecuadas, como tambi\u00e9n las c\u00e1maras y gps en patrulleros. Esto permiti\u00f3 tambi\u00e9n detectar il\u00edcitos y encarcelar a sus autores siendo las im\u00e1genes vitales para los procesos judiciales.<\/p>\n<p><strong>Muy positivo<\/strong><\/p>\n<p>El balance se realiz\u00f3 desde la mirada e intervenci\u00f3n dada por la Polic\u00eda Local, en esta ocasi\u00f3n, expresando que \u201clos datos son positivos para la ciudad de Mercedes\u201d afirm\u00f3 Josefina Kelly remarcando que \u201clas fuertes inversiones colaboran en las acciones de prevenci\u00f3n y detecci\u00f3n del delito y en este caso evaluando en torno a lo actuado por la Polic\u00eda Local\u201d afirm\u00f3 la Secretaria de Seguridad municipal.<\/p>\n<p><strong>Actuaciones varias<\/strong><\/p>\n<p>Por su parte, el comisario Jos\u00e9 Lu\u00eds Gimeno, coment\u00f3 que \u201cen distintos operativos y dispositivos se lograron esclarecimientos y decomisos, siendo una labor altamente positiva para la ciudad para la polic\u00eda Local, por eso quiero destacar el apoyo del intendente, de la secretaria y el director de seguridad por el apoyo y el equipamiento que est\u00e1n siempre otorgando a la Polic\u00eda Local\u201d, destac\u00f3.<\/p>\n<p><strong>Defensa de la Polic\u00eda Local <\/strong><\/p>\n<p>El primer mandatario local, Juan Ignacio Ustarroz, mencion\u00f3 que \u201ccuando hablamos de seguridad un s\u00f3lo hecho pone en crisis lo que planteamos, pero tenemos que mirar lo que pasa en ciudades vecinas y la provincia donde el delito crece\u201d coment\u00f3 y mencion\u00f3 que \u00a0\u201ccontrastamos con la realidad de Mercedes que no es la panacea, pero el delito ha ca\u00eddo nuevamente\u201d, sostuvo y remarc\u00f3 que \u201ces un informe oficial lo que presentamos\u201d especificando que \u201cse logra con planificaci\u00f3n, con una fuerte inversi\u00f3n dando herramientas, como este Centro de Monitoreo, las c\u00e1maras, los patrulleros, las motos, los p\u00f3rticos, porque as\u00ed tambi\u00e9n se entiende el alto nivel de eficiencia en el esclarecimiento del delito tambi\u00e9n consumado, somos cabecera departamental de la Justicia y eso nos favorece\u201d<\/p>\n<p>M\u00e1s adelante destac\u00f3 que \u201csomos muy defensores de la Polic\u00eda Local, ac\u00e1 nos da resultados positivos, los vecinos, los comerciantes, todos remarcan que su presencia en las calles ha sido muy positivo\u201d<\/p>\n<p><strong>Debate y suma importancia<\/strong><\/p>\n<p>\u201cNo hay pol\u00edtica p\u00fablica sin colaboraci\u00f3n del vecino por eso queremos agradecer el apoyo recibido\u201d sostuvo Ustarroz para luego expresar que \u201cen este debate que se est\u00e1 dando en la provincia por la Polic\u00eda Local queremos reafirmar nuestro compromiso, visi\u00f3n y mirada sobre la importancia que en nuestra ciudad contin\u00faa la presencia de la Polic\u00eda Local en las calles, cerca del vecino, desde una mirada integral, siendo de cercan\u00eda\u201d, afirm\u00f3.<\/p>\n<p><strong>Datos positivos<\/strong><\/p>\n<p>Entre los datos que se pueden destacar del accionar de la Polic\u00eda Local, se encuentra el secuestro de m\u00e1s de 2kg de marihuana en 23 procedimientos. Tambi\u00e9n importantes sumas de coca\u00edna que buscaban ingresar a la ciudad. La recuperaci\u00f3n de 32 motocicletas denunciadas por hurto o robo en diversos operativos teniendo en cuenta que fueron en conjunto con el \u00e1rea de Tr\u00e1nsito de la Secretar\u00eda de Seguridad y la Polic\u00eda Comunal. Se procedi\u00f3 a intervenir en 9 aprehensiones por robo y 15 pedidos de captura procesados por la Justicia. En relaci\u00f3n al delito de Violencia de G\u00e9nero, es indispensable la colaboraci\u00f3n y el seguimiento que hacen sobre los casos y los botones de p\u00e1nico entregados a las v\u00edctimas de violencia de g\u00e9nero, 30 en este momento, teniendo un \u00edndice de atenciones que promedi\u00f3 3.3 por d\u00eda, es decir, 990 al a\u00f1o siendo un 78% mujeres y un 22% de hombres. En cuanto al delito de Robo simple-Hurto simple\u00a0 descendi\u00f3 un 1,4%, el Hurto de veh\u00edculos un 50%, siendo una cifra muy importante, la m\u00e1s destacada de toda la regi\u00f3n. Otro asunto muy valioso fue la innumerable cantidad de intervenciones en peleas callejeras y nocturnidad, dando cada d\u00eda m\u00e1s tranquilidad y menos problemas a los vecinos. Otro dato valioso es que los robos calificados pudieron ser controlados obteniendo excelentes resultados.<\/p>\n<p><strong>Medidas globales <\/strong><\/p>\n<p>Se expres\u00f3 tambi\u00e9n satisfacci\u00f3n por el trabajo realizado en el marco de Caminos Escolares Seguros destacado por diferentes autoridades escolares teniendo en cuenta que dan tranquilidad y prestan apoyo a la comunidad educativa.<\/p>\n<p>De esta manera, en Mercedes, se puede decir que continuamos con un clima \u201ctranquilo\u201d y de mejora, algo que, como se sostuvo, no pasa de igual manera en otras localidades provinciales\u00a0 e incluso cercanas, como Luj\u00e1n.<\/p>\n","protected":false},"excerpt":{"rendered":"<p>\u00a0 El intendnete Juan Ignacio Ustarroz present\u00f3 estad\u00edsticas oficiales sobre la baja del delito en Mercedes con algunos datos sobresalientes, &#8230; <a title=\"Ustarroz: \u201csomos muy defensores de la Polic\u00eda Local, ac\u00e1 nos da resultados positivos\u201d\" class=\"read-more\" href=\"https:\/\/www.hoymercedes.com.ar\/principal\/2018\/01\/08\/ustarroz-somos-muy-defensores-de-la-policia-local-aca-nos-da-resultados-positivos\/\" aria-label=\"Leer m\u00e1s sobre Ustarroz: \u201csomos muy defensores de la Polic\u00eda Local, ac\u00e1 nos da resultados positivos\u201d\">Leer m\u00e1s<\/a><\/p>\n","protected":false},"author":1,"featured_media":71376,"comment_status":"closed","ping_status":"open","sticky":false,"template":"","format":"standard","meta":{"_monsterinsights_skip_tracking":false,"_monsterinsights_sitenote_active":false,"_monsterinsights_sitenote_note":"","_monsterinsights_sitenote_category":0,"jetpack_post_was_ever_published":false,"_jetpack_newsletter_access":"","_jetpack_dont_email_post_to_subs":false,"_jetpack_newsletter_tier_id":0,"_jetpack_memberships_contains_paywalled_content":false,"_jetpack_memberships_contains_paid_content":false,"footnotes":"","jetpack_publicize_message":"","jetpack_publicize_feature_enabled":true,"jetpack_social_post_already_shared":true,"jetpack_social_options":{"image_generator_settings":{"template":"highway","default_image_id":0,"font":"","enabled":false},"version":2},"_wpas_customize_per_network":false},"categories":[30],"tags":[12502,12501,7538,7694,178,424],"class_list":["post-71374","post","type-post","status-publish","format-standard","has-post-thumbnail","hentry","category-municipio","tag-baja-del-delito-en-mercedes","tag-gimeno","tag-kelly","tag-policia-local-mercedes","tag-rossi","tag-ustarroz","generate-columns","tablet-grid-50","mobile-grid-100","grid-parent","grid-50"],"jetpack_publicize_connections":[],"jetpack_featured_media_url":"https:\/\/www.hoymercedes.com.ar\/principal\/wp-content\/uploads\/2018\/01\/DSC_0008.jpg","wps_subtitle":"Baja del delito en Mercedes","jetpack_sharing_enabled":true,"_links":{"self":[{"href":"https:\/\/www.hoymercedes.com.ar\/principal\/wp-json\/wp\/v2\/posts\/71374","targetHints":{"allow":["GET"]}}],"collection":[{"href":"https:\/\/www.hoymercedes.com.ar\/principal\/wp-json\/wp\/v2\/posts"}],"about":[{"href":"https:\/\/www.hoymercedes.com.ar\/principal\/wp-json\/wp\/v2\/types\/post"}],"author":[{"embeddable":true,"href":"https:\/\/www.hoymercedes.com.ar\/principal\/wp-json\/wp\/v2\/users\/1"}],"replies":[{"embeddable":true,"href":"https:\/\/www.hoymercedes.com.ar\/principal\/wp-json\/wp\/v2\/comments?post=71374"}],"version-history":[{"count":0,"href":"https:\/\/www.hoymercedes.com.ar\/principal\/wp-json\/wp\/v2\/posts\/71374\/revisions"}],"wp:featuredmedia":[{"embeddable":true,"href":"https:\/\/www.hoymercedes.com.ar\/principal\/wp-json\/wp\/v2\/media\/71376"}],"wp:attachment":[{"href":"https:\/\/www.hoymercedes.com.ar\/principal\/wp-json\/wp\/v2\/media?parent=71374"}],"wp:term":[{"taxonomy":"category","embeddable":true,"href":"https:\/\/www.hoymercedes.com.ar\/principal\/wp-json\/wp\/v2\/categories?post=71374"},{"taxonomy":"post_tag","embeddable":true,"href":"https:\/\/www.hoymercedes.com.ar\/principal\/wp-json\/wp\/v2\/tags?post=71374"}],"curies":[{"name":"wp","href":"https:\/\/api.w.org\/{rel}","templated":true}]}}