{"id":71379,"date":"2018-01-06T10:30:28","date_gmt":"2018-01-06T13:30:28","guid":{"rendered":"http:\/\/www.hoymercedes.com.ar\/principal\/?p=71379"},"modified":"2018-01-06T10:04:36","modified_gmt":"2018-01-06T13:04:36","slug":"policias-locales-continuan-recibiendo-apoyo-e-inversion-desde-el-municipio","status":"publish","type":"post","link":"https:\/\/www.hoymercedes.com.ar\/principal\/2018\/01\/06\/policias-locales-continuan-recibiendo-apoyo-e-inversion-desde-el-municipio\/","title":{"rendered":"Polic\u00edas locales contin\u00faan recibiendo apoyo e inversi\u00f3n desde el municipio"},"content":{"rendered":"<figure id=\"attachment_71380\" aria-describedby=\"caption-attachment-71380\" style=\"width: 620px\" class=\"wp-caption aligncenter\"><img loading=\"lazy\" decoding=\"async\" data-attachment-id=\"71380\" data-permalink=\"https:\/\/www.hoymercedes.com.ar\/principal\/2018\/01\/06\/policias-locales-continuan-recibiendo-apoyo-e-inversion-desde-el-municipio\/ustarroz-policialocal-beneficio-2\/#main\" data-orig-file=\"https:\/\/www.hoymercedes.com.ar\/principal\/wp-content\/uploads\/2018\/01\/Ustarroz-PoliciaLocal-Beneficio-2.jpg\" data-orig-size=\"730,487\" data-comments-opened=\"0\" data-image-meta=\"{&quot;aperture&quot;:&quot;0&quot;,&quot;credit&quot;:&quot;&quot;,&quot;camera&quot;:&quot;&quot;,&quot;caption&quot;:&quot;&quot;,&quot;created_timestamp&quot;:&quot;0&quot;,&quot;copyright&quot;:&quot;&quot;,&quot;focal_length&quot;:&quot;0&quot;,&quot;iso&quot;:&quot;0&quot;,&quot;shutter_speed&quot;:&quot;0&quot;,&quot;title&quot;:&quot;&quot;,&quot;orientation&quot;:&quot;0&quot;}\" data-image-title=\"Ustarroz-PoliciaLocal-Beneficio-2\" data-image-description=\"\" data-image-caption=\"&lt;p&gt;Nuevos equipos para Polic\u00edas Locales adquiridos por la Comuna&lt;\/p&gt;\n\" data-large-file=\"https:\/\/www.hoymercedes.com.ar\/principal\/wp-content\/uploads\/2018\/01\/Ustarroz-PoliciaLocal-Beneficio-2.jpg\" class=\"size-medium wp-image-71380\" src=\"https:\/\/www.hoymercedes.com.ar\/principal\/wp-content\/uploads\/2018\/01\/Ustarroz-PoliciaLocal-Beneficio-2-630x420.jpg\" alt=\"\" width=\"630\" height=\"420\" srcset=\"https:\/\/www.hoymercedes.com.ar\/principal\/wp-content\/uploads\/2018\/01\/Ustarroz-PoliciaLocal-Beneficio-2-630x420.jpg 630w, https:\/\/www.hoymercedes.com.ar\/principal\/wp-content\/uploads\/2018\/01\/Ustarroz-PoliciaLocal-Beneficio-2-150x100.jpg 150w, https:\/\/www.hoymercedes.com.ar\/principal\/wp-content\/uploads\/2018\/01\/Ustarroz-PoliciaLocal-Beneficio-2.jpg 730w\" sizes=\"auto, (max-width: 630px) 100vw, 630px\" \/><figcaption id=\"caption-attachment-71380\" class=\"wp-caption-text\">Nuevos equipos para Polic\u00edas Locales adquiridos por la Comuna<\/figcaption><\/figure>\n<p class=\"gmail-MsoNormal\">El intendente Ustarroz encabez\u00f3 un nuevo encuentro con los integrantes de la Polic\u00eda Local. En esta ocasi\u00f3n fue para realizar entrega de vestimentas, siendo un nuevo beneficio, entre varios entregados en el \u00faltimo tiempo, a la fuerza de prevenci\u00f3n y cercan\u00eda que existe en Mercedes contando con 206 efectivos. Vale recordar que la Comuna lleva invertidos en los \u00faltimos meses m\u00e1s de 13 millones de pesos en diversos dispositivos y gastos corrientes de las fuerzas de seguridad.<\/p>\n<p class=\"gmail-MsoNormal\">La reuni\u00f3n cont\u00f3 con la presencia de la Secretaria de Seguridad, doctora Josefina Kelly, el Director de Seguridad, Esteban Rossi y el Comisario de la fuerza Jos\u00e9 Lu\u00eds Gimeno. Fue en el llamado \u201csal\u00f3n dorado\u201d del ex Instituto Unzu\u00e9.<\/p>\n<p class=\"gmail-MsoNormal\">\u201cQuiero felicitarlos por todo el trabajo y servicio brindado. Los excelentes resultados en seguridad y resoluci\u00f3n de delitos tienen mucho de su tarea d\u00edaria. El vecino, el comerciante, todos nosotros sabemos lo importante que es la presencia del Polic\u00eda Local en las calles mercedinas\u201d, afirm\u00f3 entre otros varios conceptos el Jefe Comunal, doctor Juan Ignacio Ustarroz<\/p>\n<p class=\"gmail-MsoNormal\">Para Josefina Kelly es \u201cmuy importante el compromiso que tienen\u201d y \u201clo que brindan cotidianamente, para la seguridad, tranquilidad y acompa\u00f1amiento del vecino\u201d<\/p>\n<figure id=\"attachment_71381\" aria-describedby=\"caption-attachment-71381\" style=\"width: 620px\" class=\"wp-caption aligncenter\"><img loading=\"lazy\" decoding=\"async\" data-attachment-id=\"71381\" data-permalink=\"https:\/\/www.hoymercedes.com.ar\/principal\/2018\/01\/06\/policias-locales-continuan-recibiendo-apoyo-e-inversion-desde-el-municipio\/ustarroz-policialocal-beneficio\/#main\" data-orig-file=\"https:\/\/www.hoymercedes.com.ar\/principal\/wp-content\/uploads\/2018\/01\/Ustarroz-PoliciaLocal-Beneficio.jpg\" data-orig-size=\"730,487\" data-comments-opened=\"0\" data-image-meta=\"{&quot;aperture&quot;:&quot;0&quot;,&quot;credit&quot;:&quot;&quot;,&quot;camera&quot;:&quot;&quot;,&quot;caption&quot;:&quot;&quot;,&quot;created_timestamp&quot;:&quot;0&quot;,&quot;copyright&quot;:&quot;&quot;,&quot;focal_length&quot;:&quot;0&quot;,&quot;iso&quot;:&quot;0&quot;,&quot;shutter_speed&quot;:&quot;0&quot;,&quot;title&quot;:&quot;&quot;,&quot;orientation&quot;:&quot;0&quot;}\" data-image-title=\"Ustarroz-PoliciaLocal-Beneficio\" data-image-description=\"\" data-image-caption=\"&lt;p&gt;Polic\u00eda Local reunida con intendente &lt;\/p&gt;\n\" data-large-file=\"https:\/\/www.hoymercedes.com.ar\/principal\/wp-content\/uploads\/2018\/01\/Ustarroz-PoliciaLocal-Beneficio.jpg\" class=\"size-medium wp-image-71381\" src=\"https:\/\/www.hoymercedes.com.ar\/principal\/wp-content\/uploads\/2018\/01\/Ustarroz-PoliciaLocal-Beneficio-630x420.jpg\" alt=\"\" width=\"630\" height=\"420\" srcset=\"https:\/\/www.hoymercedes.com.ar\/principal\/wp-content\/uploads\/2018\/01\/Ustarroz-PoliciaLocal-Beneficio-630x420.jpg 630w, https:\/\/www.hoymercedes.com.ar\/principal\/wp-content\/uploads\/2018\/01\/Ustarroz-PoliciaLocal-Beneficio-150x100.jpg 150w, https:\/\/www.hoymercedes.com.ar\/principal\/wp-content\/uploads\/2018\/01\/Ustarroz-PoliciaLocal-Beneficio.jpg 730w\" sizes=\"auto, (max-width: 630px) 100vw, 630px\" \/><figcaption id=\"caption-attachment-71381\" class=\"wp-caption-text\">Polic\u00eda Local reunida con intendente<\/figcaption><\/figure>\n<p class=\"gmail-MsoNormal\">La fuerza se encuentra en un momento de debate dado que la Provincia quiere unificarla con la Bonaerense siendo Mercedes, Laprida y Chivilcoy ciudades que\u00a0 se oponen dado que entienden la misma cumple una gran tarea cada jornada en pos del cuidado de sus vecinos.<\/p>\n<p class=\"gmail-MsoNormal\">\u201cEstamos comenzando un a\u00f1o nuevo, satisfechos por el que pas\u00f3 y sosteniendo la decisi\u00f3n de invertir para que tengan las mejores condiciones posibles a la hora de prestar el servicio sabiendo impacta positivamente en ustedes y en la ciudadan\u00eda\u201d, expresaba Ustarroz.<\/p>\n<p class=\"gmail-MsoNormal\">Tras el encuentro el Comisario Gimeno y los responsables de la cartera de seguridad municipal continuaron con la entrega de los nuevos equipos que se suman a otros beneficios recientes, como las coberturas de los carnets profesionales y por supuesto los patrulleros, motos, c\u00e1maras y herramientas brindadas.<\/p>\n<figure id=\"attachment_71382\" aria-describedby=\"caption-attachment-71382\" style=\"width: 620px\" class=\"wp-caption aligncenter\"><img loading=\"lazy\" decoding=\"async\" data-attachment-id=\"71382\" data-permalink=\"https:\/\/www.hoymercedes.com.ar\/principal\/2018\/01\/06\/policias-locales-continuan-recibiendo-apoyo-e-inversion-desde-el-municipio\/ustarroz-policialocal-beneficio-3\/#main\" data-orig-file=\"https:\/\/www.hoymercedes.com.ar\/principal\/wp-content\/uploads\/2018\/01\/Ustarroz-PoliciaLocal-Beneficio-3.jpg\" data-orig-size=\"730,487\" data-comments-opened=\"0\" data-image-meta=\"{&quot;aperture&quot;:&quot;0&quot;,&quot;credit&quot;:&quot;&quot;,&quot;camera&quot;:&quot;&quot;,&quot;caption&quot;:&quot;&quot;,&quot;created_timestamp&quot;:&quot;0&quot;,&quot;copyright&quot;:&quot;&quot;,&quot;focal_length&quot;:&quot;0&quot;,&quot;iso&quot;:&quot;0&quot;,&quot;shutter_speed&quot;:&quot;0&quot;,&quot;title&quot;:&quot;&quot;,&quot;orientation&quot;:&quot;0&quot;}\" data-image-title=\"Ustarroz-PoliciaLocal-Beneficio-3\" data-image-description=\"\" data-image-caption=\"&lt;p&gt;Policia Local &lt;\/p&gt;\n\" data-large-file=\"https:\/\/www.hoymercedes.com.ar\/principal\/wp-content\/uploads\/2018\/01\/Ustarroz-PoliciaLocal-Beneficio-3.jpg\" class=\"size-medium wp-image-71382\" src=\"https:\/\/www.hoymercedes.com.ar\/principal\/wp-content\/uploads\/2018\/01\/Ustarroz-PoliciaLocal-Beneficio-3-630x420.jpg\" alt=\"\" width=\"630\" height=\"420\" srcset=\"https:\/\/www.hoymercedes.com.ar\/principal\/wp-content\/uploads\/2018\/01\/Ustarroz-PoliciaLocal-Beneficio-3-630x420.jpg 630w, https:\/\/www.hoymercedes.com.ar\/principal\/wp-content\/uploads\/2018\/01\/Ustarroz-PoliciaLocal-Beneficio-3-150x100.jpg 150w, https:\/\/www.hoymercedes.com.ar\/principal\/wp-content\/uploads\/2018\/01\/Ustarroz-PoliciaLocal-Beneficio-3.jpg 730w\" sizes=\"auto, (max-width: 630px) 100vw, 630px\" \/><figcaption id=\"caption-attachment-71382\" class=\"wp-caption-text\">Policia Local<\/figcaption><\/figure>\n<p><span style=\"color: #808080;\">Fuente: Municipio<\/span><\/p>\n","protected":false},"excerpt":{"rendered":"<p>El intendente Ustarroz encabez\u00f3 un nuevo encuentro con los integrantes de la Polic\u00eda Local. En esta ocasi\u00f3n fue para realizar &#8230; <a title=\"Polic\u00edas locales contin\u00faan recibiendo apoyo e inversi\u00f3n desde el municipio\" class=\"read-more\" href=\"https:\/\/www.hoymercedes.com.ar\/principal\/2018\/01\/06\/policias-locales-continuan-recibiendo-apoyo-e-inversion-desde-el-municipio\/\" aria-label=\"Leer m\u00e1s sobre Polic\u00edas locales contin\u00faan recibiendo apoyo e inversi\u00f3n desde el municipio\">Leer m\u00e1s<\/a><\/p>\n","protected":false},"author":1,"featured_media":71380,"comment_status":"closed","ping_status":"open","sticky":false,"template":"","format":"standard","meta":{"_monsterinsights_skip_tracking":false,"_monsterinsights_sitenote_active":false,"_monsterinsights_sitenote_note":"","_monsterinsights_sitenote_category":0,"jetpack_post_was_ever_published":false,"_jetpack_newsletter_access":"","_jetpack_dont_email_post_to_subs":false,"_jetpack_newsletter_tier_id":0,"_jetpack_memberships_contains_paywalled_content":false,"_jetpack_memberships_contains_paid_content":false,"footnotes":"","jetpack_publicize_message":"","jetpack_publicize_feature_enabled":true,"jetpack_social_post_already_shared":true,"jetpack_social_options":{"image_generator_settings":{"template":"highway","default_image_id":0,"font":"","enabled":false},"version":2},"_wpas_customize_per_network":false},"categories":[85],"tags":[12503,585,7694],"class_list":["post-71379","post","type-post","status-publish","format-standard","has-post-thumbnail","hentry","category-policial","tag-inversiin-en-seguridad","tag-juan-ustarroz","tag-policia-local-mercedes","generate-columns","tablet-grid-50","mobile-grid-100","grid-parent","grid-50"],"jetpack_publicize_connections":[],"jetpack_featured_media_url":"https:\/\/www.hoymercedes.com.ar\/principal\/wp-content\/uploads\/2018\/01\/Ustarroz-PoliciaLocal-Beneficio-2.jpg","wps_subtitle":"Nuevas vestimentas","jetpack_sharing_enabled":true,"_links":{"self":[{"href":"https:\/\/www.hoymercedes.com.ar\/principal\/wp-json\/wp\/v2\/posts\/71379","targetHints":{"allow":["GET"]}}],"collection":[{"href":"https:\/\/www.hoymercedes.com.ar\/principal\/wp-json\/wp\/v2\/posts"}],"about":[{"href":"https:\/\/www.hoymercedes.com.ar\/principal\/wp-json\/wp\/v2\/types\/post"}],"author":[{"embeddable":true,"href":"https:\/\/www.hoymercedes.com.ar\/principal\/wp-json\/wp\/v2\/users\/1"}],"replies":[{"embeddable":true,"href":"https:\/\/www.hoymercedes.com.ar\/principal\/wp-json\/wp\/v2\/comments?post=71379"}],"version-history":[{"count":0,"href":"https:\/\/www.hoymercedes.com.ar\/principal\/wp-json\/wp\/v2\/posts\/71379\/revisions"}],"wp:featuredmedia":[{"embeddable":true,"href":"https:\/\/www.hoymercedes.com.ar\/principal\/wp-json\/wp\/v2\/media\/71380"}],"wp:attachment":[{"href":"https:\/\/www.hoymercedes.com.ar\/principal\/wp-json\/wp\/v2\/media?parent=71379"}],"wp:term":[{"taxonomy":"category","embeddable":true,"href":"https:\/\/www.hoymercedes.com.ar\/principal\/wp-json\/wp\/v2\/categories?post=71379"},{"taxonomy":"post_tag","embeddable":true,"href":"https:\/\/www.hoymercedes.com.ar\/principal\/wp-json\/wp\/v2\/tags?post=71379"}],"curies":[{"name":"wp","href":"https:\/\/api.w.org\/{rel}","templated":true}]}}