{"id":7144,"date":"2011-09-12T01:35:40","date_gmt":"2011-09-12T01:35:40","guid":{"rendered":"http:\/\/www.hoymercedes.com.ar\/principal\/?p=7144"},"modified":"2011-09-12T01:35:40","modified_gmt":"2011-09-12T01:35:40","slug":"inauguraron-extension-2011-del-instituto-superior-de-formacion-docente-y-tecnica-n%c2%b0-7","status":"publish","type":"post","link":"https:\/\/www.hoymercedes.com.ar\/principal\/2011\/09\/12\/inauguraron-extension-2011-del-instituto-superior-de-formacion-docente-y-tecnica-n%c2%b0-7\/","title":{"rendered":"Inauguraron Extensi\u00f3n 2011 del Instituto Superior de Formaci\u00f3n Docente y T\u00e9cnica N\u00b0 7"},"content":{"rendered":"<p>El viernes a las 15 horas en la Unidad N\u00b0 5 se inauguro la Extensi\u00f3n del Instituto Superior de Formaci\u00f3n Docente y T\u00e9cnica N\u00b0 7, con dos carreras terciarias Administraci\u00f3n con Orientaci\u00f3n en Peque\u00f1as y Medianas Empresas (PYMES) y la Tecnicatura Superior en Administraci\u00f3n Agropecuaria.<\/p>\n<p>Con la presencia del Intendente Municipal Carlos Selva, del Director de Educaci\u00f3n T\u00e9cnica Superior de la Direcci\u00f3n General de Escuelas Profesor Fernando Lubo, Juez de Ejecuci\u00f3n N\u00b0 2 Dr. Ricardo Oliveira Bucarini, Presidente de la C\u00e1mara Econ\u00f3mica Cesar San Mart\u00edn, del IDEI Jorge Cordal, el Director de la Unidad 5 Meliton Gines, la Directora del I.S.F.D. y T. N\u00b0 7 Susana Stabile, autoridades de educaci\u00f3n del distrito, de las escuelas con asiento en la Unidad, profesores y maestros, entre otros invitados.<\/p>\n<p>Motivados por un trabajo conjunto entre las autoridades Penitenciarias y del I.S.F.D. y T. N\u00b0 7, se llego a este gran d\u00eda donde se logra que los internos puedan continuar sus estudios y no quedar sin esa posibilidad una vez concluida la secundaria dentro de la Unidad. Hoy tendr\u00e1n una posibilidad m\u00e1s que es estudiar de T\u00e9cnicos en administraci\u00f3n, -o como ya hace una a\u00f1o de Enfermeros- lo cual han sido dos grandes logros de gesti\u00f3n mancomunado esfuerzos de diversas instituciones.<\/p>\n<p>Las palabras de los dos Directivos de las Instituciones que se unen Meliton Gines de la U.5 y Susana Stabile de I.S.F.D. y T. N\u00b0 7, coincidieron en el agradecimiento al Intendente Municipal por su gesti\u00f3n y esfuerzo, al Director de la Rama T\u00e9cnica y Superior de la D.G.C.y Educaci\u00f3n Fernando Lubo, que se puso este proyecto como personal por su trayectoria en Mercedes, y por el convencimiento de que la educaci\u00f3n trae oportunidades, al Juez Bucarini por su apoyo, y a la Hermana Estela Buet, que no pudo estar presente pero muy valorado su trabajo para que se apruebe esta Extensi\u00f3n.<\/p>\n<p>La Resoluci\u00f3n por la que aprueba esta Extensi\u00f3n es muy clara al respecto dice \u201cQue la Direcci\u00f3n General de Cultura y Educaci\u00f3n promueve acciones tendientes a procurar ofertas educativas que respondan a las necesidades particulares de las personas que se encuentren en instituciones de r\u00e9gimen cerrado; que en las condiciones espec\u00edficas de este \u00e1mbito, todos los j\u00f3venes, adultos y adultos mayores tendr\u00e1n derecho al acceso, permanencia y tr\u00e1nsito en todos los Niveles y Modalidades del sistema educativo permitiendo la continuidad en forma posterior a la medida restrictiva de la privaci\u00f3n de la libertad. Que en este sentido, la Educaci\u00f3n de los internos alojados en Unidades Penitenciarias debe ser garantizado por el Estado\u2026\u201d.<\/p>\n<p>Por su parte Lubo &#8211; Director de la Rama T\u00e9cnica y Superior de la D.G.C y E.-, hablo desde su experiencia y compromiso, de tener una vida dedicada al trabajo y al estudio a la vez, por lo que sabe que la educaci\u00f3n es un camino de esfuerzo y compromiso para lograrlo, pero que da las oportunidades necesarias para el trabajo. Cont\u00f3 que conoce mucho Mercedes porque vivi\u00f3 unos a\u00f1os aqu\u00ed y que su trabajo es articular las Escuelas Secundarias T\u00e9cnicas con los Institutos terciarios T\u00e9cnicos para que tengan una continuidad en la formaci\u00f3n los alumnos.<\/p>\n<p>Por \u00faltimo el Intendente Municipal resalto esta Resoluci\u00f3n, la que habla de las oportunidades a todas las personas de recibir educaci\u00f3n, de la importancia que tuvo para \u00e9l, esta gesti\u00f3n, para llegar a este resultado. Valoro la forma de trabajo de la Unidad 5, que hace a\u00f1os se viene caracterizando por fomentar y brindar educaci\u00f3n a los internos. A estos \u00faltimos les dijo que valoren y aprovechen esta oportunidad que se les abre hoy para ellos.<\/p>\n","protected":false},"excerpt":{"rendered":"<p>El viernes a las 15 horas en la Unidad N\u00b0 5 se inauguro la Extensi\u00f3n del Instituto Superior de Formaci\u00f3n &#8230; <a title=\"Inauguraron Extensi\u00f3n 2011 del Instituto Superior de Formaci\u00f3n Docente y T\u00e9cnica N\u00b0 7\" class=\"read-more\" href=\"https:\/\/www.hoymercedes.com.ar\/principal\/2011\/09\/12\/inauguraron-extension-2011-del-instituto-superior-de-formacion-docente-y-tecnica-n%c2%b0-7\/\" aria-label=\"Leer m\u00e1s sobre Inauguraron Extensi\u00f3n 2011 del Instituto Superior de Formaci\u00f3n Docente y T\u00e9cnica N\u00b0 7\">Leer m\u00e1s<\/a><\/p>\n","protected":false},"author":1,"featured_media":0,"comment_status":"open","ping_status":"open","sticky":false,"template":"","format":"standard","meta":{"_monsterinsights_skip_tracking":false,"_monsterinsights_sitenote_active":false,"_monsterinsights_sitenote_note":"","_monsterinsights_sitenote_category":0,"jetpack_post_was_ever_published":false,"_jetpack_newsletter_access":"","_jetpack_dont_email_post_to_subs":false,"_jetpack_newsletter_tier_id":0,"_jetpack_memberships_contains_paywalled_content":false,"_jetpack_memberships_contains_paid_content":false,"footnotes":"","jetpack_publicize_message":"","jetpack_publicize_feature_enabled":true,"jetpack_social_post_already_shared":false,"jetpack_social_options":{"image_generator_settings":{"template":"highway","default_image_id":0,"font":"","enabled":false},"version":2},"_wpas_customize_per_network":false},"categories":[8],"tags":[1265],"class_list":["post-7144","post","type-post","status-publish","format-standard","hentry","category-sociedad","tag-extension-2011","generate-columns","tablet-grid-50","mobile-grid-100","grid-parent","grid-50"],"jetpack_publicize_connections":[],"jetpack_featured_media_url":"","wps_subtitle":"","jetpack_sharing_enabled":true,"_links":{"self":[{"href":"https:\/\/www.hoymercedes.com.ar\/principal\/wp-json\/wp\/v2\/posts\/7144","targetHints":{"allow":["GET"]}}],"collection":[{"href":"https:\/\/www.hoymercedes.com.ar\/principal\/wp-json\/wp\/v2\/posts"}],"about":[{"href":"https:\/\/www.hoymercedes.com.ar\/principal\/wp-json\/wp\/v2\/types\/post"}],"author":[{"embeddable":true,"href":"https:\/\/www.hoymercedes.com.ar\/principal\/wp-json\/wp\/v2\/users\/1"}],"replies":[{"embeddable":true,"href":"https:\/\/www.hoymercedes.com.ar\/principal\/wp-json\/wp\/v2\/comments?post=7144"}],"version-history":[{"count":0,"href":"https:\/\/www.hoymercedes.com.ar\/principal\/wp-json\/wp\/v2\/posts\/7144\/revisions"}],"wp:attachment":[{"href":"https:\/\/www.hoymercedes.com.ar\/principal\/wp-json\/wp\/v2\/media?parent=7144"}],"wp:term":[{"taxonomy":"category","embeddable":true,"href":"https:\/\/www.hoymercedes.com.ar\/principal\/wp-json\/wp\/v2\/categories?post=7144"},{"taxonomy":"post_tag","embeddable":true,"href":"https:\/\/www.hoymercedes.com.ar\/principal\/wp-json\/wp\/v2\/tags?post=7144"}],"curies":[{"name":"wp","href":"https:\/\/api.w.org\/{rel}","templated":true}]}}