{"id":71463,"date":"2018-01-09T10:29:19","date_gmt":"2018-01-09T13:29:19","guid":{"rendered":"http:\/\/www.hoymercedes.com.ar\/principal\/?p=71463"},"modified":"2018-01-09T10:29:19","modified_gmt":"2018-01-09T13:29:19","slug":"la-musica-llego-a-las-plazas-de-la-ciudad-y-continuara-los-fines-de-semana","status":"publish","type":"post","link":"https:\/\/www.hoymercedes.com.ar\/principal\/2018\/01\/09\/la-musica-llego-a-las-plazas-de-la-ciudad-y-continuara-los-fines-de-semana\/","title":{"rendered":"La m\u00fasica lleg\u00f3 a las plazas de la ciudad y continuar\u00e1 los fines de semana"},"content":{"rendered":"<p>El pasado s\u00e1bado comenz\u00f3 \u201cM\u00fasica en las plazas\u201d con una importante cantidad de asistencia.\u00a0El ciclo que organiza la Direcci\u00f3n de Cultura dio comienzo en el Barrio San Jos\u00e9 y continu\u00f3 en la Plaza San Mart\u00edn. El d\u00eda 13 de enero estar\u00e1 en el Barrio Unidad y Progreso y el domingo 14, en Plaza San Luis. En la inauguraci\u00f3n, estuvo presente el Intendente Ustarroz y destac\u00f3 el trabajo realizado por todo su equipo. Hubo concursos de baile, feria, cantina y mucha alegr\u00eda en dos noches con un clima ideal.<\/p>\n<p><img loading=\"lazy\" decoding=\"async\" data-attachment-id=\"71465\" data-permalink=\"https:\/\/www.hoymercedes.com.ar\/principal\/2018\/01\/09\/la-musica-llego-a-las-plazas-de-la-ciudad-y-continuara-los-fines-de-semana\/09-musica-plaza-2\/#main\" data-orig-file=\"https:\/\/www.hoymercedes.com.ar\/principal\/wp-content\/uploads\/2018\/01\/09-musica-plaza-2.jpg\" data-orig-size=\"750,500\" data-comments-opened=\"0\" data-image-meta=\"{&quot;aperture&quot;:&quot;3.5&quot;,&quot;credit&quot;:&quot;&quot;,&quot;camera&quot;:&quot;Canon EOS 100D&quot;,&quot;caption&quot;:&quot;&quot;,&quot;created_timestamp&quot;:&quot;1515281465&quot;,&quot;copyright&quot;:&quot;&quot;,&quot;focal_length&quot;:&quot;18&quot;,&quot;iso&quot;:&quot;4000&quot;,&quot;shutter_speed&quot;:&quot;0.025&quot;,&quot;title&quot;:&quot;&quot;,&quot;orientation&quot;:&quot;1&quot;}\" data-image-title=\"09 musica plaza 2\" data-image-description=\"\" data-image-caption=\"\" data-large-file=\"https:\/\/www.hoymercedes.com.ar\/principal\/wp-content\/uploads\/2018\/01\/09-musica-plaza-2.jpg\" class=\"size-medium wp-image-71465 aligncenter\" src=\"https:\/\/www.hoymercedes.com.ar\/principal\/wp-content\/uploads\/2018\/01\/09-musica-plaza-2-630x420.jpg\" alt=\"\" width=\"630\" height=\"420\" srcset=\"https:\/\/www.hoymercedes.com.ar\/principal\/wp-content\/uploads\/2018\/01\/09-musica-plaza-2-630x420.jpg 630w, https:\/\/www.hoymercedes.com.ar\/principal\/wp-content\/uploads\/2018\/01\/09-musica-plaza-2-150x100.jpg 150w, https:\/\/www.hoymercedes.com.ar\/principal\/wp-content\/uploads\/2018\/01\/09-musica-plaza-2.jpg 750w\" sizes=\"auto, (max-width: 630px) 100vw, 630px\" \/><\/p>\n<p>El s\u00e1bado 6 de enero dio comienzo el ciclo 2018 de \u201cM\u00fasica en las plazas\u201d, la propuesta que organiza la Direcci\u00f3n de Cultura de la Municipalidad de Mercedes dentro de las actividades que integran la temporada veraniega del programa \u201cViv\u00ed Mercedes\u201d.<\/p>\n<p>La primera edici\u00f3n se desarroll\u00f3 en la Plaza del Barrio San Jos\u00e9, frente a las puertas de la Iglesia que desde hace varias temporadas es testigo de cada inicio de ciclo. All\u00ed estuvieron presentes la m\u00e1xima responsable del \u00e1rea cultural, Luc\u00eda Capaccio y el Intendente de Mercedes, Dr. Juan I. Ustarroz quien inaugur\u00f3 oficialmente la jornada.<\/p>\n<p>\u201cEs muy importante continuar con estas noches de m\u00fasica en las distintas barriadas para que los vecinos puedan divertirse y pasar un grato momento juntos\u201d, remarc\u00f3 Ustarroz, quien no se demor\u00f3 en destacar el trabajo realizado por su equipo: \u201cDebo felicitar el gran despliegue que hacen los trabajadores del corral\u00f3n como as\u00ed tambi\u00e9n quienes son parte de la Direcci\u00f3n de Cultura para que no falte nada en ninguna noche\u201d, culmin\u00f3.<\/p>\n<p><img loading=\"lazy\" decoding=\"async\" data-attachment-id=\"71464\" data-permalink=\"https:\/\/www.hoymercedes.com.ar\/principal\/2018\/01\/09\/la-musica-llego-a-las-plazas-de-la-ciudad-y-continuara-los-fines-de-semana\/09-musica-plaza-1\/#main\" data-orig-file=\"https:\/\/www.hoymercedes.com.ar\/principal\/wp-content\/uploads\/2018\/01\/09-musica-plaza-1.jpg\" data-orig-size=\"750,500\" data-comments-opened=\"0\" data-image-meta=\"{&quot;aperture&quot;:&quot;4&quot;,&quot;credit&quot;:&quot;&quot;,&quot;camera&quot;:&quot;Canon EOS 100D&quot;,&quot;caption&quot;:&quot;&quot;,&quot;created_timestamp&quot;:&quot;1515281347&quot;,&quot;copyright&quot;:&quot;&quot;,&quot;focal_length&quot;:&quot;18&quot;,&quot;iso&quot;:&quot;6400&quot;,&quot;shutter_speed&quot;:&quot;0.033333333333333&quot;,&quot;title&quot;:&quot;&quot;,&quot;orientation&quot;:&quot;1&quot;}\" data-image-title=\"09 musica plaza 1\" data-image-description=\"\" data-image-caption=\"\" data-large-file=\"https:\/\/www.hoymercedes.com.ar\/principal\/wp-content\/uploads\/2018\/01\/09-musica-plaza-1.jpg\" class=\"size-medium wp-image-71464 aligncenter\" src=\"https:\/\/www.hoymercedes.com.ar\/principal\/wp-content\/uploads\/2018\/01\/09-musica-plaza-1-630x420.jpg\" alt=\"\" width=\"630\" height=\"420\" srcset=\"https:\/\/www.hoymercedes.com.ar\/principal\/wp-content\/uploads\/2018\/01\/09-musica-plaza-1-630x420.jpg 630w, https:\/\/www.hoymercedes.com.ar\/principal\/wp-content\/uploads\/2018\/01\/09-musica-plaza-1-150x100.jpg 150w, https:\/\/www.hoymercedes.com.ar\/principal\/wp-content\/uploads\/2018\/01\/09-musica-plaza-1.jpg 750w\" sizes=\"auto, (max-width: 630px) 100vw, 630px\" \/><\/p>\n<p>Una vez realizada la inauguraci\u00f3n oficial, subi\u00f3 al escenario \u201cRevoluci\u00f3n Folcklore\u201d para brindar un ajustado show en el primer turno antes de actuar en la Pe\u00f1a Folkl\u00f3rica a beneficio del artista Gonzalo Jes\u00fas que se desarroll\u00f3 en simult\u00e1neo en el predio del C. C. La Trocha.<\/p>\n<p>M\u00e1s tarde, la combinaci\u00f3n tropical lleg\u00f3 al escenario principal con la aparici\u00f3n en p\u00fablico de la banda \u201cEl Corte\u201d que ofreci\u00f3 un set cargado de \u00e9xitos durante casi una hora de show.<\/p>\n<p>Por \u00faltimo, el jurado vot\u00f3 las primeras parejas finalistas de cumbia y cuarteto en el gran concurso de baile que determinar\u00e1 al ganador general durante la \u00faltima noche en La trocha.<\/p>\n<p>Con un importante marco de p\u00fablico cerr\u00f3 la primera gran noche de \u201cM\u00fasica en las plazas\u201d en el Barrio San Jos\u00e9, la prueba de fuego que le dio paso a la segunda jornada en el centro de la ciudad, frente al Centro Cultural Teatro Argentino \u00abInt. Julio C. Gioscio\u00bb y que cont\u00f3 con la presencia de dos j\u00f3venes exitosos en el plano musical: Pablo Aschero y Gonzalo Jes\u00fas.<\/p>\n<p>Las pr\u00f3ximas ediciones continuar\u00e1n visitando los distintos barrios y culminar\u00e1n con el mes de enero, justo antes de los carnavales mercedinos. El venidero s\u00e1bado 13 de enero, la propuesta es vivir el verano en la Plaza del Barrio Unidad y Progreso con Los L\u00f3pez Heredia, Fernanda Ottolini y Camilo Rojas a partir de la hora 21. En tanto, el domingo 14 el escenario se traslada a la Plaza San Luis donde actuar\u00e1n Las Malvones, Oscar Rossello y Menta Lim\u00f3n.<\/p>\n","protected":false},"excerpt":{"rendered":"<p>El pasado s\u00e1bado comenz\u00f3 \u201cM\u00fasica en las plazas\u201d con una importante cantidad de asistencia.\u00a0El ciclo que organiza la Direcci\u00f3n de &#8230; <a title=\"La m\u00fasica lleg\u00f3 a las plazas de la ciudad y continuar\u00e1 los fines de semana\" class=\"read-more\" href=\"https:\/\/www.hoymercedes.com.ar\/principal\/2018\/01\/09\/la-musica-llego-a-las-plazas-de-la-ciudad-y-continuara-los-fines-de-semana\/\" aria-label=\"Leer m\u00e1s sobre La m\u00fasica lleg\u00f3 a las plazas de la ciudad y continuar\u00e1 los fines de semana\">Leer m\u00e1s<\/a><\/p>\n","protected":false},"author":1,"featured_media":71464,"comment_status":"closed","ping_status":"open","sticky":false,"template":"","format":"standard","meta":{"_monsterinsights_skip_tracking":false,"_monsterinsights_sitenote_active":false,"_monsterinsights_sitenote_note":"","_monsterinsights_sitenote_category":0,"jetpack_post_was_ever_published":false,"_jetpack_newsletter_access":"","_jetpack_dont_email_post_to_subs":false,"_jetpack_newsletter_tier_id":0,"_jetpack_memberships_contains_paywalled_content":false,"_jetpack_memberships_contains_paid_content":false,"footnotes":"","jetpack_publicize_message":"","jetpack_publicize_feature_enabled":true,"jetpack_social_post_already_shared":true,"jetpack_social_options":{"image_generator_settings":{"template":"highway","default_image_id":0,"font":"","enabled":false},"version":2},"_wpas_customize_per_network":false},"categories":[104],"tags":[7805,739,10,244,8539,10455],"class_list":["post-71463","post","type-post","status-publish","format-standard","has-post-thumbnail","hentry","category-cultura","tag-cultura","tag-direccion-de-cultura","tag-mercedes","tag-municipio-2","tag-musica","tag-musica-en-las-plazas","generate-columns","tablet-grid-50","mobile-grid-100","grid-parent","grid-50"],"jetpack_publicize_connections":[],"jetpack_featured_media_url":"https:\/\/www.hoymercedes.com.ar\/principal\/wp-content\/uploads\/2018\/01\/09-musica-plaza-1.jpg","wps_subtitle":"Verano en Mercedes","jetpack_sharing_enabled":true,"_links":{"self":[{"href":"https:\/\/www.hoymercedes.com.ar\/principal\/wp-json\/wp\/v2\/posts\/71463","targetHints":{"allow":["GET"]}}],"collection":[{"href":"https:\/\/www.hoymercedes.com.ar\/principal\/wp-json\/wp\/v2\/posts"}],"about":[{"href":"https:\/\/www.hoymercedes.com.ar\/principal\/wp-json\/wp\/v2\/types\/post"}],"author":[{"embeddable":true,"href":"https:\/\/www.hoymercedes.com.ar\/principal\/wp-json\/wp\/v2\/users\/1"}],"replies":[{"embeddable":true,"href":"https:\/\/www.hoymercedes.com.ar\/principal\/wp-json\/wp\/v2\/comments?post=71463"}],"version-history":[{"count":0,"href":"https:\/\/www.hoymercedes.com.ar\/principal\/wp-json\/wp\/v2\/posts\/71463\/revisions"}],"wp:featuredmedia":[{"embeddable":true,"href":"https:\/\/www.hoymercedes.com.ar\/principal\/wp-json\/wp\/v2\/media\/71464"}],"wp:attachment":[{"href":"https:\/\/www.hoymercedes.com.ar\/principal\/wp-json\/wp\/v2\/media?parent=71463"}],"wp:term":[{"taxonomy":"category","embeddable":true,"href":"https:\/\/www.hoymercedes.com.ar\/principal\/wp-json\/wp\/v2\/categories?post=71463"},{"taxonomy":"post_tag","embeddable":true,"href":"https:\/\/www.hoymercedes.com.ar\/principal\/wp-json\/wp\/v2\/tags?post=71463"}],"curies":[{"name":"wp","href":"https:\/\/api.w.org\/{rel}","templated":true}]}}