{"id":71481,"date":"2018-01-10T10:25:49","date_gmt":"2018-01-10T13:25:49","guid":{"rendered":"http:\/\/www.hoymercedes.com.ar\/principal\/?p=71481"},"modified":"2018-01-10T12:32:20","modified_gmt":"2018-01-10T15:32:20","slug":"mateadas-para-adultos-mayores-en-el-barrio-blandengue-y-alrededores","status":"publish","type":"post","link":"https:\/\/www.hoymercedes.com.ar\/principal\/2018\/01\/10\/mateadas-para-adultos-mayores-en-el-barrio-blandengue-y-alrededores\/","title":{"rendered":"Mateadas para Adultos Mayores en el Barrio Blandengue y alrededores"},"content":{"rendered":"<p>La Direcci\u00f3n de Adultos Mayores de la Municipalidad de Mercedes hace extensiva la invitaci\u00f3n para el encuentro y mateada en el Centro Comunitario Blandengue (calle 105 entre 12 y 14). Los encuentros ser\u00e1n los mi\u00e9rcoles 10 y 24 de enero y los mi\u00e9rcoles 7 y 21 de febrero, a partir de la hora 18.<\/p>\n","protected":false},"excerpt":{"rendered":"<p>La Direcci\u00f3n de Adultos Mayores de la Municipalidad de Mercedes hace extensiva la invitaci\u00f3n para el encuentro y mateada en &#8230; <a title=\"Mateadas para Adultos Mayores en el Barrio Blandengue y alrededores\" class=\"read-more\" href=\"https:\/\/www.hoymercedes.com.ar\/principal\/2018\/01\/10\/mateadas-para-adultos-mayores-en-el-barrio-blandengue-y-alrededores\/\" aria-label=\"Leer m\u00e1s sobre Mateadas para Adultos Mayores en el Barrio Blandengue y alrededores\">Leer m\u00e1s<\/a><\/p>\n","protected":false},"author":1,"featured_media":71482,"comment_status":"closed","ping_status":"open","sticky":false,"template":"","format":"standard","meta":{"_monsterinsights_skip_tracking":false,"_monsterinsights_sitenote_active":false,"_monsterinsights_sitenote_note":"","_monsterinsights_sitenote_category":0,"jetpack_post_was_ever_published":false,"_jetpack_newsletter_access":"","_jetpack_dont_email_post_to_subs":false,"_jetpack_newsletter_tier_id":0,"_jetpack_memberships_contains_paywalled_content":false,"_jetpack_memberships_contains_paid_content":false,"footnotes":"","jetpack_publicize_message":"","jetpack_publicize_feature_enabled":true,"jetpack_social_post_already_shared":true,"jetpack_social_options":{"image_generator_settings":{"template":"highway","default_image_id":0,"font":"","enabled":false},"version":2},"_wpas_customize_per_network":false},"categories":[8],"tags":[8806,10,244,7802],"class_list":["post-71481","post","type-post","status-publish","format-standard","has-post-thumbnail","hentry","category-sociedad","tag-direccion-de-adultos-mayores","tag-mercedes","tag-municipio-2","tag-sociedad","generate-columns","tablet-grid-50","mobile-grid-100","grid-parent","grid-50"],"jetpack_publicize_connections":[],"jetpack_featured_media_url":"https:\/\/www.hoymercedes.com.ar\/principal\/wp-content\/uploads\/2018\/01\/10-mateada-adultos-mayores.jpg","wps_subtitle":"Mi\u00e9rcoles de enero y febrero","jetpack_sharing_enabled":true,"_links":{"self":[{"href":"https:\/\/www.hoymercedes.com.ar\/principal\/wp-json\/wp\/v2\/posts\/71481","targetHints":{"allow":["GET"]}}],"collection":[{"href":"https:\/\/www.hoymercedes.com.ar\/principal\/wp-json\/wp\/v2\/posts"}],"about":[{"href":"https:\/\/www.hoymercedes.com.ar\/principal\/wp-json\/wp\/v2\/types\/post"}],"author":[{"embeddable":true,"href":"https:\/\/www.hoymercedes.com.ar\/principal\/wp-json\/wp\/v2\/users\/1"}],"replies":[{"embeddable":true,"href":"https:\/\/www.hoymercedes.com.ar\/principal\/wp-json\/wp\/v2\/comments?post=71481"}],"version-history":[{"count":0,"href":"https:\/\/www.hoymercedes.com.ar\/principal\/wp-json\/wp\/v2\/posts\/71481\/revisions"}],"wp:featuredmedia":[{"embeddable":true,"href":"https:\/\/www.hoymercedes.com.ar\/principal\/wp-json\/wp\/v2\/media\/71482"}],"wp:attachment":[{"href":"https:\/\/www.hoymercedes.com.ar\/principal\/wp-json\/wp\/v2\/media?parent=71481"}],"wp:term":[{"taxonomy":"category","embeddable":true,"href":"https:\/\/www.hoymercedes.com.ar\/principal\/wp-json\/wp\/v2\/categories?post=71481"},{"taxonomy":"post_tag","embeddable":true,"href":"https:\/\/www.hoymercedes.com.ar\/principal\/wp-json\/wp\/v2\/tags?post=71481"}],"curies":[{"name":"wp","href":"https:\/\/api.w.org\/{rel}","templated":true}]}}